{"id":978,"date":"2018-03-21T16:55:42","date_gmt":"2018-03-21T16:55:42","guid":{"rendered":"http:\/\/husbilenfrida.se\/?p=978"},"modified":"2018-03-21T16:55:42","modified_gmt":"2018-03-21T16:55:42","slug":"180319-svansjon-tysslingen-dag-1","status":"publish","type":"post","link":"https:\/\/husbilenfrida.se\/?p=978","title":{"rendered":"180319 Svansj\u00f6n Tysslingen dag 1."},"content":{"rendered":"<p><a href=\"http:\/\/media.husbilenfrida.se\/2018\/03\/Tysslingen.jpg\"><img loading=\"lazy\" decoding=\"async\" class=\"alignnone wp-image-986\" src=\"http:\/\/media.husbilenfrida.se\/2018\/03\/Tysslingen-280x300.jpg\" alt=\"\" width=\"560\" height=\"600\" srcset=\"https:\/\/media.husbilenfrida.se\/2018\/03\/Tysslingen-280x300.jpg 280w, https:\/\/media.husbilenfrida.se\/2018\/03\/Tysslingen.jpg 561w\" sizes=\"auto, (max-width: 560px) 85vw, 560px\" \/><\/a><\/p>\n<p>P\u00e5 v\u00e4gen fr\u00e5n Falun passerade vi Borl\u00e4nge och d\u00e4r gjorde vi en kort visit hemma hos Ylva och Tore s\u00e5 det blev en trevlig pratsund och s\u00e5 fick vi &#8221;Gofika&#8221; d\u00e4r.<br \/>\n<em>Klicka p\u00e5 bilderna f\u00f6r att se dom st\u00f6rre.<\/em><br \/>\n<a href=\"http:\/\/media.husbilenfrida.se\/2018\/03\/1-DSC02972.jpg\"><img loading=\"lazy\" decoding=\"async\" class=\"alignnone wp-image-980\" src=\"http:\/\/media.husbilenfrida.se\/2018\/03\/1-DSC02972-300x195.jpg\" alt=\"\" width=\"600\" height=\"390\" srcset=\"https:\/\/media.husbilenfrida.se\/2018\/03\/1-DSC02972-300x195.jpg 300w, https:\/\/media.husbilenfrida.se\/2018\/03\/1-DSC02972-768x499.jpg 768w, https:\/\/media.husbilenfrida.se\/2018\/03\/1-DSC02972-1024x666.jpg 1024w, https:\/\/media.husbilenfrida.se\/2018\/03\/1-DSC02972-1200x780.jpg 1200w\" sizes=\"auto, (max-width: 709px) 85vw, (max-width: 909px) 67vw, (max-width: 984px) 61vw, (max-width: 1362px) 45vw, 600px\" \/><br \/>\n<\/a>D\u00e5 har vi\u00a0 l\u00e4mnat Falun och landat vid Tysslingen. Vi s\u00e5g att S\u00e5ngsvanarna har b\u00f6rjat anl\u00e4nda dit i dag, inte s\u00e5 m\u00e5nga bara 13 st. I morgon hoppas vi p\u00e5 att det kommer in flera hundra S\u00e5ngsvanar. Nu tror vi att v\u00e5ren \u00e4ntligen \u00e4r p\u00e5 G.<br \/>\n<a href=\"http:\/\/media.husbilenfrida.se\/2018\/03\/0-DSC02975.jpg\"><img loading=\"lazy\" decoding=\"async\" class=\"alignnone wp-image-979\" src=\"http:\/\/media.husbilenfrida.se\/2018\/03\/0-DSC02975-300x200.jpg\" alt=\"\" width=\"600\" height=\"400\" srcset=\"https:\/\/media.husbilenfrida.se\/2018\/03\/0-DSC02975-300x200.jpg 300w, https:\/\/media.husbilenfrida.se\/2018\/03\/0-DSC02975-768x512.jpg 768w, https:\/\/media.husbilenfrida.se\/2018\/03\/0-DSC02975-1024x683.jpg 1024w, https:\/\/media.husbilenfrida.se\/2018\/03\/0-DSC02975-1200x800.jpg 1200w\" sizes=\"auto, (max-width: 709px) 85vw, (max-width: 909px) 67vw, (max-width: 984px) 61vw, (max-width: 1362px) 45vw, 600px\" \/><\/a>Fin st\u00e4llplats med plats f\u00f6r 3-4 husbilar, kostar bara 100:- inkl el och sen f\u00e5r man tillg\u00e5ng till deras toalett!<\/p>\n<p>H\u00e4r ser man dagens f\u00e5gelr\u00e4kning.<br \/>\n<a href=\"http:\/\/media.husbilenfrida.se\/2018\/03\/1-DSC02974.jpg\"><img loading=\"lazy\" decoding=\"async\" class=\"alignnone wp-image-981\" src=\"http:\/\/media.husbilenfrida.se\/2018\/03\/1-DSC02974-200x300.jpg\" alt=\"\" width=\"400\" height=\"600\" srcset=\"https:\/\/media.husbilenfrida.se\/2018\/03\/1-DSC02974-200x300.jpg 200w, https:\/\/media.husbilenfrida.se\/2018\/03\/1-DSC02974-768x1152.jpg 768w, https:\/\/media.husbilenfrida.se\/2018\/03\/1-DSC02974-683x1024.jpg 683w, https:\/\/media.husbilenfrida.se\/2018\/03\/1-DSC02974-1200x1800.jpg 1200w, https:\/\/media.husbilenfrida.se\/2018\/03\/1-DSC02974.jpg 1657w\" sizes=\"auto, (max-width: 400px) 85vw, 400px\" \/><\/a><\/p>\n<p><a href=\"http:\/\/media.husbilenfrida.se\/2018\/03\/1_DSC1618.jpg\"><img loading=\"lazy\" decoding=\"async\" class=\"alignnone wp-image-982\" src=\"http:\/\/media.husbilenfrida.se\/2018\/03\/1_DSC1618-300x200.jpg\" alt=\"\" width=\"600\" height=\"400\" srcset=\"https:\/\/media.husbilenfrida.se\/2018\/03\/1_DSC1618-300x200.jpg 300w, https:\/\/media.husbilenfrida.se\/2018\/03\/1_DSC1618-768x512.jpg 768w, https:\/\/media.husbilenfrida.se\/2018\/03\/1_DSC1618-1024x682.jpg 1024w, https:\/\/media.husbilenfrida.se\/2018\/03\/1_DSC1618-1200x800.jpg 1200w, https:\/\/media.husbilenfrida.se\/2018\/03\/1_DSC1618.jpg 1654w\" sizes=\"auto, (max-width: 709px) 85vw, (max-width: 909px) 67vw, (max-width: 984px) 61vw, (max-width: 1362px) 45vw, 600px\" \/><\/a><\/p>\n<p><a href=\"http:\/\/media.husbilenfrida.se\/2018\/03\/1_DSC1639.jpg\"><img loading=\"lazy\" decoding=\"async\" class=\"alignnone wp-image-983\" src=\"http:\/\/media.husbilenfrida.se\/2018\/03\/1_DSC1639-300x200.jpg\" alt=\"\" width=\"600\" height=\"400\" srcset=\"https:\/\/media.husbilenfrida.se\/2018\/03\/1_DSC1639-300x200.jpg 300w, https:\/\/media.husbilenfrida.se\/2018\/03\/1_DSC1639-768x512.jpg 768w, https:\/\/media.husbilenfrida.se\/2018\/03\/1_DSC1639-1024x683.jpg 1024w, https:\/\/media.husbilenfrida.se\/2018\/03\/1_DSC1639-1200x800.jpg 1200w\" sizes=\"auto, (max-width: 709px) 85vw, (max-width: 909px) 67vw, (max-width: 984px) 61vw, (max-width: 1362px) 45vw, 600px\" \/><\/a><\/p>\n<p><a href=\"http:\/\/media.husbilenfrida.se\/2018\/03\/1_DSC1666.jpg\"><img loading=\"lazy\" decoding=\"async\" class=\"alignnone wp-image-984\" src=\"http:\/\/media.husbilenfrida.se\/2018\/03\/1_DSC1666-300x200.jpg\" alt=\"\" width=\"600\" height=\"400\" srcset=\"https:\/\/media.husbilenfrida.se\/2018\/03\/1_DSC1666-300x200.jpg 300w, https:\/\/media.husbilenfrida.se\/2018\/03\/1_DSC1666-768x512.jpg 768w, https:\/\/media.husbilenfrida.se\/2018\/03\/1_DSC1666-1024x683.jpg 1024w, https:\/\/media.husbilenfrida.se\/2018\/03\/1_DSC1666-1200x800.jpg 1200w\" sizes=\"auto, (max-width: 709px) 85vw, (max-width: 909px) 67vw, (max-width: 984px) 61vw, (max-width: 1362px) 45vw, 600px\" \/><\/a><\/p>\n<p><a href=\"http:\/\/media.husbilenfrida.se\/2018\/03\/1_DSC1693.jpg\"><img loading=\"lazy\" decoding=\"async\" class=\"alignnone wp-image-985\" src=\"http:\/\/media.husbilenfrida.se\/2018\/03\/1_DSC1693-300x200.jpg\" alt=\"\" width=\"600\" height=\"400\" srcset=\"https:\/\/media.husbilenfrida.se\/2018\/03\/1_DSC1693-300x200.jpg 300w, https:\/\/media.husbilenfrida.se\/2018\/03\/1_DSC1693-768x512.jpg 768w, https:\/\/media.husbilenfrida.se\/2018\/03\/1_DSC1693-1024x683.jpg 1024w, https:\/\/media.husbilenfrida.se\/2018\/03\/1_DSC1693-1200x800.jpg 1200w\" sizes=\"auto, (max-width: 709px) 85vw, (max-width: 909px) 67vw, (max-width: 984px) 61vw, (max-width: 1362px) 45vw, 600px\" \/><\/a><\/p>\n","protected":false},"excerpt":{"rendered":"<p>P\u00e5 v\u00e4gen fr\u00e5n Falun passerade vi Borl\u00e4nge och d\u00e4r gjorde vi en kort visit hemma hos Ylva och Tore s\u00e5 det blev en trevlig pratsund och s\u00e5 fick vi &#8221;Gofika&#8221; d\u00e4r. Klicka p\u00e5 bilderna f\u00f6r att se dom st\u00f6rre. D\u00e5 har vi\u00a0 l\u00e4mnat Falun och landat vid Tysslingen. Vi s\u00e5g att S\u00e5ngsvanarna har b\u00f6rjat anl\u00e4nda &hellip; <a href=\"https:\/\/husbilenfrida.se\/?p=978\" class=\"more-link\">Forts\u00e4tt l\u00e4sa<span class=\"screen-reader-text\"> \u201d180319 Svansj\u00f6n Tysslingen dag 1.\u201d<\/span><\/a><\/p>\n","protected":false},"author":1,"featured_media":0,"comment_status":"open","ping_status":"closed","sticky":false,"template":"","format":"standard","meta":{"footnotes":""},"categories":[1],"tags":[],"class_list":["post-978","post","type-post","status-publish","format-standard","hentry","category-uncategorized"],"_links":{"self":[{"href":"https:\/\/husbilenfrida.se\/index.php?rest_route=\/wp\/v2\/posts\/978","targetHints":{"allow":["GET"]}}],"collection":[{"href":"https:\/\/husbilenfrida.se\/index.php?rest_route=\/wp\/v2\/posts"}],"about":[{"href":"https:\/\/husbilenfrida.se\/index.php?rest_route=\/wp\/v2\/types\/post"}],"author":[{"embeddable":true,"href":"https:\/\/husbilenfrida.se\/index.php?rest_route=\/wp\/v2\/users\/1"}],"replies":[{"embeddable":true,"href":"https:\/\/husbilenfrida.se\/index.php?rest_route=%2Fwp%2Fv2%2Fcomments&post=978"}],"version-history":[{"count":1,"href":"https:\/\/husbilenfrida.se\/index.php?rest_route=\/wp\/v2\/posts\/978\/revisions"}],"predecessor-version":[{"id":987,"href":"https:\/\/husbilenfrida.se\/index.php?rest_route=\/wp\/v2\/posts\/978\/revisions\/987"}],"wp:attachment":[{"href":"https:\/\/husbilenfrida.se\/index.php?rest_route=%2Fwp%2Fv2%2Fmedia&parent=978"}],"wp:term":[{"taxonomy":"category","embeddable":true,"href":"https:\/\/husbilenfrida.se\/index.php?rest_route=%2Fwp%2Fv2%2Fcategories&post=978"},{"taxonomy":"post_tag","embeddable":true,"href":"https:\/\/husbilenfrida.se\/index.php?rest_route=%2Fwp%2Fv2%2Ftags&post=978"}],"curies":[{"name":"wp","href":"https:\/\/api.w.org\/{rel}","templated":true}]}}