{"id":9767,"date":"2021-10-21T10:56:16","date_gmt":"2021-10-21T10:56:16","guid":{"rendered":"https:\/\/husbilenfrida.se\/?p=9767"},"modified":"2021-10-21T13:49:58","modified_gmt":"2021-10-21T13:49:58","slug":"redigera-inlagg","status":"publish","type":"post","link":"https:\/\/husbilenfrida.se\/?p=9767","title":{"rendered":"210914 Dag Hammarskj\u00f6lds Back\u00e5kra"},"content":{"rendered":"\n<p><a href=\"https:\/\/husbilenfrida.se\/wp-admin\/edit.php?post_type=post\"><\/a>F\u00f6rhandsgranskaUppdateraL\u00e4gg till rubrikEtt intressant bes\u00f6k p\u00e5 Dag Hammarskj\u00f6lds Back\u00e5kra! Den 18 september \u00e4r det 60 \u00e5r sedan som planet, som Dag Hammarskj\u00f6ld f\u00e4rdades med, under oklara omst\u00e4ndigheter kraschade i Ndola, Afrika. Dag Hammarskj\u00f6ld var p\u00e5 v\u00e4g f\u00f6r att tr\u00e4ffa f\u00f6retr\u00e4dare f\u00f6r olika politiska falanger i det nyligen sj\u00e4lvst\u00e4ndiga Kongo. M\u00e5ls\u00e4ttningen med det planerade m\u00f6tet var att skapa f\u00f6ruts\u00e4ttningar f\u00f6r en fredlig utveckling i det som snabbt hade utvecklats till ett inb\u00f6rdeskrig. Men det fanns ocks\u00e5 starka ekonomiska intressenter som inte s\u00e5g p\u00e5 en fredlig utvecklingen med blida \u00f6gon, vilket skapar grogrund f\u00f6r spekulationer om vad det var som egentligen orsakade kraschen.Ove Bring har skrivet en bok, som \u00e4r en i raden av alla analyser \/ b\u00f6cker som har f\u00f6rs\u00f6kt komma fram till sanningen om vad som verkligen h\u00e4nde den \u00f6desdigra natten mellan den 17 och 18 september 1961. Vi kunde inte l\u00e5ta bli att k\u00f6pa boken, som fanns bland en massa annan intressant litteratur p\u00e5 Back\u00e5kra, och Ann str\u00e4ckl\u00e4ser den nu med stort intresse.I det relativt nyrenoverade Back\u00e5kra har man nu samlat en hel del av Dag Hammarskj\u00f6lds m\u00f6bler och inredningsdetaljer &#8211; allt en g\u00e5ng utvalt av Dag Hammarskj\u00f6ld sj\u00e4lv med en estetisk full\u00e4ndad smak och pr\u00e4glat av designen fr\u00e5n Nordiska formgivare.P\u00e5 Back\u00e5kra samlades FNs Generalf\u00f6rsamling 2018 i ett mycket s\u00e4llsynt och ovanligt m\u00f6te, d\u00e5 de annars i regel alltid tr\u00e4ffas p\u00e5 FNs h\u00f6gkvarter i New York.Back\u00e5kra ligget otroligt vackert vid \u00d6sterlens b\u00f6ljande kullar och \u00e4r verkligen v\u00e4rt ett bes\u00f6k, d\u00e5 det bjuder p\u00e5 en estetisk upplevelse och ber\u00e4ttelsen om en svensk som genom sin integritet och diplomati hade ambitionen att f\u00f6rs\u00f6ka f\u00e5 till fredliga l\u00f6sningar p\u00e5 d\u00e5tidens konflikter runt om i v\u00e4rlden.<\/p>\n\n\n\n<figure class=\"wp-block-image is-resized\" id=\"block-ffa41abd-c6e3-418a-adc8-0623b7640c97\"><a href=\"https:\/\/media.husbilenfrida.se\/2021\/10\/241844398_4430774260292674_1191717365818663810_n.jpg\"><img decoding=\"async\" src=\"https:\/\/media.husbilenfrida.se\/2021\/10\/241844398_4430774260292674_1191717365818663810_n.jpg\" alt=\"Denna bild har ett alt-attribut som \u00e4r tomt. Dess filnamn \u00e4r 241844398_4430774260292674_1191717365818663810_n.jpg\" width=\"600\"\/><\/a><\/figure>\n\n\n\n<figure class=\"wp-block-image is-resized\" id=\"block-dc830a50-0bf3-48d2-88b6-99d9fb76e7a5\"><a href=\"https:\/\/media.husbilenfrida.se\/2021\/10\/242030492_4430774433625990_1667198705312489884_n.jpg\"><img decoding=\"async\" src=\"https:\/\/media.husbilenfrida.se\/2021\/10\/242030492_4430774433625990_1667198705312489884_n.jpg\" alt=\"Denna bild har ett alt-attribut som \u00e4r tomt. Dess filnamn \u00e4r 242030492_4430774433625990_1667198705312489884_n.jpg\" width=\"600\"\/><\/a><\/figure>\n\n\n\n<figure class=\"wp-block-image is-resized\" id=\"block-ac1e5224-554b-46de-ba08-d71828b2e628\"><a href=\"https:\/\/media.husbilenfrida.se\/2021\/10\/242073868_4430774560292644_106895639395592365_n.jpg\"><img decoding=\"async\" src=\"https:\/\/media.husbilenfrida.se\/2021\/10\/242073868_4430774560292644_106895639395592365_n.jpg\" alt=\"Denna bild har ett alt-attribut som \u00e4r tomt. Dess filnamn \u00e4r 242073868_4430774560292644_106895639395592365_n.jpg\" width=\"600\"\/><\/a><\/figure>\n\n\n\n<figure class=\"wp-block-image is-resized\" id=\"block-e132bed2-e9a3-46b9-b9c2-84b7e020108b\"><a href=\"https:\/\/media.husbilenfrida.se\/2021\/10\/242121265_4430775050292595_4726574604902914323_n.jpg\"><img decoding=\"async\" src=\"https:\/\/media.husbilenfrida.se\/2021\/10\/242121265_4430775050292595_4726574604902914323_n.jpg\" alt=\"Denna bild har ett alt-attribut som \u00e4r tomt. Dess filnamn \u00e4r 242121265_4430775050292595_4726574604902914323_n.jpg\" width=\"600\"\/><\/a><\/figure>\n\n\n\n<figure class=\"wp-block-image is-resized\" id=\"block-d50c3944-9bc1-46cb-bc66-5b9588dcd0d5\"><a href=\"https:\/\/media.husbilenfrida.se\/2021\/10\/242113750_4430775133625920_7154731373430608129_n.jpg\"><img decoding=\"async\" src=\"https:\/\/media.husbilenfrida.se\/2021\/10\/242113750_4430775133625920_7154731373430608129_n.jpg\" alt=\"Denna bild har ett alt-attribut som \u00e4r tomt. Dess filnamn \u00e4r 242113750_4430775133625920_7154731373430608129_n.jpg\" width=\"600\"\/><\/a><\/figure>\n\n\n\n<figure class=\"wp-block-image is-resized\" id=\"block-f104cf24-9ab3-4a75-99db-79b493f20a28\"><a href=\"https:\/\/media.husbilenfrida.se\/2021\/10\/242009343_4430775196959247_1690139958760746330_n.jpg\"><img decoding=\"async\" src=\"https:\/\/media.husbilenfrida.se\/2021\/10\/242009343_4430775196959247_1690139958760746330_n.jpg\" alt=\"Denna bild har ett alt-attribut som \u00e4r tomt. Dess filnamn \u00e4r 242009343_4430775196959247_1690139958760746330_n.jpg\" width=\"600\"\/><\/a><\/figure>\n\n\n\n<figure class=\"wp-block-image is-resized\" id=\"block-25e59617-7838-4d34-963c-6d12b48cfb50\"><a href=\"https:\/\/media.husbilenfrida.se\/2021\/10\/241999901_4430774286959338_8712560503063013238_n.jpg\"><img decoding=\"async\" src=\"https:\/\/media.husbilenfrida.se\/2021\/10\/241999901_4430774286959338_8712560503063013238_n.jpg\" alt=\"Denna bild har ett alt-attribut som \u00e4r tomt. Dess filnamn \u00e4r 241999901_4430774286959338_8712560503063013238_n.jpg\" width=\"600\"\/><\/a><\/figure>\n\n\n\n<figure class=\"wp-block-image is-resized\" id=\"block-5ffd33fc-e70f-4602-a59c-5c0b99d9b752\"><a href=\"https:\/\/media.husbilenfrida.se\/2021\/10\/241765662_4430775263625907_2147635110223485235_n.jpg\"><img decoding=\"async\" src=\"https:\/\/media.husbilenfrida.se\/2021\/10\/241765662_4430775263625907_2147635110223485235_n.jpg\" alt=\"Denna bild har ett alt-attribut som \u00e4r tomt. Dess filnamn \u00e4r 241765662_4430775263625907_2147635110223485235_n.jpg\" width=\"600\"\/><\/a><\/figure>\n\n\n\n<figure class=\"wp-block-image is-resized\" id=\"block-c0d20dd8-3e1e-49a7-b83e-ef942db5bbf8\"><a href=\"https:\/\/media.husbilenfrida.se\/2021\/10\/241827096_4430774700292630_1871034718345185397_n.jpg\"><img decoding=\"async\" src=\"https:\/\/media.husbilenfrida.se\/2021\/10\/241827096_4430774700292630_1871034718345185397_n.jpg\" alt=\"Denna bild har ett alt-attribut som \u00e4r tomt. Dess filnamn \u00e4r 241827096_4430774700292630_1871034718345185397_n.jpg\" width=\"600\"\/><\/a><\/figure>\n\n\n\n<figure class=\"wp-block-image is-resized\" id=\"block-b21771f8-7e0c-4f4e-8694-d32c50266654\"><a href=\"https:\/\/media.husbilenfrida.se\/2021\/10\/241943492_4430774483625985_7020693235064503448_n.jpg\"><img decoding=\"async\" src=\"https:\/\/media.husbilenfrida.se\/2021\/10\/241943492_4430774483625985_7020693235064503448_n.jpg\" alt=\"Denna bild har ett alt-attribut som \u00e4r tomt. Dess filnamn \u00e4r 241943492_4430774483625985_7020693235064503448_n.jpg\" width=\"600\"\/><\/a><\/figure>\n\n\n\n<figure class=\"wp-block-image is-resized\" id=\"block-b9e7707d-bda7-4c49-a69a-1c9abac582c2\"><a href=\"https:\/\/media.husbilenfrida.se\/2021\/10\/242004864_4430775003625933_2920040779067636607_n.jpg\"><img decoding=\"async\" src=\"https:\/\/media.husbilenfrida.se\/2021\/10\/242004864_4430775003625933_2920040779067636607_n.jpg\" alt=\"Denna bild har ett alt-attribut som \u00e4r tomt. Dess filnamn \u00e4r 242004864_4430775003625933_2920040779067636607_n.jpg\" width=\"600\"\/><\/a><\/figure>\n\n\n\n<figure class=\"wp-block-image is-resized\" id=\"block-8ff4d587-df87-4e52-97fc-8fb2c7059555\"><a href=\"https:\/\/media.husbilenfrida.se\/2021\/10\/241997256_4430774643625969_2388271618610537009_n.jpg\"><img decoding=\"async\" src=\"https:\/\/media.husbilenfrida.se\/2021\/10\/241997256_4430774643625969_2388271618610537009_n.jpg\" alt=\"Denna bild har ett alt-attribut som \u00e4r tomt. Dess filnamn \u00e4r 241997256_4430774643625969_2388271618610537009_n.jpg\" width=\"600\"\/><\/a><\/figure>\n\n\n\n<figure class=\"wp-block-image is-resized\" id=\"block-6583c86c-2cd2-4aae-b663-68218cb0a2b4\"><a href=\"https:\/\/media.husbilenfrida.se\/2021\/10\/241991399_4430774756959291_2113737923567430921_n.jpg\"><img decoding=\"async\" src=\"https:\/\/media.husbilenfrida.se\/2021\/10\/241991399_4430774756959291_2113737923567430921_n.jpg\" alt=\"Denna bild har ett alt-attribut som \u00e4r tomt. Dess filnamn \u00e4r 241991399_4430774756959291_2113737923567430921_n.jpg\" width=\"600\"\/><\/a><\/figure>\n\n\n\n<figure class=\"wp-block-image is-resized\" id=\"block-627e5acf-8ff1-4f64-b483-a722772d4608\"><a href=\"https:\/\/media.husbilenfrida.se\/2021\/10\/242027201_4430774956959271_4419019766116190861_n.jpg\"><img decoding=\"async\" src=\"https:\/\/media.husbilenfrida.se\/2021\/10\/242027201_4430774956959271_4419019766116190861_n.jpg\" alt=\"Denna bild har ett alt-attribut som \u00e4r tomt. Dess filnamn \u00e4r 242027201_4430774956959271_4419019766116190861_n.jpg\" width=\"600\"\/><\/a><\/figure>\n\n\n","protected":false},"excerpt":{"rendered":"<p>F\u00f6rhandsgranskaUppdateraL\u00e4gg till rubrikEtt intressant bes\u00f6k p\u00e5 Dag Hammarskj\u00f6lds Back\u00e5kra! Den 18 september \u00e4r det 60 \u00e5r sedan som planet, som Dag Hammarskj\u00f6ld f\u00e4rdades med, under oklara omst\u00e4ndigheter kraschade i Ndola, Afrika. Dag Hammarskj\u00f6ld var p\u00e5 v\u00e4g f\u00f6r att tr\u00e4ffa f\u00f6retr\u00e4dare f\u00f6r olika politiska falanger i det nyligen sj\u00e4lvst\u00e4ndiga Kongo. M\u00e5ls\u00e4ttningen med det planerade m\u00f6tet var &hellip; <a href=\"https:\/\/husbilenfrida.se\/?p=9767\" class=\"more-link\">Forts\u00e4tt l\u00e4sa<span class=\"screen-reader-text\"> \u201d210914 Dag Hammarskj\u00f6lds Back\u00e5kra\u201d<\/span><\/a><\/p>\n","protected":false},"author":1,"featured_media":0,"comment_status":"open","ping_status":"closed","sticky":false,"template":"","format":"standard","meta":{"footnotes":""},"categories":[1],"tags":[],"class_list":["post-9767","post","type-post","status-publish","format-standard","hentry","category-uncategorized"],"_links":{"self":[{"href":"https:\/\/husbilenfrida.se\/index.php?rest_route=\/wp\/v2\/posts\/9767","targetHints":{"allow":["GET"]}}],"collection":[{"href":"https:\/\/husbilenfrida.se\/index.php?rest_route=\/wp\/v2\/posts"}],"about":[{"href":"https:\/\/husbilenfrida.se\/index.php?rest_route=\/wp\/v2\/types\/post"}],"author":[{"embeddable":true,"href":"https:\/\/husbilenfrida.se\/index.php?rest_route=\/wp\/v2\/users\/1"}],"replies":[{"embeddable":true,"href":"https:\/\/husbilenfrida.se\/index.php?rest_route=%2Fwp%2Fv2%2Fcomments&post=9767"}],"version-history":[{"count":8,"href":"https:\/\/husbilenfrida.se\/index.php?rest_route=\/wp\/v2\/posts\/9767\/revisions"}],"predecessor-version":[{"id":9788,"href":"https:\/\/husbilenfrida.se\/index.php?rest_route=\/wp\/v2\/posts\/9767\/revisions\/9788"}],"wp:attachment":[{"href":"https:\/\/husbilenfrida.se\/index.php?rest_route=%2Fwp%2Fv2%2Fmedia&parent=9767"}],"wp:term":[{"taxonomy":"category","embeddable":true,"href":"https:\/\/husbilenfrida.se\/index.php?rest_route=%2Fwp%2Fv2%2Fcategories&post=9767"},{"taxonomy":"post_tag","embeddable":true,"href":"https:\/\/husbilenfrida.se\/index.php?rest_route=%2Fwp%2Fv2%2Ftags&post=9767"}],"curies":[{"name":"wp","href":"https:\/\/api.w.org\/{rel}","templated":true}]}}