{"id":954,"date":"2018-03-18T18:40:57","date_gmt":"2018-03-18T18:40:57","guid":{"rendered":"http:\/\/husbilenfrida.se\/?p=954"},"modified":"2018-03-18T20:04:01","modified_gmt":"2018-03-18T20:04:01","slug":"180318-lugnet-falun-dag-3","status":"publish","type":"post","link":"https:\/\/husbilenfrida.se\/?p=954","title":{"rendered":"180318 Lugnet Falun dag 3."},"content":{"rendered":"<p class=\"p1\"><span class=\"s1\">Dagen startade med\u2026<br \/>\n<\/span><span class=\"s1\">\u2026kanonfint v\u00e4der och i v\u00e4ntan p\u00e5 skidt\u00e4vlingarna med dagens jaktstarter damer och herrar t\u00e4nkte vi g\u00e5 p\u00e5 en f\u00f6rel\u00e4sning av Stellan Kv\u00e4rre. Vi gick till Sporthallen d\u00e4r f\u00f6rel\u00e4sningen skulle var kl 9.00 i dag. Lokalen rymmer s\u00e4kert 250 \u00e5h\u00f6rare n\u00e4r vi kommer dit 1 min i 9 \u00e4r vi bara en handfull \u00e5h\u00f6rare\u2026<\/span><\/p>\n<p class=\"p1\"><span class=\"s1\">\u2026s\u00e5 f\u00f6rel\u00e4sningen blev inst\u00e4lld, synd tycker vi! H\u00e4r kan ni l\u00e4sa lite om Stellan Kv\u00e4rre<span class=\"Apple-converted-space\">\u00a0 <\/span><a href=\"http:\/\/www.sportidalarna.se\/stellan-lyckades-med-det-omojliga\/\">http:\/\/www.sportidalarna.se\/stellan-lyckades-med-det-omojliga\/<\/a> <\/span><\/p>\n<p>Bild p\u00e5\u00a0<span class=\"s1\">Stellan Kv\u00e4rre.<\/span><a href=\"http:\/\/media.husbilenfrida.se\/2018\/03\/4-DSC06261.jpg\"><img loading=\"lazy\" decoding=\"async\" class=\"alignnone wp-image-955\" src=\"http:\/\/media.husbilenfrida.se\/2018\/03\/4-DSC06261-300x200.jpg\" alt=\"\" width=\"600\" height=\"400\" srcset=\"https:\/\/media.husbilenfrida.se\/2018\/03\/4-DSC06261-300x200.jpg 300w, https:\/\/media.husbilenfrida.se\/2018\/03\/4-DSC06261-768x512.jpg 768w, https:\/\/media.husbilenfrida.se\/2018\/03\/4-DSC06261-1024x683.jpg 1024w, https:\/\/media.husbilenfrida.se\/2018\/03\/4-DSC06261-1200x800.jpg 1200w\" sizes=\"auto, (max-width: 709px) 85vw, (max-width: 909px) 67vw, (max-width: 984px) 61vw, (max-width: 1362px) 45vw, 600px\" \/><\/a><\/p>\n<p class=\"p1\"><span class=\"s1\">I dag var det ocks\u00e5 dags f\u00f6r jaktstarterna i skidor f\u00f6r damer och herrar\u2026<br \/>\n<\/span><span class=\"s1\">\u2026s\u00e5 vi tog oss upp f\u00f6r M\u00f6rdarbacken till fots, f\u00f6r att heja p\u00e5 \u00e5karna. Hur skid\u00e5karna fixade det med s\u00e5dan fart \u00e4r sv\u00e5rt att f\u00f6rst\u00e5. S\u00e5g p\u00e5 v\u00e4gen upp att det var sjukv\u00e5rdare som bar p\u00e5 hj\u00e4rtstartare, det kunde vi i publiken n\u00e4stan beh\u00f6va, puh det var n\u00e5gonting i stil med \u201dkliv, \u00f6verlev, kliv, \u00f6verlev\u201d\u2026<\/span><\/p>\n<p class=\"p1\"><span class=\"s1\">\u2026en rolig grej var ocks\u00e5 att det var Anna Haags och Emil J\u00f6nssons sista framtr\u00e4dande i v\u00e4rldscup-sammanhang och gissa om de fick hyllningar!! Hela publiken hurrade och skrek deras namn n\u00e4r de k\u00f6rde f\u00f6rbi i sp\u00e5ren, snacka om att man fick st\u00e5p\u00e4ls, Ann t.o.m. torkade en t\u00e5r \ud83d\ude42<\/span><\/p>\n<p><a href=\"http:\/\/media.husbilenfrida.se\/2018\/03\/0-DSC06264.jpg\"><img loading=\"lazy\" decoding=\"async\" class=\"alignnone wp-image-956\" src=\"http:\/\/media.husbilenfrida.se\/2018\/03\/0-DSC06264-300x199.jpg\" alt=\"\" width=\"600\" height=\"397\" srcset=\"https:\/\/media.husbilenfrida.se\/2018\/03\/0-DSC06264-300x199.jpg 300w, https:\/\/media.husbilenfrida.se\/2018\/03\/0-DSC06264-768x508.jpg 768w, https:\/\/media.husbilenfrida.se\/2018\/03\/0-DSC06264-1024x678.jpg 1024w, https:\/\/media.husbilenfrida.se\/2018\/03\/0-DSC06264-1200x794.jpg 1200w\" sizes=\"auto, (max-width: 709px) 85vw, (max-width: 909px) 67vw, (max-width: 984px) 61vw, (max-width: 1362px) 45vw, 600px\" \/><\/a><\/p>\n<p><a href=\"http:\/\/media.husbilenfrida.se\/2018\/03\/1-DSC02955.jpg\"><img loading=\"lazy\" decoding=\"async\" class=\"alignnone wp-image-957\" src=\"http:\/\/media.husbilenfrida.se\/2018\/03\/1-DSC02955-300x200.jpg\" alt=\"\" width=\"600\" height=\"400\" srcset=\"https:\/\/media.husbilenfrida.se\/2018\/03\/1-DSC02955-300x200.jpg 300w, https:\/\/media.husbilenfrida.se\/2018\/03\/1-DSC02955-768x512.jpg 768w, https:\/\/media.husbilenfrida.se\/2018\/03\/1-DSC02955-1024x683.jpg 1024w, https:\/\/media.husbilenfrida.se\/2018\/03\/1-DSC02955-1200x800.jpg 1200w\" sizes=\"auto, (max-width: 709px) 85vw, (max-width: 909px) 67vw, (max-width: 984px) 61vw, (max-width: 1362px) 45vw, 600px\" \/><\/a><\/p>\n<p><a href=\"http:\/\/media.husbilenfrida.se\/2018\/03\/1-DSC02959.jpg\"><img loading=\"lazy\" decoding=\"async\" class=\"alignnone wp-image-958\" src=\"http:\/\/media.husbilenfrida.se\/2018\/03\/1-DSC02959-300x200.jpg\" alt=\"\" width=\"600\" height=\"400\" srcset=\"https:\/\/media.husbilenfrida.se\/2018\/03\/1-DSC02959-300x200.jpg 300w, https:\/\/media.husbilenfrida.se\/2018\/03\/1-DSC02959-768x512.jpg 768w, https:\/\/media.husbilenfrida.se\/2018\/03\/1-DSC02959-1024x683.jpg 1024w, https:\/\/media.husbilenfrida.se\/2018\/03\/1-DSC02959-1200x800.jpg 1200w\" sizes=\"auto, (max-width: 709px) 85vw, (max-width: 909px) 67vw, (max-width: 984px) 61vw, (max-width: 1362px) 45vw, 600px\" \/><\/a><\/p>\n<p>H\u00e4r en lite tr\u00f6tt TV-filmare.<img loading=\"lazy\" decoding=\"async\" class=\"alignnone wp-image-959\" src=\"http:\/\/media.husbilenfrida.se\/2018\/03\/1-DSC06085-300x200.jpg\" alt=\"\" width=\"600\" height=\"400\" srcset=\"https:\/\/media.husbilenfrida.se\/2018\/03\/1-DSC06085-300x200.jpg 300w, https:\/\/media.husbilenfrida.se\/2018\/03\/1-DSC06085-768x512.jpg 768w, https:\/\/media.husbilenfrida.se\/2018\/03\/1-DSC06085-1024x683.jpg 1024w, https:\/\/media.husbilenfrida.se\/2018\/03\/1-DSC06085-1200x800.jpg 1200w\" sizes=\"auto, (max-width: 709px) 85vw, (max-width: 909px) 67vw, (max-width: 984px) 61vw, (max-width: 1362px) 45vw, 600px\" \/><\/p>\n<p>Anna Dyvik.<a href=\"http:\/\/media.husbilenfrida.se\/2018\/03\/2-Anna-Dyvik-DSC06116.jpg\"><img loading=\"lazy\" decoding=\"async\" class=\"alignnone wp-image-960\" src=\"http:\/\/media.husbilenfrida.se\/2018\/03\/2-Anna-Dyvik-DSC06116-300x200.jpg\" alt=\"\" width=\"600\" height=\"400\" srcset=\"https:\/\/media.husbilenfrida.se\/2018\/03\/2-Anna-Dyvik-DSC06116-300x200.jpg 300w, https:\/\/media.husbilenfrida.se\/2018\/03\/2-Anna-Dyvik-DSC06116-768x512.jpg 768w, https:\/\/media.husbilenfrida.se\/2018\/03\/2-Anna-Dyvik-DSC06116-1024x683.jpg 1024w, https:\/\/media.husbilenfrida.se\/2018\/03\/2-Anna-Dyvik-DSC06116-1200x800.jpg 1200w\" sizes=\"auto, (max-width: 709px) 85vw, (max-width: 909px) 67vw, (max-width: 984px) 61vw, (max-width: 1362px) 45vw, 600px\" \/><\/a><\/p>\n<p>Charlotte Kalla.<a href=\"http:\/\/media.husbilenfrida.se\/2018\/03\/2-Charotte-Kalla-DSC06123.jpg\"><img loading=\"lazy\" decoding=\"async\" class=\"alignnone wp-image-961\" src=\"http:\/\/media.husbilenfrida.se\/2018\/03\/2-Charotte-Kalla-DSC06123-300x200.jpg\" alt=\"\" width=\"600\" height=\"400\" srcset=\"https:\/\/media.husbilenfrida.se\/2018\/03\/2-Charotte-Kalla-DSC06123-300x200.jpg 300w, https:\/\/media.husbilenfrida.se\/2018\/03\/2-Charotte-Kalla-DSC06123-768x512.jpg 768w, https:\/\/media.husbilenfrida.se\/2018\/03\/2-Charotte-Kalla-DSC06123-1024x683.jpg 1024w, https:\/\/media.husbilenfrida.se\/2018\/03\/2-Charotte-Kalla-DSC06123-1200x800.jpg 1200w\" sizes=\"auto, (max-width: 709px) 85vw, (max-width: 909px) 67vw, (max-width: 984px) 61vw, (max-width: 1362px) 45vw, 600px\" \/><\/a><\/p>\n<p>Marit Bj\u00f6rgen.<a href=\"http:\/\/media.husbilenfrida.se\/2018\/03\/2-DSC06105.jpg\"><img loading=\"lazy\" decoding=\"async\" class=\"alignnone wp-image-962\" src=\"http:\/\/media.husbilenfrida.se\/2018\/03\/2-DSC06105-300x200.jpg\" alt=\"\" width=\"600\" height=\"400\" srcset=\"https:\/\/media.husbilenfrida.se\/2018\/03\/2-DSC06105-300x200.jpg 300w, https:\/\/media.husbilenfrida.se\/2018\/03\/2-DSC06105-768x512.jpg 768w, https:\/\/media.husbilenfrida.se\/2018\/03\/2-DSC06105-1024x683.jpg 1024w, https:\/\/media.husbilenfrida.se\/2018\/03\/2-DSC06105-1200x800.jpg 1200w\" sizes=\"auto, (max-width: 709px) 85vw, (max-width: 909px) 67vw, (max-width: 984px) 61vw, (max-width: 1362px) 45vw, 600px\" \/><\/a><\/p>\n<p>Jessika Diggens.<a href=\"http:\/\/media.husbilenfrida.se\/2018\/03\/2-DSC06107.jpg\"><img loading=\"lazy\" decoding=\"async\" class=\"alignnone wp-image-963\" src=\"http:\/\/media.husbilenfrida.se\/2018\/03\/2-DSC06107-300x200.jpg\" alt=\"\" width=\"600\" height=\"400\" srcset=\"https:\/\/media.husbilenfrida.se\/2018\/03\/2-DSC06107-300x200.jpg 300w, https:\/\/media.husbilenfrida.se\/2018\/03\/2-DSC06107-768x512.jpg 768w, https:\/\/media.husbilenfrida.se\/2018\/03\/2-DSC06107-1024x683.jpg 1024w, https:\/\/media.husbilenfrida.se\/2018\/03\/2-DSC06107-1200x800.jpg 1200w\" sizes=\"auto, (max-width: 709px) 85vw, (max-width: 909px) 67vw, (max-width: 984px) 61vw, (max-width: 1362px) 45vw, 600px\" \/><\/a><\/p>\n<p>Charlotte Kalla.<a href=\"http:\/\/media.husbilenfrida.se\/2018\/03\/2-DSC06112.jpg\"><img loading=\"lazy\" decoding=\"async\" class=\"alignnone wp-image-964\" src=\"http:\/\/media.husbilenfrida.se\/2018\/03\/2-DSC06112-300x200.jpg\" alt=\"\" width=\"600\" height=\"400\" srcset=\"https:\/\/media.husbilenfrida.se\/2018\/03\/2-DSC06112-300x200.jpg 300w, https:\/\/media.husbilenfrida.se\/2018\/03\/2-DSC06112-768x512.jpg 768w, https:\/\/media.husbilenfrida.se\/2018\/03\/2-DSC06112-1024x683.jpg 1024w, https:\/\/media.husbilenfrida.se\/2018\/03\/2-DSC06112-1200x800.jpg 1200w\" sizes=\"auto, (max-width: 709px) 85vw, (max-width: 909px) 67vw, (max-width: 984px) 61vw, (max-width: 1362px) 45vw, 600px\" \/><\/a><\/p>\n<p>Ida Ingemarsdotter.<a href=\"http:\/\/media.husbilenfrida.se\/2018\/03\/2-Ida-Ingemarsdotter-DSC06118.jpg\"><img loading=\"lazy\" decoding=\"async\" class=\"alignnone wp-image-965\" src=\"http:\/\/media.husbilenfrida.se\/2018\/03\/2-Ida-Ingemarsdotter-DSC06118-300x200.jpg\" alt=\"\" width=\"600\" height=\"400\" srcset=\"https:\/\/media.husbilenfrida.se\/2018\/03\/2-Ida-Ingemarsdotter-DSC06118-300x200.jpg 300w, https:\/\/media.husbilenfrida.se\/2018\/03\/2-Ida-Ingemarsdotter-DSC06118-768x512.jpg 768w, https:\/\/media.husbilenfrida.se\/2018\/03\/2-Ida-Ingemarsdotter-DSC06118-1024x683.jpg 1024w, https:\/\/media.husbilenfrida.se\/2018\/03\/2-Ida-Ingemarsdotter-DSC06118-1200x800.jpg 1200w\" sizes=\"auto, (max-width: 709px) 85vw, (max-width: 909px) 67vw, (max-width: 984px) 61vw, (max-width: 1362px) 45vw, 600px\" \/><\/a><\/p>\n<p>Nr 3 Calle Halvarsson.<a href=\"http:\/\/media.husbilenfrida.se\/2018\/03\/3-3-Calle-Halvarsson-DSC06165.jpg\"><img loading=\"lazy\" decoding=\"async\" class=\"alignnone wp-image-966\" src=\"http:\/\/media.husbilenfrida.se\/2018\/03\/3-3-Calle-Halvarsson-DSC06165-300x200.jpg\" alt=\"\" width=\"600\" height=\"400\" srcset=\"https:\/\/media.husbilenfrida.se\/2018\/03\/3-3-Calle-Halvarsson-DSC06165-300x200.jpg 300w, https:\/\/media.husbilenfrida.se\/2018\/03\/3-3-Calle-Halvarsson-DSC06165-768x512.jpg 768w, https:\/\/media.husbilenfrida.se\/2018\/03\/3-3-Calle-Halvarsson-DSC06165-1024x683.jpg 1024w, https:\/\/media.husbilenfrida.se\/2018\/03\/3-3-Calle-Halvarsson-DSC06165-1200x800.jpg 1200w\" sizes=\"auto, (max-width: 709px) 85vw, (max-width: 909px) 67vw, (max-width: 984px) 61vw, (max-width: 1362px) 45vw, 600px\" \/><\/a><\/p>\n<p class=\"p1\">Alexander Bolshunov.<a href=\"http:\/\/media.husbilenfrida.se\/2018\/03\/3-A-Bolshunov-DSC06162.jpg\"><img loading=\"lazy\" decoding=\"async\" class=\"alignnone wp-image-967\" src=\"http:\/\/media.husbilenfrida.se\/2018\/03\/3-A-Bolshunov-DSC06162-300x200.jpg\" alt=\"\" width=\"600\" height=\"400\" srcset=\"https:\/\/media.husbilenfrida.se\/2018\/03\/3-A-Bolshunov-DSC06162-300x200.jpg 300w, https:\/\/media.husbilenfrida.se\/2018\/03\/3-A-Bolshunov-DSC06162-768x512.jpg 768w, https:\/\/media.husbilenfrida.se\/2018\/03\/3-A-Bolshunov-DSC06162-1024x683.jpg 1024w, https:\/\/media.husbilenfrida.se\/2018\/03\/3-A-Bolshunov-DSC06162-1200x800.jpg 1200w\" sizes=\"auto, (max-width: 709px) 85vw, (max-width: 909px) 67vw, (max-width: 984px) 61vw, (max-width: 1362px) 45vw, 600px\" \/><\/a><\/p>\n<p>Daniel Rickardsson.<a href=\"http:\/\/media.husbilenfrida.se\/2018\/03\/3-Daniel-Rickardsson-DSC06169.jpg\"><img loading=\"lazy\" decoding=\"async\" class=\"alignnone wp-image-968\" src=\"http:\/\/media.husbilenfrida.se\/2018\/03\/3-Daniel-Rickardsson-DSC06169-300x200.jpg\" alt=\"\" width=\"600\" height=\"400\" srcset=\"https:\/\/media.husbilenfrida.se\/2018\/03\/3-Daniel-Rickardsson-DSC06169-300x200.jpg 300w, https:\/\/media.husbilenfrida.se\/2018\/03\/3-Daniel-Rickardsson-DSC06169-768x512.jpg 768w, https:\/\/media.husbilenfrida.se\/2018\/03\/3-Daniel-Rickardsson-DSC06169-1024x683.jpg 1024w, https:\/\/media.husbilenfrida.se\/2018\/03\/3-Daniel-Rickardsson-DSC06169-1200x800.jpg 1200w\" sizes=\"auto, (max-width: 709px) 85vw, (max-width: 909px) 67vw, (max-width: 984px) 61vw, (max-width: 1362px) 45vw, 600px\" \/><\/a><\/p>\n<p><a href=\"http:\/\/media.husbilenfrida.se\/2018\/03\/3-DSC06205.jpg\"><img loading=\"lazy\" decoding=\"async\" class=\"alignnone wp-image-969\" src=\"http:\/\/media.husbilenfrida.se\/2018\/03\/3-DSC06205-300x200.jpg\" alt=\"\" width=\"600\" height=\"400\" srcset=\"https:\/\/media.husbilenfrida.se\/2018\/03\/3-DSC06205-300x200.jpg 300w, https:\/\/media.husbilenfrida.se\/2018\/03\/3-DSC06205-768x512.jpg 768w, https:\/\/media.husbilenfrida.se\/2018\/03\/3-DSC06205-1024x683.jpg 1024w, https:\/\/media.husbilenfrida.se\/2018\/03\/3-DSC06205-1200x800.jpg 1200w\" sizes=\"auto, (max-width: 709px) 85vw, (max-width: 909px) 67vw, (max-width: 984px) 61vw, (max-width: 1362px) 45vw, 600px\" \/><\/a><\/p>\n<p>Emil J\u00f6nsson.<a href=\"http:\/\/media.husbilenfrida.se\/2018\/03\/3-Emil-Jo\u0308nsson-DSC06176.jpg\"><img loading=\"lazy\" decoding=\"async\" class=\"alignnone wp-image-970\" src=\"http:\/\/media.husbilenfrida.se\/2018\/03\/3-Emil-Jo\u0308nsson-DSC06176-300x200.jpg\" alt=\"\" width=\"600\" height=\"400\" srcset=\"https:\/\/media.husbilenfrida.se\/2018\/03\/3-Emil-Jo\u0308nsson-DSC06176-300x200.jpg 300w, https:\/\/media.husbilenfrida.se\/2018\/03\/3-Emil-Jo\u0308nsson-DSC06176-768x512.jpg 768w, https:\/\/media.husbilenfrida.se\/2018\/03\/3-Emil-Jo\u0308nsson-DSC06176-1024x683.jpg 1024w, https:\/\/media.husbilenfrida.se\/2018\/03\/3-Emil-Jo\u0308nsson-DSC06176-1200x800.jpg 1200w\" sizes=\"auto, (max-width: 709px) 85vw, (max-width: 909px) 67vw, (max-width: 984px) 61vw, (max-width: 1362px) 45vw, 600px\" \/><\/a><\/p>\n<p>Emil J\u00f6nsson.<a href=\"http:\/\/media.husbilenfrida.se\/2018\/03\/3-Emil-Jo\u0308nsson-DSC06202.jpg\"><img loading=\"lazy\" decoding=\"async\" class=\"alignnone wp-image-971\" src=\"http:\/\/media.husbilenfrida.se\/2018\/03\/3-Emil-Jo\u0308nsson-DSC06202-300x200.jpg\" alt=\"\" width=\"600\" height=\"400\" srcset=\"https:\/\/media.husbilenfrida.se\/2018\/03\/3-Emil-Jo\u0308nsson-DSC06202-300x200.jpg 300w, https:\/\/media.husbilenfrida.se\/2018\/03\/3-Emil-Jo\u0308nsson-DSC06202-768x512.jpg 768w, https:\/\/media.husbilenfrida.se\/2018\/03\/3-Emil-Jo\u0308nsson-DSC06202-1024x683.jpg 1024w, https:\/\/media.husbilenfrida.se\/2018\/03\/3-Emil-Jo\u0308nsson-DSC06202-1200x800.jpg 1200w\" sizes=\"auto, (max-width: 709px) 85vw, (max-width: 909px) 67vw, (max-width: 984px) 61vw, (max-width: 1362px) 45vw, 600px\" \/><\/a><\/p>\n<p>Emil J\u00f6nsson.<a href=\"http:\/\/media.husbilenfrida.se\/2018\/03\/3-Emil-Jo\u0308nsson-DSC06215.jpg\"><img loading=\"lazy\" decoding=\"async\" class=\"alignnone wp-image-972\" src=\"http:\/\/media.husbilenfrida.se\/2018\/03\/3-Emil-Jo\u0308nsson-DSC06215-300x200.jpg\" alt=\"\" width=\"600\" height=\"400\" srcset=\"https:\/\/media.husbilenfrida.se\/2018\/03\/3-Emil-Jo\u0308nsson-DSC06215-300x200.jpg 300w, https:\/\/media.husbilenfrida.se\/2018\/03\/3-Emil-Jo\u0308nsson-DSC06215-768x512.jpg 768w, https:\/\/media.husbilenfrida.se\/2018\/03\/3-Emil-Jo\u0308nsson-DSC06215-1024x683.jpg 1024w, https:\/\/media.husbilenfrida.se\/2018\/03\/3-Emil-Jo\u0308nsson-DSC06215-1200x800.jpg 1200w\" sizes=\"auto, (max-width: 709px) 85vw, (max-width: 909px) 67vw, (max-width: 984px) 61vw, (max-width: 1362px) 45vw, 600px\" \/><\/a><\/p>\n","protected":false},"excerpt":{"rendered":"<p>Dagen startade med\u2026 \u2026kanonfint v\u00e4der och i v\u00e4ntan p\u00e5 skidt\u00e4vlingarna med dagens jaktstarter damer och herrar t\u00e4nkte vi g\u00e5 p\u00e5 en f\u00f6rel\u00e4sning av Stellan Kv\u00e4rre. Vi gick till Sporthallen d\u00e4r f\u00f6rel\u00e4sningen skulle var kl 9.00 i dag. Lokalen rymmer s\u00e4kert 250 \u00e5h\u00f6rare n\u00e4r vi kommer dit 1 min i 9 \u00e4r vi bara en handfull &hellip; <a href=\"https:\/\/husbilenfrida.se\/?p=954\" class=\"more-link\">Forts\u00e4tt l\u00e4sa<span class=\"screen-reader-text\"> \u201d180318 Lugnet Falun dag 3.\u201d<\/span><\/a><\/p>\n","protected":false},"author":1,"featured_media":0,"comment_status":"open","ping_status":"closed","sticky":false,"template":"","format":"standard","meta":{"footnotes":""},"categories":[1],"tags":[],"class_list":["post-954","post","type-post","status-publish","format-standard","hentry","category-uncategorized"],"_links":{"self":[{"href":"https:\/\/husbilenfrida.se\/index.php?rest_route=\/wp\/v2\/posts\/954","targetHints":{"allow":["GET"]}}],"collection":[{"href":"https:\/\/husbilenfrida.se\/index.php?rest_route=\/wp\/v2\/posts"}],"about":[{"href":"https:\/\/husbilenfrida.se\/index.php?rest_route=\/wp\/v2\/types\/post"}],"author":[{"embeddable":true,"href":"https:\/\/husbilenfrida.se\/index.php?rest_route=\/wp\/v2\/users\/1"}],"replies":[{"embeddable":true,"href":"https:\/\/husbilenfrida.se\/index.php?rest_route=%2Fwp%2Fv2%2Fcomments&post=954"}],"version-history":[{"count":5,"href":"https:\/\/husbilenfrida.se\/index.php?rest_route=\/wp\/v2\/posts\/954\/revisions"}],"predecessor-version":[{"id":977,"href":"https:\/\/husbilenfrida.se\/index.php?rest_route=\/wp\/v2\/posts\/954\/revisions\/977"}],"wp:attachment":[{"href":"https:\/\/husbilenfrida.se\/index.php?rest_route=%2Fwp%2Fv2%2Fmedia&parent=954"}],"wp:term":[{"taxonomy":"category","embeddable":true,"href":"https:\/\/husbilenfrida.se\/index.php?rest_route=%2Fwp%2Fv2%2Fcategories&post=954"},{"taxonomy":"post_tag","embeddable":true,"href":"https:\/\/husbilenfrida.se\/index.php?rest_route=%2Fwp%2Fv2%2Ftags&post=954"}],"curies":[{"name":"wp","href":"https:\/\/api.w.org\/{rel}","templated":true}]}}