{"id":8922,"date":"2021-03-30T20:35:52","date_gmt":"2021-03-30T20:35:52","guid":{"rendered":"http:\/\/husbilenfrida.se\/?p=8922"},"modified":"2021-03-30T20:36:48","modified_gmt":"2021-03-30T20:36:48","slug":"210323-grisslehamn","status":"publish","type":"post","link":"https:\/\/husbilenfrida.se\/?p=8922","title":{"rendered":"210323 Grisslehamn"},"content":{"rendered":"\n<p>Det fina v\u00e4dret den 23 mars lockade oss till Grisslehamn och en eventuell tur med Ecker\u00f6linjen men redan vid middagstid var det fullt vid st\u00e4llplatserna vid hamnen s\u00e5 vi checkade in p\u00e5 campingen i st\u00e4llet. F\u00f6rmiddagsfikat intog vi i solen vid Kaller\u00f6 och lunchen kunde vi ocks\u00e5 \u00e4ta ute i solen n\u00e4r vi hade kommit i ordning i Grisslehamn.<\/p>\n<p>\u00a0<\/p>\n\n\n\n<figure class=\"wp-block-image size-large is-resized\"><a href=\"http:\/\/media.husbilenfrida.se\/2021\/03\/1024-DSC02738.jpg\"><img decoding=\"async\" src=\"http:\/\/media.husbilenfrida.se\/2021\/03\/1024-DSC02738.jpg\" alt=\"\" class=\"wp-image-8923\" width=\"600\" srcset=\"https:\/\/media.husbilenfrida.se\/2021\/03\/1024-DSC02738.jpg 1024w, https:\/\/media.husbilenfrida.se\/2021\/03\/1024-DSC02738-300x200.jpg 300w, https:\/\/media.husbilenfrida.se\/2021\/03\/1024-DSC02738-768x512.jpg 768w\" sizes=\"(max-width: 709px) 85vw, (max-width: 909px) 67vw, (max-width: 1362px) 62vw, 840px\" \/><\/a><\/figure>\n\n\n\n<figure class=\"wp-block-image size-large is-resized\"><a href=\"http:\/\/media.husbilenfrida.se\/2021\/03\/1024-DSC02725.jpg\"><img decoding=\"async\" src=\"http:\/\/media.husbilenfrida.se\/2021\/03\/1024-DSC02725.jpg\" alt=\"\" class=\"wp-image-8924\" width=\"600\" srcset=\"https:\/\/media.husbilenfrida.se\/2021\/03\/1024-DSC02725.jpg 1024w, https:\/\/media.husbilenfrida.se\/2021\/03\/1024-DSC02725-300x200.jpg 300w, https:\/\/media.husbilenfrida.se\/2021\/03\/1024-DSC02725-768x512.jpg 768w\" sizes=\"(max-width: 709px) 85vw, (max-width: 909px) 67vw, (max-width: 1362px) 62vw, 840px\" \/><\/a><\/figure>\n\n\n\n<figure class=\"wp-block-image size-large is-resized\"><a href=\"http:\/\/media.husbilenfrida.se\/2021\/03\/1024-DSC02728.jpg\"><img decoding=\"async\" src=\"http:\/\/media.husbilenfrida.se\/2021\/03\/1024-DSC02728.jpg\" alt=\"\" class=\"wp-image-8925\" width=\"600\" srcset=\"https:\/\/media.husbilenfrida.se\/2021\/03\/1024-DSC02728.jpg 1024w, https:\/\/media.husbilenfrida.se\/2021\/03\/1024-DSC02728-300x200.jpg 300w, https:\/\/media.husbilenfrida.se\/2021\/03\/1024-DSC02728-768x512.jpg 768w\" sizes=\"(max-width: 709px) 85vw, (max-width: 909px) 67vw, (max-width: 1362px) 62vw, 840px\" \/><\/a><\/figure>\n\n\n\n<figure class=\"wp-block-image size-large is-resized\"><a href=\"http:\/\/media.husbilenfrida.se\/2021\/03\/1024-DSC02732.jpg\"><img decoding=\"async\" src=\"http:\/\/media.husbilenfrida.se\/2021\/03\/1024-DSC02732.jpg\" alt=\"\" class=\"wp-image-8927\" width=\"600\" srcset=\"https:\/\/media.husbilenfrida.se\/2021\/03\/1024-DSC02732.jpg 1024w, https:\/\/media.husbilenfrida.se\/2021\/03\/1024-DSC02732-300x200.jpg 300w, https:\/\/media.husbilenfrida.se\/2021\/03\/1024-DSC02732-768x512.jpg 768w\" sizes=\"(max-width: 709px) 85vw, (max-width: 909px) 67vw, (max-width: 1362px) 62vw, 840px\" \/><\/a><\/figure>\n\n\n\n<figure class=\"wp-block-image size-large is-resized\"><a href=\"http:\/\/media.husbilenfrida.se\/2021\/03\/1024-DSC02733.jpg\"><img decoding=\"async\" src=\"http:\/\/media.husbilenfrida.se\/2021\/03\/1024-DSC02733.jpg\" alt=\"\" class=\"wp-image-8930\" width=\"600\" srcset=\"https:\/\/media.husbilenfrida.se\/2021\/03\/1024-DSC02733.jpg 1024w, https:\/\/media.husbilenfrida.se\/2021\/03\/1024-DSC02733-300x200.jpg 300w, https:\/\/media.husbilenfrida.se\/2021\/03\/1024-DSC02733-768x512.jpg 768w\" sizes=\"(max-width: 709px) 85vw, (max-width: 909px) 67vw, (max-width: 1362px) 62vw, 840px\" \/><\/a><\/figure>\n","protected":false},"excerpt":{"rendered":"<p>Det fina v\u00e4dret den 23 mars lockade oss till Grisslehamn och en eventuell tur med Ecker\u00f6linjen men redan vid middagstid var det fullt vid st\u00e4llplatserna vid hamnen s\u00e5 vi checkade in p\u00e5 campingen i st\u00e4llet. F\u00f6rmiddagsfikat intog vi i solen vid Kaller\u00f6 och lunchen kunde vi ocks\u00e5 \u00e4ta ute i solen n\u00e4r vi hade kommit &hellip; <a href=\"https:\/\/husbilenfrida.se\/?p=8922\" class=\"more-link\">Forts\u00e4tt l\u00e4sa<span class=\"screen-reader-text\"> \u201d210323 Grisslehamn\u201d<\/span><\/a><\/p>\n","protected":false},"author":1,"featured_media":0,"comment_status":"open","ping_status":"closed","sticky":false,"template":"","format":"standard","meta":{"footnotes":""},"categories":[1],"tags":[],"class_list":["post-8922","post","type-post","status-publish","format-standard","hentry","category-uncategorized"],"_links":{"self":[{"href":"https:\/\/husbilenfrida.se\/index.php?rest_route=\/wp\/v2\/posts\/8922","targetHints":{"allow":["GET"]}}],"collection":[{"href":"https:\/\/husbilenfrida.se\/index.php?rest_route=\/wp\/v2\/posts"}],"about":[{"href":"https:\/\/husbilenfrida.se\/index.php?rest_route=\/wp\/v2\/types\/post"}],"author":[{"embeddable":true,"href":"https:\/\/husbilenfrida.se\/index.php?rest_route=\/wp\/v2\/users\/1"}],"replies":[{"embeddable":true,"href":"https:\/\/husbilenfrida.se\/index.php?rest_route=%2Fwp%2Fv2%2Fcomments&post=8922"}],"version-history":[{"count":4,"href":"https:\/\/husbilenfrida.se\/index.php?rest_route=\/wp\/v2\/posts\/8922\/revisions"}],"predecessor-version":[{"id":8931,"href":"https:\/\/husbilenfrida.se\/index.php?rest_route=\/wp\/v2\/posts\/8922\/revisions\/8931"}],"wp:attachment":[{"href":"https:\/\/husbilenfrida.se\/index.php?rest_route=%2Fwp%2Fv2%2Fmedia&parent=8922"}],"wp:term":[{"taxonomy":"category","embeddable":true,"href":"https:\/\/husbilenfrida.se\/index.php?rest_route=%2Fwp%2Fv2%2Fcategories&post=8922"},{"taxonomy":"post_tag","embeddable":true,"href":"https:\/\/husbilenfrida.se\/index.php?rest_route=%2Fwp%2Fv2%2Ftags&post=8922"}],"curies":[{"name":"wp","href":"https:\/\/api.w.org\/{rel}","templated":true}]}}