{"id":8698,"date":"2021-03-30T11:09:20","date_gmt":"2021-03-30T11:09:20","guid":{"rendered":"http:\/\/husbilenfrida.se\/?p=8698"},"modified":"2021-03-30T11:10:24","modified_gmt":"2021-03-30T11:10:24","slug":"210310-hamtade-nya-frida","status":"publish","type":"post","link":"https:\/\/husbilenfrida.se\/?p=8698","title":{"rendered":"210310 H\u00e4mtade nya Frida!"},"content":{"rendered":"\n<p>Den 10 mars h\u00e4mtade vi nya Frida, en 2019-\u00e5rs KABE, LQB 780, hos Svea Husbilar i Kinna. V\u00e5r kompis Mats \u00e5kte med oss ner i v\u00e5r Golf och han tog sen hem bilen till V\u00e4ster\u00e5s igen s\u00e5 att vi kunde direktstarta med v\u00e5rt nya husbilsliv. Efter genomg\u00e5ng av ny teknik mm satte vi oss tillr\u00e4tta i husbilen f\u00f6r f\u00e4rd mot Kronocampingen i Lidk\u00f6ping som fick bli v\u00e5r f\u00f6rsta \u00f6vernattning. Vi firade nya husbilen med en r\u00e4kt\u00e5rta och lite bubbel. Det k\u00e4ndes j\u00e4ttebra att \u00e4ntligen f\u00e5 bo i husbil igen och komforten var det inget fel p\u00e5!<\/p>\n\n\n\n<figure class=\"wp-block-image size-large is-resized\"><a href=\"http:\/\/media.husbilenfrida.se\/2021\/03\/1-1024-DSC02372.jpg\"><img decoding=\"async\" src=\"http:\/\/media.husbilenfrida.se\/2021\/03\/1-1024-DSC02372-1024x1024.jpg\" alt=\"\" class=\"wp-image-8699\" width=\"600\" srcset=\"https:\/\/media.husbilenfrida.se\/2021\/03\/1-1024-DSC02372.jpg 1024w, https:\/\/media.husbilenfrida.se\/2021\/03\/1-1024-DSC02372-300x300.jpg 300w, https:\/\/media.husbilenfrida.se\/2021\/03\/1-1024-DSC02372-150x150.jpg 150w, https:\/\/media.husbilenfrida.se\/2021\/03\/1-1024-DSC02372-768x768.jpg 768w\" sizes=\"(max-width: 709px) 85vw, (max-width: 909px) 67vw, (max-width: 1362px) 62vw, 840px\" \/><\/a><\/figure>\n","protected":false},"excerpt":{"rendered":"<p>Den 10 mars h\u00e4mtade vi nya Frida, en 2019-\u00e5rs KABE, LQB 780, hos Svea Husbilar i Kinna. V\u00e5r kompis Mats \u00e5kte med oss ner i v\u00e5r Golf och han tog sen hem bilen till V\u00e4ster\u00e5s igen s\u00e5 att vi kunde direktstarta med v\u00e5rt nya husbilsliv. Efter genomg\u00e5ng av ny teknik mm satte vi oss tillr\u00e4tta &hellip; <a href=\"https:\/\/husbilenfrida.se\/?p=8698\" class=\"more-link\">Forts\u00e4tt l\u00e4sa<span class=\"screen-reader-text\"> \u201d210310 H\u00e4mtade nya Frida!\u201d<\/span><\/a><\/p>\n","protected":false},"author":1,"featured_media":0,"comment_status":"open","ping_status":"closed","sticky":false,"template":"","format":"standard","meta":{"footnotes":""},"categories":[1],"tags":[],"class_list":["post-8698","post","type-post","status-publish","format-standard","hentry","category-uncategorized"],"_links":{"self":[{"href":"https:\/\/husbilenfrida.se\/index.php?rest_route=\/wp\/v2\/posts\/8698","targetHints":{"allow":["GET"]}}],"collection":[{"href":"https:\/\/husbilenfrida.se\/index.php?rest_route=\/wp\/v2\/posts"}],"about":[{"href":"https:\/\/husbilenfrida.se\/index.php?rest_route=\/wp\/v2\/types\/post"}],"author":[{"embeddable":true,"href":"https:\/\/husbilenfrida.se\/index.php?rest_route=\/wp\/v2\/users\/1"}],"replies":[{"embeddable":true,"href":"https:\/\/husbilenfrida.se\/index.php?rest_route=%2Fwp%2Fv2%2Fcomments&post=8698"}],"version-history":[{"count":2,"href":"https:\/\/husbilenfrida.se\/index.php?rest_route=\/wp\/v2\/posts\/8698\/revisions"}],"predecessor-version":[{"id":8701,"href":"https:\/\/husbilenfrida.se\/index.php?rest_route=\/wp\/v2\/posts\/8698\/revisions\/8701"}],"wp:attachment":[{"href":"https:\/\/husbilenfrida.se\/index.php?rest_route=%2Fwp%2Fv2%2Fmedia&parent=8698"}],"wp:term":[{"taxonomy":"category","embeddable":true,"href":"https:\/\/husbilenfrida.se\/index.php?rest_route=%2Fwp%2Fv2%2Fcategories&post=8698"},{"taxonomy":"post_tag","embeddable":true,"href":"https:\/\/husbilenfrida.se\/index.php?rest_route=%2Fwp%2Fv2%2Ftags&post=8698"}],"curies":[{"name":"wp","href":"https:\/\/api.w.org\/{rel}","templated":true}]}}