{"id":6080,"date":"2020-01-06T09:18:21","date_gmt":"2020-01-06T09:18:21","guid":{"rendered":"http:\/\/husbilenfrida.se\/?p=6080"},"modified":"2020-01-06T17:26:42","modified_gmt":"2020-01-06T17:26:42","slug":"200106-sanering-och-frida-i-ide-ett-tag","status":"publish","type":"post","link":"https:\/\/husbilenfrida.se\/?p=6080","title":{"rendered":"200106 Tack Frida f\u00f6r en fin s\u00e4song&#8230;"},"content":{"rendered":"\n<p>&#8230; en s\u00e4song som r\u00e4ckte \u00e4nda in p\u00e5 nya \u00e5ret.<\/p>\n\n\n\n<figure class=\"wp-block-image size-large is-resized\"><a href=\"http:\/\/media.husbilenfrida.se\/2020\/01\/1-IMG_0520-2.jpg\"><img decoding=\"async\" src=\"http:\/\/media.husbilenfrida.se\/2020\/01\/1-IMG_0520-2.jpg\" alt=\"\" class=\"wp-image-6090\" width=\"600\" srcset=\"https:\/\/media.husbilenfrida.se\/2020\/01\/1-IMG_0520-2.jpg 875w, https:\/\/media.husbilenfrida.se\/2020\/01\/1-IMG_0520-2-256x300.jpg 256w, https:\/\/media.husbilenfrida.se\/2020\/01\/1-IMG_0520-2-768x899.jpg 768w\" sizes=\"(max-width: 709px) 85vw, (max-width: 909px) 67vw, (max-width: 1362px) 62vw, 840px\" \/><\/a><figcaption>Frida var rej\u00e4lt smutsig efter v\u00e5rt \u00e4ventyr i Dalarna &#8211; det tog ett par timmar i OKs tv\u00e4tthall att f\u00e5 henne ren och fin igen. (Dropparna p\u00e5 rutan \u00e4r bara resterna av lite yrsn\u00f6 som m\u00f6tte oss p\u00e5 v\u00e4gen till vinteridet.) \ud83d\ude09<\/figcaption><\/figure>\n\n\n\n<figure class=\"wp-block-image size-large is-resized\"><a href=\"http:\/\/media.husbilenfrida.se\/2020\/01\/1-IMG_0515.jpg\"><img decoding=\"async\" src=\"http:\/\/media.husbilenfrida.se\/2020\/01\/1-IMG_0515.jpg\" alt=\"\" class=\"wp-image-6082\" width=\"600\" srcset=\"https:\/\/media.husbilenfrida.se\/2020\/01\/1-IMG_0515.jpg 768w, https:\/\/media.husbilenfrida.se\/2020\/01\/1-IMG_0515-225x300.jpg 225w\" sizes=\"(max-width: 709px) 85vw, (max-width: 909px) 67vw, (max-width: 984px) 61vw, (max-width: 1362px) 45vw, 600px\" \/><\/a><\/figure>\n\n\n\n<figure class=\"wp-block-image size-large is-resized\"><a href=\"http:\/\/media.husbilenfrida.se\/2020\/01\/1-IMG_0513-1.jpg\"><img decoding=\"async\" src=\"http:\/\/media.husbilenfrida.se\/2020\/01\/1-IMG_0513-1.jpg\" alt=\"\" class=\"wp-image-6088\" width=\"600\" srcset=\"https:\/\/media.husbilenfrida.se\/2020\/01\/1-IMG_0513-1.jpg 956w, https:\/\/media.husbilenfrida.se\/2020\/01\/1-IMG_0513-1-280x300.jpg 280w, https:\/\/media.husbilenfrida.se\/2020\/01\/1-IMG_0513-1-768x823.jpg 768w\" sizes=\"(max-width: 709px) 85vw, (max-width: 909px) 67vw, (max-width: 1362px) 62vw, 840px\" \/><\/a><figcaption>Nu f\u00e5r Frida st\u00e5 inne under tak ett par m\u00e5nader innan det \u00e4r dags f\u00f6r n\u00e4sta tur &#8211; och blir det som vi t\u00e4nkt s\u00e5 g\u00e5r ocks\u00e5 den till Bjurs\u00e5s i Dalarna.<\/figcaption><\/figure>\n","protected":false},"excerpt":{"rendered":"<p>&#8230; en s\u00e4song som r\u00e4ckte \u00e4nda in p\u00e5 nya \u00e5ret.<\/p>\n","protected":false},"author":1,"featured_media":0,"comment_status":"open","ping_status":"closed","sticky":false,"template":"","format":"standard","meta":{"footnotes":""},"categories":[1],"tags":[],"class_list":["post-6080","post","type-post","status-publish","format-standard","hentry","category-uncategorized"],"_links":{"self":[{"href":"https:\/\/husbilenfrida.se\/index.php?rest_route=\/wp\/v2\/posts\/6080","targetHints":{"allow":["GET"]}}],"collection":[{"href":"https:\/\/husbilenfrida.se\/index.php?rest_route=\/wp\/v2\/posts"}],"about":[{"href":"https:\/\/husbilenfrida.se\/index.php?rest_route=\/wp\/v2\/types\/post"}],"author":[{"embeddable":true,"href":"https:\/\/husbilenfrida.se\/index.php?rest_route=\/wp\/v2\/users\/1"}],"replies":[{"embeddable":true,"href":"https:\/\/husbilenfrida.se\/index.php?rest_route=%2Fwp%2Fv2%2Fcomments&post=6080"}],"version-history":[{"count":11,"href":"https:\/\/husbilenfrida.se\/index.php?rest_route=\/wp\/v2\/posts\/6080\/revisions"}],"predecessor-version":[{"id":6110,"href":"https:\/\/husbilenfrida.se\/index.php?rest_route=\/wp\/v2\/posts\/6080\/revisions\/6110"}],"wp:attachment":[{"href":"https:\/\/husbilenfrida.se\/index.php?rest_route=%2Fwp%2Fv2%2Fmedia&parent=6080"}],"wp:term":[{"taxonomy":"category","embeddable":true,"href":"https:\/\/husbilenfrida.se\/index.php?rest_route=%2Fwp%2Fv2%2Fcategories&post=6080"},{"taxonomy":"post_tag","embeddable":true,"href":"https:\/\/husbilenfrida.se\/index.php?rest_route=%2Fwp%2Fv2%2Ftags&post=6080"}],"curies":[{"name":"wp","href":"https:\/\/api.w.org\/{rel}","templated":true}]}}