{"id":5908,"date":"2019-12-20T14:52:27","date_gmt":"2019-12-20T14:52:27","guid":{"rendered":"http:\/\/husbilenfrida.se\/?p=5908"},"modified":"2019-12-20T16:08:25","modified_gmt":"2019-12-20T16:08:25","slug":"191209-mellansundet","status":"publish","type":"post","link":"https:\/\/husbilenfrida.se\/?p=5908","title":{"rendered":"191209 Mellansundet."},"content":{"rendered":"\n<p>Nu har Frida f\u00e5tt ny kamrem, blivit servad och tv\u00e4ttad. <br>Vinterhjulen \u00e4r p\u00e5 sen tidigare&#8230;<\/p>\n\n\n\n<figure class=\"wp-block-image size-large is-resized\"><a href=\"http:\/\/media.husbilenfrida.se\/2019\/12\/bildmedskugga.jpg\"><img decoding=\"async\" src=\"http:\/\/media.husbilenfrida.se\/2019\/12\/bildmedskugga-862x1024.jpg\" alt=\"\" class=\"wp-image-5909\" height=\"500\" srcset=\"https:\/\/media.husbilenfrida.se\/2019\/12\/bildmedskugga-862x1024.jpg 862w, https:\/\/media.husbilenfrida.se\/2019\/12\/bildmedskugga-253x300.jpg 253w, https:\/\/media.husbilenfrida.se\/2019\/12\/bildmedskugga-768x912.jpg 768w, https:\/\/media.husbilenfrida.se\/2019\/12\/bildmedskugga.jpg 1028w\" sizes=\"(max-width: 709px) 85vw, (max-width: 909px) 67vw, (max-width: 1362px) 62vw, 840px\" \/><\/a><\/figure>\n\n\n\n\n\n<figure class=\"wp-block-image size-large is-resized\"><a href=\"http:\/\/media.husbilenfrida.se\/2019\/12\/0-DSC08926-1.jpg\"><img decoding=\"async\" src=\"http:\/\/media.husbilenfrida.se\/2019\/12\/0-DSC08926-1.jpg\" alt=\"\" class=\"wp-image-5934\" width=\"600\" srcset=\"https:\/\/media.husbilenfrida.se\/2019\/12\/0-DSC08926-1.jpg 1024w, https:\/\/media.husbilenfrida.se\/2019\/12\/0-DSC08926-1-300x200.jpg 300w, https:\/\/media.husbilenfrida.se\/2019\/12\/0-DSC08926-1-768x512.jpg 768w\" sizes=\"(max-width: 709px) 85vw, (max-width: 909px) 67vw, (max-width: 1362px) 62vw, 840px\" \/><\/a><\/figure>\n\n\n\n<figure class=\"wp-block-image size-large is-resized\"><a href=\"http:\/\/media.husbilenfrida.se\/2019\/12\/1-DSC08913.jpg\"><img decoding=\"async\" src=\"http:\/\/media.husbilenfrida.se\/2019\/12\/1-DSC08913.jpg\" alt=\"\" class=\"wp-image-5913\" width=\"600\" srcset=\"https:\/\/media.husbilenfrida.se\/2019\/12\/1-DSC08913.jpg 1024w, https:\/\/media.husbilenfrida.se\/2019\/12\/1-DSC08913-300x200.jpg 300w, https:\/\/media.husbilenfrida.se\/2019\/12\/1-DSC08913-768x512.jpg 768w\" sizes=\"(max-width: 709px) 85vw, (max-width: 909px) 67vw, (max-width: 1362px) 62vw, 840px\" \/><\/a><\/figure>\n\n\n\n<figure class=\"wp-block-image size-large is-resized\"><a href=\"http:\/\/media.husbilenfrida.se\/2019\/12\/2-DSC08930.jpg\"><img decoding=\"async\" src=\"http:\/\/media.husbilenfrida.se\/2019\/12\/2-DSC08930.jpg\" alt=\"\" class=\"wp-image-5916\" width=\"600\" srcset=\"https:\/\/media.husbilenfrida.se\/2019\/12\/2-DSC08930.jpg 1024w, https:\/\/media.husbilenfrida.se\/2019\/12\/2-DSC08930-300x200.jpg 300w, https:\/\/media.husbilenfrida.se\/2019\/12\/2-DSC08930-768x512.jpg 768w\" sizes=\"(max-width: 709px) 85vw, (max-width: 909px) 67vw, (max-width: 1362px) 62vw, 840px\" \/><\/a><\/figure>\n\n\n\n<p>s\u00e5 nu ser vi fram emot nya vinter\u00e4ventyr. <\/p>\n\n\n\n<p>Det ryktas om hjulbord p\u00e5 Westerqwarn och ny\u00e5r p\u00e5 en trivsam vintercamping&#8230;<\/p>\n\n\n\n<p>Vi i husbilen Frida vill passa p\u00e5 att \u00f6nska alla <br>en Riktigt God Jul och Ett Gott Nytt \u00c5r!<\/p>\n\n\n\n<figure class=\"wp-block-image size-full is-resized\"><a href=\"http:\/\/media.husbilenfrida.se\/2019\/12\/Julkort-2019-liten-Anna.jpg\"><img decoding=\"async\" src=\"http:\/\/media.husbilenfrida.se\/2019\/12\/Julkort-2019-liten-Anna.jpg\" alt=\"\" class=\"wp-image-5918\" width=\"600\" srcset=\"https:\/\/media.husbilenfrida.se\/2019\/12\/Julkort-2019-liten-Anna.jpg 1500w, https:\/\/media.husbilenfrida.se\/2019\/12\/Julkort-2019-liten-Anna-300x213.jpg 300w, https:\/\/media.husbilenfrida.se\/2019\/12\/Julkort-2019-liten-Anna-1024x726.jpg 1024w, https:\/\/media.husbilenfrida.se\/2019\/12\/Julkort-2019-liten-Anna-768x545.jpg 768w, https:\/\/media.husbilenfrida.se\/2019\/12\/Julkort-2019-liten-Anna-1200x851.jpg 1200w\" sizes=\"(max-width: 709px) 85vw, (max-width: 909px) 67vw, (max-width: 1362px) 62vw, 840px\" \/><\/a><\/figure>\n\n\n\n<p>Ann och S\u00f6ren<\/p>\n\n\n","protected":false},"excerpt":{"rendered":"<p>Nu har Frida f\u00e5tt ny kamrem, blivit servad och tv\u00e4ttad. Vinterhjulen \u00e4r p\u00e5 sen tidigare&#8230; s\u00e5 nu ser vi fram emot nya vinter\u00e4ventyr. Det ryktas om hjulbord p\u00e5 Westerqwarn och ny\u00e5r p\u00e5 en trivsam vintercamping&#8230; Vi i husbilen Frida vill passa p\u00e5 att \u00f6nska alla en Riktigt God Jul och Ett Gott Nytt \u00c5r! Ann &hellip; <a href=\"https:\/\/husbilenfrida.se\/?p=5908\" class=\"more-link\">Forts\u00e4tt l\u00e4sa<span class=\"screen-reader-text\"> \u201d191209 Mellansundet.\u201d<\/span><\/a><\/p>\n","protected":false},"author":1,"featured_media":0,"comment_status":"open","ping_status":"closed","sticky":false,"template":"","format":"standard","meta":{"footnotes":""},"categories":[1],"tags":[],"class_list":["post-5908","post","type-post","status-publish","format-standard","hentry","category-uncategorized"],"_links":{"self":[{"href":"https:\/\/husbilenfrida.se\/index.php?rest_route=\/wp\/v2\/posts\/5908","targetHints":{"allow":["GET"]}}],"collection":[{"href":"https:\/\/husbilenfrida.se\/index.php?rest_route=\/wp\/v2\/posts"}],"about":[{"href":"https:\/\/husbilenfrida.se\/index.php?rest_route=\/wp\/v2\/types\/post"}],"author":[{"embeddable":true,"href":"https:\/\/husbilenfrida.se\/index.php?rest_route=\/wp\/v2\/users\/1"}],"replies":[{"embeddable":true,"href":"https:\/\/husbilenfrida.se\/index.php?rest_route=%2Fwp%2Fv2%2Fcomments&post=5908"}],"version-history":[{"count":16,"href":"https:\/\/husbilenfrida.se\/index.php?rest_route=\/wp\/v2\/posts\/5908\/revisions"}],"predecessor-version":[{"id":5941,"href":"https:\/\/husbilenfrida.se\/index.php?rest_route=\/wp\/v2\/posts\/5908\/revisions\/5941"}],"wp:attachment":[{"href":"https:\/\/husbilenfrida.se\/index.php?rest_route=%2Fwp%2Fv2%2Fmedia&parent=5908"}],"wp:term":[{"taxonomy":"category","embeddable":true,"href":"https:\/\/husbilenfrida.se\/index.php?rest_route=%2Fwp%2Fv2%2Fcategories&post=5908"},{"taxonomy":"post_tag","embeddable":true,"href":"https:\/\/husbilenfrida.se\/index.php?rest_route=%2Fwp%2Fv2%2Ftags&post=5908"}],"curies":[{"name":"wp","href":"https:\/\/api.w.org\/{rel}","templated":true}]}}