{"id":5608,"date":"2019-11-16T12:11:06","date_gmt":"2019-11-16T12:11:06","guid":{"rendered":"http:\/\/husbilenfrida.se\/?p=5608"},"modified":"2019-12-20T15:14:29","modified_gmt":"2019-12-20T15:14:29","slug":"191114-askersund","status":"publish","type":"post","link":"https:\/\/husbilenfrida.se\/?p=5608","title":{"rendered":"191114 Askersund&#8230;"},"content":{"rendered":"\n<figure class=\"wp-block-image size-full is-resized is-style-default\"><img decoding=\"async\" src=\"http:\/\/media.husbilenfrida.se\/2019\/11\/Ska\u0308rmavbild-2019-11-16-kl.-13.57.14.png\" alt=\"\" class=\"wp-image-5713\" width=\"600\" srcset=\"https:\/\/media.husbilenfrida.se\/2019\/11\/Ska\u0308rmavbild-2019-11-16-kl.-13.57.14.png 693w, https:\/\/media.husbilenfrida.se\/2019\/11\/Ska\u0308rmavbild-2019-11-16-kl.-13.57.14-258x300.png 258w\" sizes=\"(max-width: 709px) 85vw, (max-width: 909px) 67vw, (max-width: 984px) 61vw, (max-width: 1362px) 45vw, 600px\" \/><\/figure>\n\n\n\n<p>blev sista \u00f6vernattningsst\u00e4llet p\u00e5 den h\u00e4r turen. St\u00e4llplatsen, centralt  vid g\u00e4sthamnen, var st\u00e4ngd f\u00f6r s\u00e4songen men vi stod tillsammans med tre andra husbilar p\u00e5 parkeringen utanf\u00f6r.<\/p>\n\n\n\n<figure class=\"wp-block-image size-full is-resized\"><a href=\"http:\/\/media.husbilenfrida.se\/2019\/11\/1-DSC08455-1.jpg\"><img decoding=\"async\" src=\"http:\/\/media.husbilenfrida.se\/2019\/11\/1-DSC08455-1.jpg\" alt=\"\" class=\"wp-image-5610\" width=\"600\" srcset=\"https:\/\/media.husbilenfrida.se\/2019\/11\/1-DSC08455-1.jpg 1024w, https:\/\/media.husbilenfrida.se\/2019\/11\/1-DSC08455-1-300x175.jpg 300w, https:\/\/media.husbilenfrida.se\/2019\/11\/1-DSC08455-1-768x449.jpg 768w\" sizes=\"(max-width: 709px) 85vw, (max-width: 909px) 67vw, (max-width: 1362px) 62vw, 840px\" \/><\/a><\/figure>\n\n\n\n<figure class=\"wp-block-image size-full is-resized\"><a href=\"http:\/\/media.husbilenfrida.se\/2019\/11\/2-DSC08450.jpg\"><img decoding=\"async\" src=\"http:\/\/media.husbilenfrida.se\/2019\/11\/2-DSC08450.jpg\" alt=\"\" class=\"wp-image-5612\" width=\"600\" srcset=\"https:\/\/media.husbilenfrida.se\/2019\/11\/2-DSC08450.jpg 1024w, https:\/\/media.husbilenfrida.se\/2019\/11\/2-DSC08450-300x200.jpg 300w, https:\/\/media.husbilenfrida.se\/2019\/11\/2-DSC08450-768x512.jpg 768w\" sizes=\"(max-width: 709px) 85vw, (max-width: 909px) 67vw, (max-width: 1362px) 62vw, 840px\" \/><\/a><\/figure>\n\n\n\n<figure class=\"wp-block-image size-full is-resized\"><a href=\"http:\/\/media.husbilenfrida.se\/2019\/11\/4-DSC08461.jpg\"><img decoding=\"async\" src=\"http:\/\/media.husbilenfrida.se\/2019\/11\/4-DSC08461.jpg\" alt=\"\" class=\"wp-image-5614\" width=\"600\" srcset=\"https:\/\/media.husbilenfrida.se\/2019\/11\/4-DSC08461.jpg 1024w, https:\/\/media.husbilenfrida.se\/2019\/11\/4-DSC08461-300x201.jpg 300w, https:\/\/media.husbilenfrida.se\/2019\/11\/4-DSC08461-768x514.jpg 768w\" sizes=\"(max-width: 709px) 85vw, (max-width: 909px) 67vw, (max-width: 1362px) 62vw, 840px\" \/><\/a><\/figure>\n\n\n\n<figure class=\"wp-block-image size-full is-resized\"><a href=\"http:\/\/media.husbilenfrida.se\/2019\/11\/5-DSC08466.jpg\"><img decoding=\"async\" src=\"http:\/\/media.husbilenfrida.se\/2019\/11\/5-DSC08466.jpg\" alt=\"\" class=\"wp-image-5616\" width=\"600\" srcset=\"https:\/\/media.husbilenfrida.se\/2019\/11\/5-DSC08466.jpg 1024w, https:\/\/media.husbilenfrida.se\/2019\/11\/5-DSC08466-300x200.jpg 300w, https:\/\/media.husbilenfrida.se\/2019\/11\/5-DSC08466-768x512.jpg 768w\" sizes=\"(max-width: 709px) 85vw, (max-width: 909px) 67vw, (max-width: 1362px) 62vw, 840px\" \/><\/a><\/figure>\n\n\n\n<figure class=\"wp-block-image size-full is-resized\"><a href=\"http:\/\/media.husbilenfrida.se\/2019\/11\/5-DSC08469.jpg\"><img decoding=\"async\" src=\"http:\/\/media.husbilenfrida.se\/2019\/11\/5-DSC08469.jpg\" alt=\"\" class=\"wp-image-5618\" width=\"600\" srcset=\"https:\/\/media.husbilenfrida.se\/2019\/11\/5-DSC08469.jpg 1024w, https:\/\/media.husbilenfrida.se\/2019\/11\/5-DSC08469-300x200.jpg 300w, https:\/\/media.husbilenfrida.se\/2019\/11\/5-DSC08469-768x512.jpg 768w\" sizes=\"(max-width: 709px) 85vw, (max-width: 909px) 67vw, (max-width: 1362px) 62vw, 840px\" \/><\/a><\/figure>\n\n\n\n<figure class=\"wp-block-image size-full is-resized\"><a href=\"http:\/\/media.husbilenfrida.se\/2019\/11\/6-DSC08458.jpg\"><img decoding=\"async\" src=\"http:\/\/media.husbilenfrida.se\/2019\/11\/6-DSC08458.jpg\" alt=\"\" class=\"wp-image-5620\" width=\"600\" srcset=\"https:\/\/media.husbilenfrida.se\/2019\/11\/6-DSC08458.jpg 1024w, https:\/\/media.husbilenfrida.se\/2019\/11\/6-DSC08458-300x200.jpg 300w, https:\/\/media.husbilenfrida.se\/2019\/11\/6-DSC08458-768x513.jpg 768w\" sizes=\"(max-width: 709px) 85vw, (max-width: 909px) 67vw, (max-width: 1362px) 62vw, 840px\" \/><\/a><\/figure>\n\n\n\n<p>Vid hemkomsten till Mellansundet \u00e5terstod det bara att packa ur bilen och att t\u00f6mma vattentankar s\u00e5 att Frida blir klar f\u00f6r vinterf\u00f6rvaring. Men f\u00f6rst ska hon f\u00e5 en ordentlig yttre reng\u00f6ring och s\u00e5 v\u00e4ntar vi p\u00e5 tid f\u00f6r service och kamremsbyte. Sen \u00e4r hon redo f\u00f6r nya \u00e4ventyr. Vem vet, det kanske blir f\u00f6rr \u00e4n man anar. Det ryktas om ny\u00e5rsfirande i husbil&#8230;..<\/p>\n\n\n\n<figure class=\"wp-block-image size-full is-resized\"><img decoding=\"async\" src=\"http:\/\/media.husbilenfrida.se\/2019\/11\/Ska\u0308rmavbild-2019-11-16-kl.-14.00.45.png\" alt=\"\" class=\"wp-image-5721\" width=\"600\" srcset=\"https:\/\/media.husbilenfrida.se\/2019\/11\/Ska\u0308rmavbild-2019-11-16-kl.-14.00.45.png 707w, https:\/\/media.husbilenfrida.se\/2019\/11\/Ska\u0308rmavbild-2019-11-16-kl.-14.00.45-300x269.png 300w\" sizes=\"(max-width: 709px) 85vw, (max-width: 909px) 67vw, (max-width: 984px) 61vw, (max-width: 1362px) 45vw, 600px\" \/><\/figure>\n","protected":false},"excerpt":{"rendered":"<p>blev sista \u00f6vernattningsst\u00e4llet p\u00e5 den h\u00e4r turen. St\u00e4llplatsen, centralt vid g\u00e4sthamnen, var st\u00e4ngd f\u00f6r s\u00e4songen men vi stod tillsammans med tre andra husbilar p\u00e5 parkeringen utanf\u00f6r. Vid hemkomsten till Mellansundet \u00e5terstod det bara att packa ur bilen och att t\u00f6mma vattentankar s\u00e5 att Frida blir klar f\u00f6r vinterf\u00f6rvaring. Men f\u00f6rst ska hon f\u00e5 en ordentlig &hellip; <a href=\"https:\/\/husbilenfrida.se\/?p=5608\" class=\"more-link\">Forts\u00e4tt l\u00e4sa<span class=\"screen-reader-text\"> \u201d191114 Askersund&#8230;\u201d<\/span><\/a><\/p>\n","protected":false},"author":1,"featured_media":0,"comment_status":"open","ping_status":"closed","sticky":false,"template":"","format":"standard","meta":{"footnotes":""},"categories":[1],"tags":[],"class_list":["post-5608","post","type-post","status-publish","format-standard","hentry","category-uncategorized"],"_links":{"self":[{"href":"https:\/\/husbilenfrida.se\/index.php?rest_route=\/wp\/v2\/posts\/5608","targetHints":{"allow":["GET"]}}],"collection":[{"href":"https:\/\/husbilenfrida.se\/index.php?rest_route=\/wp\/v2\/posts"}],"about":[{"href":"https:\/\/husbilenfrida.se\/index.php?rest_route=\/wp\/v2\/types\/post"}],"author":[{"embeddable":true,"href":"https:\/\/husbilenfrida.se\/index.php?rest_route=\/wp\/v2\/users\/1"}],"replies":[{"embeddable":true,"href":"https:\/\/husbilenfrida.se\/index.php?rest_route=%2Fwp%2Fv2%2Fcomments&post=5608"}],"version-history":[{"count":28,"href":"https:\/\/husbilenfrida.se\/index.php?rest_route=\/wp\/v2\/posts\/5608\/revisions"}],"predecessor-version":[{"id":5932,"href":"https:\/\/husbilenfrida.se\/index.php?rest_route=\/wp\/v2\/posts\/5608\/revisions\/5932"}],"wp:attachment":[{"href":"https:\/\/husbilenfrida.se\/index.php?rest_route=%2Fwp%2Fv2%2Fmedia&parent=5608"}],"wp:term":[{"taxonomy":"category","embeddable":true,"href":"https:\/\/husbilenfrida.se\/index.php?rest_route=%2Fwp%2Fv2%2Fcategories&post=5608"},{"taxonomy":"post_tag","embeddable":true,"href":"https:\/\/husbilenfrida.se\/index.php?rest_route=%2Fwp%2Fv2%2Ftags&post=5608"}],"curies":[{"name":"wp","href":"https:\/\/api.w.org\/{rel}","templated":true}]}}