{"id":5453,"date":"2019-11-16T09:28:11","date_gmt":"2019-11-16T09:28:11","guid":{"rendered":"http:\/\/husbilenfrida.se\/?p=5453"},"modified":"2019-11-21T15:44:19","modified_gmt":"2019-11-21T15:44:19","slug":"191110-mariestad","status":"publish","type":"post","link":"https:\/\/husbilenfrida.se\/?p=5453","title":{"rendered":"191110 Mariestad"},"content":{"rendered":"\n<figure class=\"wp-block-image size-full\"><img loading=\"lazy\" decoding=\"async\" width=\"729\" height=\"440\" src=\"http:\/\/media.husbilenfrida.se\/2019\/11\/Ska\u0308rmavbild-2019-11-16-kl.-13.32.49.png\" alt=\"\" class=\"wp-image-5635\" srcset=\"https:\/\/media.husbilenfrida.se\/2019\/11\/Ska\u0308rmavbild-2019-11-16-kl.-13.32.49.png 729w, https:\/\/media.husbilenfrida.se\/2019\/11\/Ska\u0308rmavbild-2019-11-16-kl.-13.32.49-300x181.png 300w\" sizes=\"auto, (max-width: 709px) 85vw, (max-width: 909px) 67vw, (max-width: 984px) 61vw, (max-width: 1362px) 45vw, 600px\" \/><\/figure>\n\n\n\n<p>Nja, Borensberg var kanske inte det b\u00e4sta valet med tanke p\u00e5 att vi hade t\u00e4nkt oss att \u00e5ka till V\u00e4stkusten &#8211; V\u00e4ttern kom ju emellan. S\u00e5 vi fick&nbsp; \u00e5ka lite norrut \u00f6ver Askersund. Men det gjorde ingenting f\u00f6r nu fick vi tillf\u00e4lle att stanna till vid Verner von Heidenstams \u00d6vralid &#8211; n\u00e5got som inte hade blivit av tidigare. Dit \u00e5terkommer vi nog i v\u00e5r\/sommar och njuter mer av de vackra omgivningarna som idag l\u00e5g inb\u00e4ddade i dis och dimma.<\/p>\n\n\n\n<figure class=\"wp-block-image size-full is-resized\"><a href=\"http:\/\/media.husbilenfrida.se\/2019\/11\/5-DSC08065.jpg\"><img decoding=\"async\" src=\"http:\/\/media.husbilenfrida.se\/2019\/11\/5-DSC08065.jpg\" alt=\"\" class=\"wp-image-5454\" width=\"600\" srcset=\"https:\/\/media.husbilenfrida.se\/2019\/11\/5-DSC08065.jpg 2300w, https:\/\/media.husbilenfrida.se\/2019\/11\/5-DSC08065-300x200.jpg 300w, https:\/\/media.husbilenfrida.se\/2019\/11\/5-DSC08065-1024x683.jpg 1024w, https:\/\/media.husbilenfrida.se\/2019\/11\/5-DSC08065-768x513.jpg 768w, https:\/\/media.husbilenfrida.se\/2019\/11\/5-DSC08065-1536x1025.jpg 1536w, https:\/\/media.husbilenfrida.se\/2019\/11\/5-DSC08065-2048x1367.jpg 2048w, https:\/\/media.husbilenfrida.se\/2019\/11\/5-DSC08065-1200x801.jpg 1200w\" sizes=\"(max-width: 709px) 85vw, (max-width: 909px) 67vw, (max-width: 1362px) 62vw, 840px\" \/><\/a><\/figure>\n\n\n\n<figure class=\"wp-block-image size-full is-resized\"><a href=\"http:\/\/media.husbilenfrida.se\/2019\/11\/5a-DSC08066.jpg\"><img decoding=\"async\" src=\"http:\/\/media.husbilenfrida.se\/2019\/11\/5a-DSC08066.jpg\" alt=\"\" class=\"wp-image-5455\" width=\"600\" srcset=\"https:\/\/media.husbilenfrida.se\/2019\/11\/5a-DSC08066.jpg 2300w, https:\/\/media.husbilenfrida.se\/2019\/11\/5a-DSC08066-300x200.jpg 300w, https:\/\/media.husbilenfrida.se\/2019\/11\/5a-DSC08066-1024x683.jpg 1024w, https:\/\/media.husbilenfrida.se\/2019\/11\/5a-DSC08066-768x513.jpg 768w, https:\/\/media.husbilenfrida.se\/2019\/11\/5a-DSC08066-1536x1025.jpg 1536w, https:\/\/media.husbilenfrida.se\/2019\/11\/5a-DSC08066-2048x1367.jpg 2048w, https:\/\/media.husbilenfrida.se\/2019\/11\/5a-DSC08066-1200x801.jpg 1200w\" sizes=\"(max-width: 709px) 85vw, (max-width: 909px) 67vw, (max-width: 1362px) 62vw, 840px\" \/><\/a><\/figure>\n\n\n\n<figure class=\"wp-block-image size-full is-resized\"><a href=\"http:\/\/media.husbilenfrida.se\/2019\/11\/6-DSC08070.jpg\"><img decoding=\"async\" src=\"http:\/\/media.husbilenfrida.se\/2019\/11\/6-DSC08070.jpg\" alt=\"\" class=\"wp-image-5457\" width=\"600\" srcset=\"https:\/\/media.husbilenfrida.se\/2019\/11\/6-DSC08070.jpg 2300w, https:\/\/media.husbilenfrida.se\/2019\/11\/6-DSC08070-300x200.jpg 300w, https:\/\/media.husbilenfrida.se\/2019\/11\/6-DSC08070-1024x683.jpg 1024w, https:\/\/media.husbilenfrida.se\/2019\/11\/6-DSC08070-768x513.jpg 768w, https:\/\/media.husbilenfrida.se\/2019\/11\/6-DSC08070-1536x1025.jpg 1536w, https:\/\/media.husbilenfrida.se\/2019\/11\/6-DSC08070-2048x1367.jpg 2048w, https:\/\/media.husbilenfrida.se\/2019\/11\/6-DSC08070-1200x801.jpg 1200w\" sizes=\"(max-width: 709px) 85vw, (max-width: 909px) 67vw, (max-width: 1362px) 62vw, 840px\" \/><\/a><\/figure>\n\n\n\n<figure class=\"wp-block-image size-full is-resized\"><a href=\"http:\/\/media.husbilenfrida.se\/2019\/11\/7-DSC08072.jpg\"><img decoding=\"async\" src=\"http:\/\/media.husbilenfrida.se\/2019\/11\/7-DSC08072.jpg\" alt=\"\" class=\"wp-image-5458\" width=\"600\" srcset=\"https:\/\/media.husbilenfrida.se\/2019\/11\/7-DSC08072.jpg 2300w, https:\/\/media.husbilenfrida.se\/2019\/11\/7-DSC08072-300x200.jpg 300w, https:\/\/media.husbilenfrida.se\/2019\/11\/7-DSC08072-1024x683.jpg 1024w, https:\/\/media.husbilenfrida.se\/2019\/11\/7-DSC08072-768x513.jpg 768w, https:\/\/media.husbilenfrida.se\/2019\/11\/7-DSC08072-1536x1025.jpg 1536w, https:\/\/media.husbilenfrida.se\/2019\/11\/7-DSC08072-2048x1367.jpg 2048w, https:\/\/media.husbilenfrida.se\/2019\/11\/7-DSC08072-1200x801.jpg 1200w\" sizes=\"(max-width: 709px) 85vw, (max-width: 909px) 67vw, (max-width: 1362px) 62vw, 840px\" \/><\/a><\/figure>\n\n\n\n<p>Mariestad, har v\u00e4lordnade st\u00e4llplatser nere vid hamnen. Bra servicehus och l\u00e4tt att t\u00f6mma gr\u00e5- och svartvatten. Tyv\u00e4rr var det d\u00e5ligt med tillg\u00e5ng till f\u00e4rskvatten.<\/p>\n\n\n\n<figure class=\"wp-block-image size-full is-resized\"><a href=\"http:\/\/media.husbilenfrida.se\/2019\/11\/1-Mariestad-DSC08083.jpg\"><img decoding=\"async\" src=\"http:\/\/media.husbilenfrida.se\/2019\/11\/1-Mariestad-DSC08083.jpg\" alt=\"\" class=\"wp-image-5460\" width=\"600\" srcset=\"https:\/\/media.husbilenfrida.se\/2019\/11\/1-Mariestad-DSC08083.jpg 2300w, https:\/\/media.husbilenfrida.se\/2019\/11\/1-Mariestad-DSC08083-300x200.jpg 300w, https:\/\/media.husbilenfrida.se\/2019\/11\/1-Mariestad-DSC08083-1024x683.jpg 1024w, https:\/\/media.husbilenfrida.se\/2019\/11\/1-Mariestad-DSC08083-768x513.jpg 768w, https:\/\/media.husbilenfrida.se\/2019\/11\/1-Mariestad-DSC08083-1536x1025.jpg 1536w, https:\/\/media.husbilenfrida.se\/2019\/11\/1-Mariestad-DSC08083-2048x1367.jpg 2048w, https:\/\/media.husbilenfrida.se\/2019\/11\/1-Mariestad-DSC08083-1200x801.jpg 1200w\" sizes=\"(max-width: 709px) 85vw, (max-width: 909px) 67vw, (max-width: 1362px) 62vw, 840px\" \/><\/a><\/figure>\n\n\n\n<figure class=\"wp-block-image size-full is-resized\"><a href=\"http:\/\/media.husbilenfrida.se\/2019\/11\/2-DSC08087.jpg\"><img decoding=\"async\" src=\"http:\/\/media.husbilenfrida.se\/2019\/11\/2-DSC08087.jpg\" alt=\"\" class=\"wp-image-5462\" width=\"600\" srcset=\"https:\/\/media.husbilenfrida.se\/2019\/11\/2-DSC08087.jpg 2300w, https:\/\/media.husbilenfrida.se\/2019\/11\/2-DSC08087-300x200.jpg 300w, https:\/\/media.husbilenfrida.se\/2019\/11\/2-DSC08087-1024x683.jpg 1024w, https:\/\/media.husbilenfrida.se\/2019\/11\/2-DSC08087-768x513.jpg 768w, https:\/\/media.husbilenfrida.se\/2019\/11\/2-DSC08087-1536x1025.jpg 1536w, https:\/\/media.husbilenfrida.se\/2019\/11\/2-DSC08087-2048x1367.jpg 2048w, https:\/\/media.husbilenfrida.se\/2019\/11\/2-DSC08087-1200x801.jpg 1200w\" sizes=\"(max-width: 709px) 85vw, (max-width: 909px) 67vw, (max-width: 1362px) 62vw, 840px\" \/><\/a><\/figure>\n\n\n\n<figure class=\"wp-block-image size-full is-resized\"><a href=\"http:\/\/media.husbilenfrida.se\/2019\/11\/3-DSC08090.jpg\"><img decoding=\"async\" src=\"http:\/\/media.husbilenfrida.se\/2019\/11\/3-DSC08090.jpg\" alt=\"\" class=\"wp-image-5464\" width=\"600\" srcset=\"https:\/\/media.husbilenfrida.se\/2019\/11\/3-DSC08090.jpg 2300w, https:\/\/media.husbilenfrida.se\/2019\/11\/3-DSC08090-300x200.jpg 300w, https:\/\/media.husbilenfrida.se\/2019\/11\/3-DSC08090-1024x683.jpg 1024w, https:\/\/media.husbilenfrida.se\/2019\/11\/3-DSC08090-768x513.jpg 768w, https:\/\/media.husbilenfrida.se\/2019\/11\/3-DSC08090-1536x1025.jpg 1536w, https:\/\/media.husbilenfrida.se\/2019\/11\/3-DSC08090-2048x1367.jpg 2048w, https:\/\/media.husbilenfrida.se\/2019\/11\/3-DSC08090-1200x801.jpg 1200w\" sizes=\"(max-width: 709px) 85vw, (max-width: 909px) 67vw, (max-width: 1362px) 62vw, 840px\" \/><\/a><\/figure>\n","protected":false},"excerpt":{"rendered":"<p>Nja, Borensberg var kanske inte det b\u00e4sta valet med tanke p\u00e5 att vi hade t\u00e4nkt oss att \u00e5ka till V\u00e4stkusten &#8211; V\u00e4ttern kom ju emellan. S\u00e5 vi fick&nbsp; \u00e5ka lite norrut \u00f6ver Askersund. Men det gjorde ingenting f\u00f6r nu fick vi tillf\u00e4lle att stanna till vid Verner von Heidenstams \u00d6vralid &#8211; n\u00e5got som inte hade &hellip; <a href=\"https:\/\/husbilenfrida.se\/?p=5453\" class=\"more-link\">Forts\u00e4tt l\u00e4sa<span class=\"screen-reader-text\"> \u201d191110 Mariestad\u201d<\/span><\/a><\/p>\n","protected":false},"author":1,"featured_media":0,"comment_status":"open","ping_status":"closed","sticky":false,"template":"","format":"standard","meta":{"footnotes":""},"categories":[1],"tags":[],"class_list":["post-5453","post","type-post","status-publish","format-standard","hentry","category-uncategorized"],"_links":{"self":[{"href":"https:\/\/husbilenfrida.se\/index.php?rest_route=\/wp\/v2\/posts\/5453","targetHints":{"allow":["GET"]}}],"collection":[{"href":"https:\/\/husbilenfrida.se\/index.php?rest_route=\/wp\/v2\/posts"}],"about":[{"href":"https:\/\/husbilenfrida.se\/index.php?rest_route=\/wp\/v2\/types\/post"}],"author":[{"embeddable":true,"href":"https:\/\/husbilenfrida.se\/index.php?rest_route=\/wp\/v2\/users\/1"}],"replies":[{"embeddable":true,"href":"https:\/\/husbilenfrida.se\/index.php?rest_route=%2Fwp%2Fv2%2Fcomments&post=5453"}],"version-history":[{"count":21,"href":"https:\/\/husbilenfrida.se\/index.php?rest_route=\/wp\/v2\/posts\/5453\/revisions"}],"predecessor-version":[{"id":5903,"href":"https:\/\/husbilenfrida.se\/index.php?rest_route=\/wp\/v2\/posts\/5453\/revisions\/5903"}],"wp:attachment":[{"href":"https:\/\/husbilenfrida.se\/index.php?rest_route=%2Fwp%2Fv2%2Fmedia&parent=5453"}],"wp:term":[{"taxonomy":"category","embeddable":true,"href":"https:\/\/husbilenfrida.se\/index.php?rest_route=%2Fwp%2Fv2%2Fcategories&post=5453"},{"taxonomy":"post_tag","embeddable":true,"href":"https:\/\/husbilenfrida.se\/index.php?rest_route=%2Fwp%2Fv2%2Ftags&post=5453"}],"curies":[{"name":"wp","href":"https:\/\/api.w.org\/{rel}","templated":true}]}}