{"id":5338,"date":"2019-10-08T15:34:53","date_gmt":"2019-10-08T15:34:53","guid":{"rendered":"http:\/\/husbilenfrida.se\/?p=5338"},"modified":"2019-11-21T13:00:05","modified_gmt":"2019-11-21T13:00:05","slug":"190929-st-ror-som-ar-ett-maste-nar-man-ar-pa-oland","status":"publish","type":"post","link":"https:\/\/husbilenfrida.se\/?p=5338","title":{"rendered":"190929 St R\u00f6r som \u00e4r ett m\u00e5ste n\u00e4r man \u00e4r p\u00e5 \u00d6land&#8230;"},"content":{"rendered":"\n<figure class=\"wp-block-image size-full is-resized\"><a href=\"http:\/\/media.husbilenfrida.se\/2019\/10\/ST-Ro\u0308r.png\"><img decoding=\"async\" src=\"http:\/\/media.husbilenfrida.se\/2019\/10\/ST-Ro\u0308r.png\" alt=\"\" class=\"wp-image-5339\" width=\"600\" srcset=\"https:\/\/media.husbilenfrida.se\/2019\/10\/ST-Ro\u0308r.png 500w, https:\/\/media.husbilenfrida.se\/2019\/10\/ST-Ro\u0308r-288x300.png 288w\" sizes=\"(max-width: 500px) 85vw, 500px\" \/><\/a><\/figure>\n\n\n\n<p>En annan favorit i repris \u00e4r st\u00e4llplatsen vid St R\u00f6r <\/p>\n\n\n\n<p>F\u00f6rst tog vi en sv\u00e4ng ner till Eriks\u00f6re d\u00e4r det var sk\u00f6rdemarknad p\u00e5 bygatan&#8230;\u00e4ven d\u00e4r var det mycket folk i r\u00f6relse, men det var annat som fastnade p\u00e5 bild.<\/p>\n\n\n\n<figure class=\"wp-block-image is-resized\"><a href=\"http:\/\/media.husbilenfrida.se\/2019\/10\/1-1024-DSC07546.jpg\"><img decoding=\"async\" src=\"http:\/\/media.husbilenfrida.se\/2019\/10\/1-1024-DSC07546-1024x683.jpg\" alt=\"\" class=\"wp-image-5341\" width=\"600\" srcset=\"https:\/\/media.husbilenfrida.se\/2019\/10\/1-1024-DSC07546.jpg 1024w, https:\/\/media.husbilenfrida.se\/2019\/10\/1-1024-DSC07546-300x200.jpg 300w, https:\/\/media.husbilenfrida.se\/2019\/10\/1-1024-DSC07546-768x512.jpg 768w\" sizes=\"(max-width: 709px) 85vw, (max-width: 909px) 67vw, (max-width: 1362px) 62vw, 840px\" \/><\/a><\/figure>\n\n\n\n<figure class=\"wp-block-image is-resized\"><a href=\"http:\/\/media.husbilenfrida.se\/2019\/10\/1-1024-DSC07548.jpg\"><img decoding=\"async\" src=\"http:\/\/media.husbilenfrida.se\/2019\/10\/1-1024-DSC07548-1024x685.jpg\" alt=\"\" class=\"wp-image-5343\" width=\"600\" srcset=\"https:\/\/media.husbilenfrida.se\/2019\/10\/1-1024-DSC07548.jpg 1024w, https:\/\/media.husbilenfrida.se\/2019\/10\/1-1024-DSC07548-300x201.jpg 300w, https:\/\/media.husbilenfrida.se\/2019\/10\/1-1024-DSC07548-768x514.jpg 768w\" sizes=\"(max-width: 709px) 85vw, (max-width: 909px) 67vw, (max-width: 1362px) 62vw, 840px\" \/><\/a><\/figure>\n\n\n\n<figure class=\"wp-block-image is-resized\"><a href=\"http:\/\/media.husbilenfrida.se\/2019\/10\/1-1024-DSC07550.jpg\"><img decoding=\"async\" src=\"http:\/\/media.husbilenfrida.se\/2019\/10\/1-1024-DSC07550-1024x683.jpg\" alt=\"\" class=\"wp-image-5345\" width=\"600\" srcset=\"https:\/\/media.husbilenfrida.se\/2019\/10\/1-1024-DSC07550.jpg 1024w, https:\/\/media.husbilenfrida.se\/2019\/10\/1-1024-DSC07550-300x200.jpg 300w, https:\/\/media.husbilenfrida.se\/2019\/10\/1-1024-DSC07550-768x512.jpg 768w\" sizes=\"(max-width: 709px) 85vw, (max-width: 909px) 67vw, (max-width: 1362px) 62vw, 840px\" \/><\/a><\/figure>\n\n\n\n<p>St\u00e4llplatsen vid St R\u00f6r&#8230;<\/p>\n\n\n\n<figure class=\"wp-block-image is-resized\"><a href=\"http:\/\/media.husbilenfrida.se\/2019\/10\/1-1024-DSC07556.jpg\"><img decoding=\"async\" src=\"http:\/\/media.husbilenfrida.se\/2019\/10\/1-1024-DSC07556-1024x683.jpg\" alt=\"\" class=\"wp-image-5356\" width=\"600\" srcset=\"https:\/\/media.husbilenfrida.se\/2019\/10\/1-1024-DSC07556.jpg 1024w, https:\/\/media.husbilenfrida.se\/2019\/10\/1-1024-DSC07556-300x200.jpg 300w, https:\/\/media.husbilenfrida.se\/2019\/10\/1-1024-DSC07556-768x512.jpg 768w\" sizes=\"(max-width: 709px) 85vw, (max-width: 909px) 67vw, (max-width: 1362px) 62vw, 840px\" \/><\/a><\/figure>\n\n\n\n<figure class=\"wp-block-image is-resized\"><a href=\"http:\/\/media.husbilenfrida.se\/2019\/10\/1-1024-DSC07558.jpg\"><img decoding=\"async\" src=\"http:\/\/media.husbilenfrida.se\/2019\/10\/1-1024-DSC07558-1024x684.jpg\" alt=\"\" class=\"wp-image-5357\" width=\"600\" srcset=\"https:\/\/media.husbilenfrida.se\/2019\/10\/1-1024-DSC07558.jpg 1024w, https:\/\/media.husbilenfrida.se\/2019\/10\/1-1024-DSC07558-300x200.jpg 300w, https:\/\/media.husbilenfrida.se\/2019\/10\/1-1024-DSC07558-768x513.jpg 768w\" sizes=\"(max-width: 709px) 85vw, (max-width: 909px) 67vw, (max-width: 1362px) 62vw, 840px\" \/><\/a><\/figure>\n\n\n\n<figure class=\"wp-block-image is-resized\"><a href=\"http:\/\/media.husbilenfrida.se\/2019\/10\/1-1024-DSC07557.jpg\"><img decoding=\"async\" src=\"http:\/\/media.husbilenfrida.se\/2019\/10\/1-1024-DSC07557-1024x683.jpg\" alt=\"\" class=\"wp-image-5358\" width=\"600\" srcset=\"https:\/\/media.husbilenfrida.se\/2019\/10\/1-1024-DSC07557.jpg 1024w, https:\/\/media.husbilenfrida.se\/2019\/10\/1-1024-DSC07557-300x200.jpg 300w, https:\/\/media.husbilenfrida.se\/2019\/10\/1-1024-DSC07557-768x512.jpg 768w\" sizes=\"(max-width: 709px) 85vw, (max-width: 909px) 67vw, (max-width: 1362px) 62vw, 840px\" \/><\/a><\/figure>\n\n\n\n<p>P\u00e5 St R\u00f6r har de de godaste kanalbullarna!  Som m\u00e5ste avnjutas&#8230;<br>&#8230;stenugnsgr\u00e4ddade p\u00e5 Mormors kaffestuga. <a href=\"https:\/\/visitoland.com\/visit-ata\/mormors-stenugnsbageri-kaffestuga\/\" target=\"_blank\" rel=\"noreferrer noopener\" aria-label=\"https:\/\/visitoland.com\/visit-ata\/mormors-stenugnsbageri-kaffestuga\/ (opens in a new tab)\">https:\/\/visitoland.com\/visit-ata\/mormors-stenugnsbageri-kaffestuga\/<\/a><\/p>\n\n\n\n<figure class=\"wp-block-image is-resized\"><a href=\"http:\/\/media.husbilenfrida.se\/2019\/10\/1-1024-DSC07554.jpg\"><img decoding=\"async\" src=\"http:\/\/media.husbilenfrida.se\/2019\/10\/1-1024-DSC07554-1024x585.jpg\" alt=\"\" class=\"wp-image-5360\" width=\"600\" srcset=\"https:\/\/media.husbilenfrida.se\/2019\/10\/1-1024-DSC07554.jpg 1024w, https:\/\/media.husbilenfrida.se\/2019\/10\/1-1024-DSC07554-300x171.jpg 300w, https:\/\/media.husbilenfrida.se\/2019\/10\/1-1024-DSC07554-768x439.jpg 768w\" sizes=\"(max-width: 709px) 85vw, (max-width: 909px) 67vw, (max-width: 1362px) 62vw, 840px\" \/><\/a><\/figure>\n","protected":false},"excerpt":{"rendered":"<p>En annan favorit i repris \u00e4r st\u00e4llplatsen vid St R\u00f6r F\u00f6rst tog vi en sv\u00e4ng ner till Eriks\u00f6re d\u00e4r det var sk\u00f6rdemarknad p\u00e5 bygatan&#8230;\u00e4ven d\u00e4r var det mycket folk i r\u00f6relse, men det var annat som fastnade p\u00e5 bild. St\u00e4llplatsen vid St R\u00f6r&#8230; P\u00e5 St R\u00f6r har de de godaste kanalbullarna! Som m\u00e5ste avnjutas&#8230;&#8230;stenugnsgr\u00e4ddade p\u00e5 &hellip; <a href=\"https:\/\/husbilenfrida.se\/?p=5338\" class=\"more-link\">Forts\u00e4tt l\u00e4sa<span class=\"screen-reader-text\"> \u201d190929 St R\u00f6r som \u00e4r ett m\u00e5ste n\u00e4r man \u00e4r p\u00e5 \u00d6land&#8230;\u201d<\/span><\/a><\/p>\n","protected":false},"author":1,"featured_media":0,"comment_status":"open","ping_status":"closed","sticky":false,"template":"","format":"standard","meta":{"footnotes":""},"categories":[1],"tags":[],"class_list":["post-5338","post","type-post","status-publish","format-standard","hentry","category-uncategorized"],"_links":{"self":[{"href":"https:\/\/husbilenfrida.se\/index.php?rest_route=\/wp\/v2\/posts\/5338","targetHints":{"allow":["GET"]}}],"collection":[{"href":"https:\/\/husbilenfrida.se\/index.php?rest_route=\/wp\/v2\/posts"}],"about":[{"href":"https:\/\/husbilenfrida.se\/index.php?rest_route=\/wp\/v2\/types\/post"}],"author":[{"embeddable":true,"href":"https:\/\/husbilenfrida.se\/index.php?rest_route=\/wp\/v2\/users\/1"}],"replies":[{"embeddable":true,"href":"https:\/\/husbilenfrida.se\/index.php?rest_route=%2Fwp%2Fv2%2Fcomments&post=5338"}],"version-history":[{"count":21,"href":"https:\/\/husbilenfrida.se\/index.php?rest_route=\/wp\/v2\/posts\/5338\/revisions"}],"predecessor-version":[{"id":5815,"href":"https:\/\/husbilenfrida.se\/index.php?rest_route=\/wp\/v2\/posts\/5338\/revisions\/5815"}],"wp:attachment":[{"href":"https:\/\/husbilenfrida.se\/index.php?rest_route=%2Fwp%2Fv2%2Fmedia&parent=5338"}],"wp:term":[{"taxonomy":"category","embeddable":true,"href":"https:\/\/husbilenfrida.se\/index.php?rest_route=%2Fwp%2Fv2%2Fcategories&post=5338"},{"taxonomy":"post_tag","embeddable":true,"href":"https:\/\/husbilenfrida.se\/index.php?rest_route=%2Fwp%2Fv2%2Ftags&post=5338"}],"curies":[{"name":"wp","href":"https:\/\/api.w.org\/{rel}","templated":true}]}}