{"id":5203,"date":"2019-09-18T17:55:58","date_gmt":"2019-09-18T17:55:58","guid":{"rendered":"http:\/\/husbilenfrida.se\/?p=5203"},"modified":"2019-09-18T18:46:48","modified_gmt":"2019-09-18T18:46:48","slug":"190916-borensberg","status":"publish","type":"post","link":"https:\/\/husbilenfrida.se\/?p=5203","title":{"rendered":"190916 Borensberg."},"content":{"rendered":"\n<p>P\u00e5 v\u00e4g fr\u00e5n Elmia stannade vi \u00f6ver natten vid fina Borensbergs st\u00e4llplats.<\/p>\n\n\n\n<figure class=\"wp-block-image is-resized\"><a href=\"http:\/\/media.husbilenfrida.se\/2019\/09\/Borensberg.png\"><img decoding=\"async\" src=\"http:\/\/media.husbilenfrida.se\/2019\/09\/Borensberg.png\" alt=\"\" class=\"wp-image-5204\" width=\"600\" srcset=\"https:\/\/media.husbilenfrida.se\/2019\/09\/Borensberg.png 552w, https:\/\/media.husbilenfrida.se\/2019\/09\/Borensberg-274x300.png 274w\" sizes=\"(max-width: 552px) 85vw, 552px\" \/><\/a><\/figure>\n\n\n\n<figure class=\"wp-block-image is-resized\"><a href=\"http:\/\/media.husbilenfrida.se\/2019\/09\/1a-DSC07348.jpg\"><img decoding=\"async\" src=\"http:\/\/media.husbilenfrida.se\/2019\/09\/1a-DSC07348-1024x683.jpg\" alt=\"\" class=\"wp-image-5205\" width=\"600\" srcset=\"https:\/\/media.husbilenfrida.se\/2019\/09\/1a-DSC07348.jpg 1024w, https:\/\/media.husbilenfrida.se\/2019\/09\/1a-DSC07348-300x200.jpg 300w, https:\/\/media.husbilenfrida.se\/2019\/09\/1a-DSC07348-768x512.jpg 768w\" sizes=\"(max-width: 709px) 85vw, (max-width: 909px) 67vw, (max-width: 1362px) 62vw, 840px\" \/><\/a><\/figure>\n\n\n\n<figure class=\"wp-block-image is-resized\"><a href=\"http:\/\/media.husbilenfrida.se\/2019\/09\/1b-DSC07313.jpg\"><img decoding=\"async\" src=\"http:\/\/media.husbilenfrida.se\/2019\/09\/1b-DSC07313-1024x683.jpg\" alt=\"\" class=\"wp-image-5207\" width=\"600\" srcset=\"https:\/\/media.husbilenfrida.se\/2019\/09\/1b-DSC07313.jpg 1024w, https:\/\/media.husbilenfrida.se\/2019\/09\/1b-DSC07313-300x200.jpg 300w, https:\/\/media.husbilenfrida.se\/2019\/09\/1b-DSC07313-768x512.jpg 768w\" sizes=\"(max-width: 709px) 85vw, (max-width: 909px) 67vw, (max-width: 1362px) 62vw, 840px\" \/><\/a><\/figure>\n\n\n\n<p>Det l\u00e5g en Bavaria 47 f\u00f6rt\u00f6jd vid g\u00e4sthamnen och v\u00e4ntade p\u00e5 att f\u00e5 \u00e5ka vidare p\u00e5 kanalen. G\u00f6ta Kanal har s\u00e5 h\u00e4r \u00e5rs \u00f6ppet tre dagar i veckan f\u00f6r slussning. Det var trevligt att f\u00f6lja den h\u00e4r b\u00e5tens slussning kl 9 p\u00e5 f\u00f6rmiddagen..<\/p>\n\n\n\n<figure class=\"wp-block-image is-resized\"><a href=\"http:\/\/media.husbilenfrida.se\/2019\/09\/2-DSC07310.jpg\"><img decoding=\"async\" src=\"http:\/\/media.husbilenfrida.se\/2019\/09\/2-DSC07310-1024x683.jpg\" alt=\"\" class=\"wp-image-5210\" width=\"600\" srcset=\"https:\/\/media.husbilenfrida.se\/2019\/09\/2-DSC07310.jpg 1024w, https:\/\/media.husbilenfrida.se\/2019\/09\/2-DSC07310-300x200.jpg 300w, https:\/\/media.husbilenfrida.se\/2019\/09\/2-DSC07310-768x512.jpg 768w\" sizes=\"(max-width: 709px) 85vw, (max-width: 909px) 67vw, (max-width: 1362px) 62vw, 840px\" \/><\/a><\/figure>\n\n\n\n<p>Jag fick t.o.m hj\u00e4lpa slusskillen att veva f\u00f6r att \u00f6ppna slussportarna.<\/p>\n\n\n\n<figure class=\"wp-block-image is-resized\"><a href=\"http:\/\/media.husbilenfrida.se\/2019\/09\/2-DSC07325.jpg\"><img decoding=\"async\" src=\"http:\/\/media.husbilenfrida.se\/2019\/09\/2-DSC07325-1024x683.jpg\" alt=\"\" class=\"wp-image-5212\" width=\"600\" srcset=\"https:\/\/media.husbilenfrida.se\/2019\/09\/2-DSC07325.jpg 1024w, https:\/\/media.husbilenfrida.se\/2019\/09\/2-DSC07325-300x200.jpg 300w, https:\/\/media.husbilenfrida.se\/2019\/09\/2-DSC07325-768x512.jpg 768w\" sizes=\"(max-width: 709px) 85vw, (max-width: 909px) 67vw, (max-width: 1362px) 62vw, 840px\" \/><\/a><\/figure>\n\n\n\n<figure class=\"wp-block-image is-resized\"><a href=\"http:\/\/media.husbilenfrida.se\/2019\/09\/2-DSC07335.jpg\"><img decoding=\"async\" src=\"http:\/\/media.husbilenfrida.se\/2019\/09\/2-DSC07335-1024x683.jpg\" alt=\"\" class=\"wp-image-5214\" width=\"600\" srcset=\"https:\/\/media.husbilenfrida.se\/2019\/09\/2-DSC07335.jpg 1024w, https:\/\/media.husbilenfrida.se\/2019\/09\/2-DSC07335-300x200.jpg 300w, https:\/\/media.husbilenfrida.se\/2019\/09\/2-DSC07335-768x512.jpg 768w\" sizes=\"(max-width: 709px) 85vw, (max-width: 909px) 67vw, (max-width: 1362px) 62vw, 840px\" \/><\/a><\/figure>\n\n\n\n<figure class=\"wp-block-image is-resized\"><a href=\"http:\/\/media.husbilenfrida.se\/2019\/09\/2-DSC07340.jpg\"><img decoding=\"async\" src=\"http:\/\/media.husbilenfrida.se\/2019\/09\/2-DSC07340-1024x683.jpg\" alt=\"\" class=\"wp-image-5216\" width=\"600\" srcset=\"https:\/\/media.husbilenfrida.se\/2019\/09\/2-DSC07340.jpg 1024w, https:\/\/media.husbilenfrida.se\/2019\/09\/2-DSC07340-300x200.jpg 300w, https:\/\/media.husbilenfrida.se\/2019\/09\/2-DSC07340-768x512.jpg 768w\" sizes=\"(max-width: 709px) 85vw, (max-width: 909px) 67vw, (max-width: 1362px) 62vw, 840px\" \/><\/a><\/figure>\n\n\n\n<p>Vi \u00e5kte sen hem till Mellansundet via ett lunchstopp vid Julita och gasol-ink\u00f6p vid Tumbo d\u00e4r de \u00e4ven hj\u00e4lpte oss att lokalisera ett mystiskt t\u00e4ndningsfel. Vid n\u00e5gra tillf\u00e4llen under resan s\u00e5 ville inte Frida starta, vi trodde att nyckeln ev. inte hade kontakt med elektroniken i t\u00e4ndningsl\u00e5set men det visade sig vara en glapp huvuds\u00e4kring vid startbatteriet som orsakade mankemanget. L\u00e4tt fixat n\u00e4r felet var lokaliserat! Varmt tack till er p\u00e5 Tumbo som st\u00e4llde upp och fixade det efter arbetstid!<\/p>\n\n\n\n<figure class=\"wp-block-image is-resized\"><a href=\"http:\/\/media.husbilenfrida.se\/2019\/09\/Mellansundet.png\"><img decoding=\"async\" src=\"http:\/\/media.husbilenfrida.se\/2019\/09\/Mellansundet.png\" alt=\"\" class=\"wp-image-5218\" width=\"600\" srcset=\"https:\/\/media.husbilenfrida.se\/2019\/09\/Mellansundet.png 570w, https:\/\/media.husbilenfrida.se\/2019\/09\/Mellansundet-240x300.png 240w\" sizes=\"(max-width: 570px) 85vw, 570px\" \/><\/a><\/figure>\n","protected":false},"excerpt":{"rendered":"<p>P\u00e5 v\u00e4g fr\u00e5n Elmia stannade vi \u00f6ver natten vid fina Borensbergs st\u00e4llplats. Det l\u00e5g en Bavaria 47 f\u00f6rt\u00f6jd vid g\u00e4sthamnen och v\u00e4ntade p\u00e5 att f\u00e5 \u00e5ka vidare p\u00e5 kanalen. G\u00f6ta Kanal har s\u00e5 h\u00e4r \u00e5rs \u00f6ppet tre dagar i veckan f\u00f6r slussning. Det var trevligt att f\u00f6lja den h\u00e4r b\u00e5tens slussning kl 9 p\u00e5 f\u00f6rmiddagen.. &hellip; <a href=\"https:\/\/husbilenfrida.se\/?p=5203\" class=\"more-link\">Forts\u00e4tt l\u00e4sa<span class=\"screen-reader-text\"> \u201d190916 Borensberg.\u201d<\/span><\/a><\/p>\n","protected":false},"author":1,"featured_media":0,"comment_status":"open","ping_status":"closed","sticky":false,"template":"","format":"standard","meta":{"footnotes":""},"categories":[1],"tags":[],"class_list":["post-5203","post","type-post","status-publish","format-standard","hentry","category-uncategorized"],"_links":{"self":[{"href":"https:\/\/husbilenfrida.se\/index.php?rest_route=\/wp\/v2\/posts\/5203","targetHints":{"allow":["GET"]}}],"collection":[{"href":"https:\/\/husbilenfrida.se\/index.php?rest_route=\/wp\/v2\/posts"}],"about":[{"href":"https:\/\/husbilenfrida.se\/index.php?rest_route=\/wp\/v2\/types\/post"}],"author":[{"embeddable":true,"href":"https:\/\/husbilenfrida.se\/index.php?rest_route=\/wp\/v2\/users\/1"}],"replies":[{"embeddable":true,"href":"https:\/\/husbilenfrida.se\/index.php?rest_route=%2Fwp%2Fv2%2Fcomments&post=5203"}],"version-history":[{"count":16,"href":"https:\/\/husbilenfrida.se\/index.php?rest_route=\/wp\/v2\/posts\/5203\/revisions"}],"predecessor-version":[{"id":5237,"href":"https:\/\/husbilenfrida.se\/index.php?rest_route=\/wp\/v2\/posts\/5203\/revisions\/5237"}],"wp:attachment":[{"href":"https:\/\/husbilenfrida.se\/index.php?rest_route=%2Fwp%2Fv2%2Fmedia&parent=5203"}],"wp:term":[{"taxonomy":"category","embeddable":true,"href":"https:\/\/husbilenfrida.se\/index.php?rest_route=%2Fwp%2Fv2%2Fcategories&post=5203"},{"taxonomy":"post_tag","embeddable":true,"href":"https:\/\/husbilenfrida.se\/index.php?rest_route=%2Fwp%2Fv2%2Ftags&post=5203"}],"curies":[{"name":"wp","href":"https:\/\/api.w.org\/{rel}","templated":true}]}}