{"id":5142,"date":"2019-09-18T16:10:36","date_gmt":"2019-09-18T16:10:36","guid":{"rendered":"http:\/\/husbilenfrida.se\/?p=5142"},"modified":"2019-09-18T18:28:58","modified_gmt":"2019-09-18T18:28:58","slug":"190910-semifinal-speedway-vetlanda","status":"publish","type":"post","link":"https:\/\/husbilenfrida.se\/?p=5142","title":{"rendered":"190910 Speedwaysemifinal i Vetlanda."},"content":{"rendered":"\n<figure class=\"wp-block-image is-resized\"><a href=\"http:\/\/media.husbilenfrida.se\/2019\/09\/Vetlanda-1.png\"><img decoding=\"async\" src=\"http:\/\/media.husbilenfrida.se\/2019\/09\/Vetlanda-1.png\" alt=\"\" class=\"wp-image-5147\" width=\"600\" srcset=\"https:\/\/media.husbilenfrida.se\/2019\/09\/Vetlanda-1.png 395w, https:\/\/media.husbilenfrida.se\/2019\/09\/Vetlanda-1-156x300.png 156w\" sizes=\"(max-width: 395px) 85vw, 395px\" \/><\/a><\/figure>\n\n\n\n<p>I v\u00e4ntan p\u00e5 start av semifinalen.<\/p>\n\n\n\n<figure class=\"wp-block-image is-resized\"><a href=\"http:\/\/media.husbilenfrida.se\/2019\/09\/2-DSC07198.jpg\"><img decoding=\"async\" src=\"http:\/\/media.husbilenfrida.se\/2019\/09\/2-DSC07198-1024x619.jpg\" alt=\"\" class=\"wp-image-5145\" width=\"600\" srcset=\"https:\/\/media.husbilenfrida.se\/2019\/09\/2-DSC07198.jpg 1024w, https:\/\/media.husbilenfrida.se\/2019\/09\/2-DSC07198-300x181.jpg 300w, https:\/\/media.husbilenfrida.se\/2019\/09\/2-DSC07198-768x464.jpg 768w\" sizes=\"(max-width: 709px) 85vw, (max-width: 909px) 67vw, (max-width: 1362px) 62vw, 840px\" \/><\/a><\/figure>\n\n\n\n<p>Innan start fick vi h\u00f6ra den Svenska Nationals\u00e5ngen&#8230;<\/p>\n\n\n\n<figure class=\"wp-block-image is-resized\"><a href=\"http:\/\/media.husbilenfrida.se\/2019\/09\/2-DSC04306.jpg\"><img decoding=\"async\" src=\"http:\/\/media.husbilenfrida.se\/2019\/09\/2-DSC04306-1024x683.jpg\" alt=\"\" class=\"wp-image-5149\" width=\"600\" srcset=\"https:\/\/media.husbilenfrida.se\/2019\/09\/2-DSC04306.jpg 1024w, https:\/\/media.husbilenfrida.se\/2019\/09\/2-DSC04306-300x200.jpg 300w, https:\/\/media.husbilenfrida.se\/2019\/09\/2-DSC04306-768x512.jpg 768w\" sizes=\"(max-width: 709px) 85vw, (max-width: 909px) 67vw, (max-width: 1362px) 62vw, 840px\" \/><\/a><\/figure>\n\n\n\n<p>Sp\u00e4nnande t\u00e4vling, h\u00e4r ser vi Gleb Chugunov p\u00e5 yttern, vinna heatet.<\/p>\n\n\n\n<figure class=\"wp-block-image is-resized\"><a href=\"http:\/\/media.husbilenfrida.se\/2019\/09\/2-DSC04314.jpg\"><img decoding=\"async\" src=\"http:\/\/media.husbilenfrida.se\/2019\/09\/2-DSC04314-1024x606.jpg\" alt=\"\" class=\"wp-image-5153\" width=\"600\" srcset=\"https:\/\/media.husbilenfrida.se\/2019\/09\/2-DSC04314.jpg 1024w, https:\/\/media.husbilenfrida.se\/2019\/09\/2-DSC04314-300x178.jpg 300w, https:\/\/media.husbilenfrida.se\/2019\/09\/2-DSC04314-768x455.jpg 768w\" sizes=\"(max-width: 709px) 85vw, (max-width: 909px) 67vw, (max-width: 1362px) 62vw, 840px\" \/><\/a><\/figure>\n\n\n\n<p>En sp\u00e4nnande och bra Speedwaymatch som till slut Smederna vann 44-45. Smederna g\u00e5r nu vidare till SM-final den 24 och 25 september mot Dackarna fr\u00e5n M\u00e5lilla.<\/p>\n\n\n\n<figure class=\"wp-block-image is-resized\"><a href=\"http:\/\/media.husbilenfrida.se\/2019\/09\/2-DSC04315.jpg\"><img decoding=\"async\" src=\"http:\/\/media.husbilenfrida.se\/2019\/09\/2-DSC04315-1024x684.jpg\" alt=\"\" class=\"wp-image-5155\" width=\"600\" srcset=\"https:\/\/media.husbilenfrida.se\/2019\/09\/2-DSC04315.jpg 1024w, https:\/\/media.husbilenfrida.se\/2019\/09\/2-DSC04315-300x200.jpg 300w, https:\/\/media.husbilenfrida.se\/2019\/09\/2-DSC04315-768x513.jpg 768w\" sizes=\"(max-width: 709px) 85vw, (max-width: 909px) 67vw, (max-width: 1362px) 62vw, 840px\" \/><\/a><\/figure>\n\n\n\n<p>H\u00e4r tackar f\u00f6rarna Smedsupportrarna, &#8221;Grabbarna grus&#8221;, f\u00f6r st\u00f6ttningen under kv\u00e4llen.<\/p>\n\n\n\n<figure class=\"wp-block-image is-resized\"><a href=\"http:\/\/media.husbilenfrida.se\/2019\/09\/2-DSC04346.jpg\"><img decoding=\"async\" src=\"http:\/\/media.husbilenfrida.se\/2019\/09\/2-DSC04346-1024x682.jpg\" alt=\"\" class=\"wp-image-5156\" width=\"600\" srcset=\"https:\/\/media.husbilenfrida.se\/2019\/09\/2-DSC04346.jpg 1024w, https:\/\/media.husbilenfrida.se\/2019\/09\/2-DSC04346-300x200.jpg 300w, https:\/\/media.husbilenfrida.se\/2019\/09\/2-DSC04346-768x512.jpg 768w\" sizes=\"(max-width: 709px) 85vw, (max-width: 909px) 67vw, (max-width: 1362px) 62vw, 840px\" \/><\/a><\/figure>\n\n\n\n<p>Vinnarlaget defilerade efter matchen.<\/p>\n\n\n\n<figure class=\"wp-block-image is-resized\"><a href=\"http:\/\/media.husbilenfrida.se\/2019\/09\/2-DSC04353.jpg\"><img decoding=\"async\" src=\"http:\/\/media.husbilenfrida.se\/2019\/09\/2-DSC04353-1024x683.jpg\" alt=\"\" class=\"wp-image-5158\" width=\"600\" srcset=\"https:\/\/media.husbilenfrida.se\/2019\/09\/2-DSC04353.jpg 1024w, https:\/\/media.husbilenfrida.se\/2019\/09\/2-DSC04353-300x200.jpg 300w, https:\/\/media.husbilenfrida.se\/2019\/09\/2-DSC04353-768x512.jpg 768w\" sizes=\"(max-width: 709px) 85vw, (max-width: 909px) 67vw, (max-width: 1362px) 62vw, 840px\" \/><\/a><\/figure>\n\n\n\n<p>H\u00e4r hyllar lagledare Jerker Eriksson, Gleb Chugunov, Smedernas b\u00e4sta po\u00e4ngplockare f\u00f6r kv\u00e4llen.<\/p>\n\n\n\n<figure class=\"wp-block-image is-resized\"><a href=\"http:\/\/media.husbilenfrida.se\/2019\/09\/2-DSC04354.jpg\"><img decoding=\"async\" src=\"http:\/\/media.husbilenfrida.se\/2019\/09\/2-DSC04354-783x1024.jpg\" alt=\"\" class=\"wp-image-5160\" width=\"600\" srcset=\"https:\/\/media.husbilenfrida.se\/2019\/09\/2-DSC04354-783x1024.jpg 783w, https:\/\/media.husbilenfrida.se\/2019\/09\/2-DSC04354-230x300.jpg 230w, https:\/\/media.husbilenfrida.se\/2019\/09\/2-DSC04354-768x1004.jpg 768w, https:\/\/media.husbilenfrida.se\/2019\/09\/2-DSC04354-1200x1569.jpg 1200w, https:\/\/media.husbilenfrida.se\/2019\/09\/2-DSC04354.jpg 1530w\" sizes=\"(max-width: 709px) 85vw, (max-width: 909px) 67vw, (max-width: 984px) 61vw, (max-width: 1362px) 45vw, 600px\" \/><\/a><\/figure>\n\n\n\n<p>Efter en riktigt bra Speedwaykv\u00e4ll gick vi hem till husbilen Frida och sov gott. \u00c4ven m\u00e5nen tycktes gilla kv\u00e4llen, d\u00e5 den sakta steg upp i horisonten f\u00f6r att sedan lysa vackert \u00f6ver speedwaybanan.<\/p>\n\n\n\n<figure class=\"wp-block-image is-resized\"><a href=\"http:\/\/media.husbilenfrida.se\/2019\/09\/2-DSC04326.jpg\"><img decoding=\"async\" src=\"http:\/\/media.husbilenfrida.se\/2019\/09\/2-DSC04326-1024x678.jpg\" alt=\"\" class=\"wp-image-5163\" width=\"600\" srcset=\"https:\/\/media.husbilenfrida.se\/2019\/09\/2-DSC04326.jpg 1024w, https:\/\/media.husbilenfrida.se\/2019\/09\/2-DSC04326-300x199.jpg 300w, https:\/\/media.husbilenfrida.se\/2019\/09\/2-DSC04326-768x509.jpg 768w\" sizes=\"(max-width: 709px) 85vw, (max-width: 909px) 67vw, (max-width: 1362px) 62vw, 840px\" \/><\/a><\/figure>\n","protected":false},"excerpt":{"rendered":"<p>I v\u00e4ntan p\u00e5 start av semifinalen. Innan start fick vi h\u00f6ra den Svenska Nationals\u00e5ngen&#8230; Sp\u00e4nnande t\u00e4vling, h\u00e4r ser vi Gleb Chugunov p\u00e5 yttern, vinna heatet. En sp\u00e4nnande och bra Speedwaymatch som till slut Smederna vann 44-45. Smederna g\u00e5r nu vidare till SM-final den 24 och 25 september mot Dackarna fr\u00e5n M\u00e5lilla. H\u00e4r tackar f\u00f6rarna Smedsupportrarna, &hellip; <a href=\"https:\/\/husbilenfrida.se\/?p=5142\" class=\"more-link\">Forts\u00e4tt l\u00e4sa<span class=\"screen-reader-text\"> \u201d190910 Speedwaysemifinal i Vetlanda.\u201d<\/span><\/a><\/p>\n","protected":false},"author":1,"featured_media":0,"comment_status":"open","ping_status":"closed","sticky":false,"template":"","format":"standard","meta":{"footnotes":""},"categories":[1],"tags":[],"class_list":["post-5142","post","type-post","status-publish","format-standard","hentry","category-uncategorized"],"_links":{"self":[{"href":"https:\/\/husbilenfrida.se\/index.php?rest_route=\/wp\/v2\/posts\/5142","targetHints":{"allow":["GET"]}}],"collection":[{"href":"https:\/\/husbilenfrida.se\/index.php?rest_route=\/wp\/v2\/posts"}],"about":[{"href":"https:\/\/husbilenfrida.se\/index.php?rest_route=\/wp\/v2\/types\/post"}],"author":[{"embeddable":true,"href":"https:\/\/husbilenfrida.se\/index.php?rest_route=\/wp\/v2\/users\/1"}],"replies":[{"embeddable":true,"href":"https:\/\/husbilenfrida.se\/index.php?rest_route=%2Fwp%2Fv2%2Fcomments&post=5142"}],"version-history":[{"count":20,"href":"https:\/\/husbilenfrida.se\/index.php?rest_route=\/wp\/v2\/posts\/5142\/revisions"}],"predecessor-version":[{"id":5228,"href":"https:\/\/husbilenfrida.se\/index.php?rest_route=\/wp\/v2\/posts\/5142\/revisions\/5228"}],"wp:attachment":[{"href":"https:\/\/husbilenfrida.se\/index.php?rest_route=%2Fwp%2Fv2%2Fmedia&parent=5142"}],"wp:term":[{"taxonomy":"category","embeddable":true,"href":"https:\/\/husbilenfrida.se\/index.php?rest_route=%2Fwp%2Fv2%2Fcategories&post=5142"},{"taxonomy":"post_tag","embeddable":true,"href":"https:\/\/husbilenfrida.se\/index.php?rest_route=%2Fwp%2Fv2%2Ftags&post=5142"}],"curies":[{"name":"wp","href":"https:\/\/api.w.org\/{rel}","templated":true}]}}