{"id":5030,"date":"2019-08-25T19:33:22","date_gmt":"2019-08-25T19:33:22","guid":{"rendered":"http:\/\/husbilenfrida.se\/?p=5030"},"modified":"2019-08-31T13:09:02","modified_gmt":"2019-08-31T13:09:02","slug":"190825-fran-ledskar-hem-till-mellansundet-via-knutby","status":"publish","type":"post","link":"https:\/\/husbilenfrida.se\/?p=5030","title":{"rendered":"190825 fr\u00e5n Ledsk\u00e4r hem till Mellansundet via Knutby."},"content":{"rendered":"\n<figure class=\"wp-block-image is-resized\"><a href=\"http:\/\/media.husbilenfrida.se\/2019\/08\/Mellansundet.png\"><img decoding=\"async\" src=\"http:\/\/media.husbilenfrida.se\/2019\/08\/Mellansundet.png\" alt=\"\" class=\"wp-image-5031\" width=\"600\" srcset=\"https:\/\/media.husbilenfrida.se\/2019\/08\/Mellansundet.png 915w, https:\/\/media.husbilenfrida.se\/2019\/08\/Mellansundet-300x230.png 300w, https:\/\/media.husbilenfrida.se\/2019\/08\/Mellansundet-768x588.png 768w\" sizes=\"(max-width: 709px) 85vw, (max-width: 909px) 67vw, (max-width: 1362px) 62vw, 840px\" \/><\/a><\/figure>\n\n\n\n<p>V\u00e4ckning kl 6 f\u00f6r en promenad till det n\u00e4raliggande f\u00e5geltornet f\u00f6r att se om det var n\u00e5gra vadare och andra f\u00e5glar som hade p\u00e5b\u00f6rjat flytten s\u00f6derut.<\/p>\n\n\n\n<figure class=\"wp-block-image is-resized\"><a href=\"http:\/\/media.husbilenfrida.se\/2019\/08\/1024-DSC04128.jpg\"><img decoding=\"async\" src=\"http:\/\/media.husbilenfrida.se\/2019\/08\/1024-DSC04128-1024x683.jpg\" alt=\"\" class=\"wp-image-5032\" width=\"600\" srcset=\"https:\/\/media.husbilenfrida.se\/2019\/08\/1024-DSC04128.jpg 1024w, https:\/\/media.husbilenfrida.se\/2019\/08\/1024-DSC04128-300x200.jpg 300w, https:\/\/media.husbilenfrida.se\/2019\/08\/1024-DSC04128-768x512.jpg 768w\" sizes=\"(max-width: 709px) 85vw, (max-width: 909px) 67vw, (max-width: 1362px) 62vw, 840px\" \/><\/a><\/figure>\n\n\n\n<figure class=\"wp-block-image is-resized\"><a href=\"http:\/\/media.husbilenfrida.se\/2019\/08\/1024-DSC04130.jpg\"><img decoding=\"async\" src=\"http:\/\/media.husbilenfrida.se\/2019\/08\/1024-DSC04130-1024x683.jpg\" alt=\"\" class=\"wp-image-5033\" width=\"600\" srcset=\"https:\/\/media.husbilenfrida.se\/2019\/08\/1024-DSC04130.jpg 1024w, https:\/\/media.husbilenfrida.se\/2019\/08\/1024-DSC04130-300x200.jpg 300w, https:\/\/media.husbilenfrida.se\/2019\/08\/1024-DSC04130-768x512.jpg 768w\" sizes=\"(max-width: 709px) 85vw, (max-width: 909px) 67vw, (max-width: 1362px) 62vw, 840px\" \/><\/a><\/figure>\n\n\n\n<figure class=\"wp-block-image is-resized\"><a href=\"http:\/\/media.husbilenfrida.se\/2019\/08\/1024-DSC04132.jpg\"><img decoding=\"async\" src=\"http:\/\/media.husbilenfrida.se\/2019\/08\/1024-DSC04132-1024x683.jpg\" alt=\"\" class=\"wp-image-5035\" width=\"600\" srcset=\"https:\/\/media.husbilenfrida.se\/2019\/08\/1024-DSC04132.jpg 1024w, https:\/\/media.husbilenfrida.se\/2019\/08\/1024-DSC04132-300x200.jpg 300w, https:\/\/media.husbilenfrida.se\/2019\/08\/1024-DSC04132-768x512.jpg 768w\" sizes=\"(max-width: 709px) 85vw, (max-width: 909px) 67vw, (max-width: 1362px) 62vw, 840px\" \/><\/a><\/figure>\n\n\n\n<figure class=\"wp-block-image is-resized\"><img decoding=\"async\" src=\"http:\/\/media.husbilenfrida.se\/2019\/08\/1024-DSC04138-1024x683.jpg\" alt=\"\" class=\"wp-image-5038\" width=\"600\" srcset=\"https:\/\/media.husbilenfrida.se\/2019\/08\/1024-DSC04138.jpg 1024w, https:\/\/media.husbilenfrida.se\/2019\/08\/1024-DSC04138-300x200.jpg 300w, https:\/\/media.husbilenfrida.se\/2019\/08\/1024-DSC04138-768x512.jpg 768w\" sizes=\"(max-width: 709px) 85vw, (max-width: 909px) 67vw, (max-width: 1362px) 62vw, 840px\" \/><\/figure>\n\n\n\n<p>M\u00e5nga f\u00e5glar var det &#8211; men det var p\u00e5 lite f\u00f6r l\u00e5ngt h\u00e5ll f\u00f6r att f\u00e5 riktigt bra bilder p\u00e5 dem.<\/p>\n\n\n\n<figure class=\"wp-block-image is-resized\"><a href=\"http:\/\/media.husbilenfrida.se\/2019\/08\/1024-DSC02311.jpg\"><img decoding=\"async\" src=\"http:\/\/media.husbilenfrida.se\/2019\/08\/1024-DSC02311-1024x298.jpg\" alt=\"\" class=\"wp-image-5040\" width=\"600\" srcset=\"https:\/\/media.husbilenfrida.se\/2019\/08\/1024-DSC02311.jpg 1024w, https:\/\/media.husbilenfrida.se\/2019\/08\/1024-DSC02311-300x87.jpg 300w, https:\/\/media.husbilenfrida.se\/2019\/08\/1024-DSC02311-768x224.jpg 768w\" sizes=\"(max-width: 709px) 85vw, (max-width: 909px) 67vw, (max-width: 1362px) 62vw, 840px\" \/><\/a><\/figure>\n\n\n\n<figure class=\"wp-block-image is-resized\"><a href=\"http:\/\/media.husbilenfrida.se\/2019\/08\/1024-DSC02331-1.jpg\"><img decoding=\"async\" src=\"http:\/\/media.husbilenfrida.se\/2019\/08\/1024-DSC02331-1-1024x651.jpg\" alt=\"\" class=\"wp-image-5042\" width=\"600\" srcset=\"https:\/\/media.husbilenfrida.se\/2019\/08\/1024-DSC02331-1.jpg 1024w, https:\/\/media.husbilenfrida.se\/2019\/08\/1024-DSC02331-1-300x191.jpg 300w, https:\/\/media.husbilenfrida.se\/2019\/08\/1024-DSC02331-1-768x488.jpg 768w\" sizes=\"(max-width: 709px) 85vw, (max-width: 909px) 67vw, (max-width: 1362px) 62vw, 840px\" \/><\/a><\/figure>\n\n\n\n<figure class=\"wp-block-image is-resized\"><a href=\"http:\/\/media.husbilenfrida.se\/2019\/08\/1024-DSC02334-1.jpg\"><img decoding=\"async\" src=\"http:\/\/media.husbilenfrida.se\/2019\/08\/1024-DSC02334-1-1024x717.jpg\" alt=\"\" class=\"wp-image-5044\" width=\"600\" srcset=\"https:\/\/media.husbilenfrida.se\/2019\/08\/1024-DSC02334-1-1024x717.jpg 1024w, https:\/\/media.husbilenfrida.se\/2019\/08\/1024-DSC02334-1-300x210.jpg 300w, https:\/\/media.husbilenfrida.se\/2019\/08\/1024-DSC02334-1-768x538.jpg 768w, https:\/\/media.husbilenfrida.se\/2019\/08\/1024-DSC02334-1.jpg 1082w\" sizes=\"(max-width: 709px) 85vw, (max-width: 909px) 67vw, (max-width: 1362px) 62vw, 840px\" \/><\/a><\/figure>\n\n\n\n<figure class=\"wp-block-image is-resized\"><a href=\"http:\/\/media.husbilenfrida.se\/2019\/08\/1024-DSC02336.jpg\"><img decoding=\"async\" src=\"http:\/\/media.husbilenfrida.se\/2019\/08\/1024-DSC02336.jpg\" alt=\"\" class=\"wp-image-5046\" width=\"600\" srcset=\"https:\/\/media.husbilenfrida.se\/2019\/08\/1024-DSC02336.jpg 352w, https:\/\/media.husbilenfrida.se\/2019\/08\/1024-DSC02336-300x190.jpg 300w\" sizes=\"(max-width: 352px) 85vw, 352px\" \/><\/a><\/figure>\n\n\n\n<p>Ca 100 nyfikna kor gick i hagen som vi m\u00e5ste passera till och fr\u00e5n f\u00e5geltornet. Som tur var blev de inte alltf\u00f6r n\u00e4rg\u00e5ngna.<\/p>\n\n\n\n<figure class=\"wp-block-image is-resized\"><a href=\"http:\/\/media.husbilenfrida.se\/2019\/08\/1024-DSC04145.jpg\"><img decoding=\"async\" src=\"http:\/\/media.husbilenfrida.se\/2019\/08\/1024-DSC04145-1024x683.jpg\" alt=\"\" class=\"wp-image-5048\" width=\"600\" srcset=\"https:\/\/media.husbilenfrida.se\/2019\/08\/1024-DSC04145.jpg 1024w, https:\/\/media.husbilenfrida.se\/2019\/08\/1024-DSC04145-300x200.jpg 300w, https:\/\/media.husbilenfrida.se\/2019\/08\/1024-DSC04145-768x512.jpg 768w\" sizes=\"(max-width: 709px) 85vw, (max-width: 909px) 67vw, (max-width: 1362px) 62vw, 840px\" \/><\/a><\/figure>\n\n\n\n<figure class=\"wp-block-image is-resized\"><a href=\"http:\/\/media.husbilenfrida.se\/2019\/08\/1024-DSC04142.jpg\"><img decoding=\"async\" src=\"http:\/\/media.husbilenfrida.se\/2019\/08\/1024-DSC04142-1024x683.jpg\" alt=\"\" class=\"wp-image-5050\" width=\"600\" srcset=\"https:\/\/media.husbilenfrida.se\/2019\/08\/1024-DSC04142.jpg 1024w, https:\/\/media.husbilenfrida.se\/2019\/08\/1024-DSC04142-300x200.jpg 300w, https:\/\/media.husbilenfrida.se\/2019\/08\/1024-DSC04142-768x512.jpg 768w\" sizes=\"(max-width: 709px) 85vw, (max-width: 909px) 67vw, (max-width: 1362px) 62vw, 840px\" \/><\/a><\/figure>\n\n\n\n<p>Efter f\u00f6rmiddagsfika och en mysstund hos barn och barnbarn i Knutby rullade vi hem till Mellansundet. \u00c4nnu en h\u00e4rlig utflykt med husbilen Frida var \u00f6ver f\u00f6r den h\u00e4r g\u00e5ngen.<\/p>\n","protected":false},"excerpt":{"rendered":"<p>V\u00e4ckning kl 6 f\u00f6r en promenad till det n\u00e4raliggande f\u00e5geltornet f\u00f6r att se om det var n\u00e5gra vadare och andra f\u00e5glar som hade p\u00e5b\u00f6rjat flytten s\u00f6derut. M\u00e5nga f\u00e5glar var det &#8211; men det var p\u00e5 lite f\u00f6r l\u00e5ngt h\u00e5ll f\u00f6r att f\u00e5 riktigt bra bilder p\u00e5 dem. Ca 100 nyfikna kor gick i hagen som &hellip; <a href=\"https:\/\/husbilenfrida.se\/?p=5030\" class=\"more-link\">Forts\u00e4tt l\u00e4sa<span class=\"screen-reader-text\"> \u201d190825 fr\u00e5n Ledsk\u00e4r hem till Mellansundet via Knutby.\u201d<\/span><\/a><\/p>\n","protected":false},"author":1,"featured_media":0,"comment_status":"open","ping_status":"closed","sticky":false,"template":"","format":"standard","meta":{"footnotes":""},"categories":[1],"tags":[],"class_list":["post-5030","post","type-post","status-publish","format-standard","hentry","category-uncategorized"],"_links":{"self":[{"href":"https:\/\/husbilenfrida.se\/index.php?rest_route=\/wp\/v2\/posts\/5030","targetHints":{"allow":["GET"]}}],"collection":[{"href":"https:\/\/husbilenfrida.se\/index.php?rest_route=\/wp\/v2\/posts"}],"about":[{"href":"https:\/\/husbilenfrida.se\/index.php?rest_route=\/wp\/v2\/types\/post"}],"author":[{"embeddable":true,"href":"https:\/\/husbilenfrida.se\/index.php?rest_route=\/wp\/v2\/users\/1"}],"replies":[{"embeddable":true,"href":"https:\/\/husbilenfrida.se\/index.php?rest_route=%2Fwp%2Fv2%2Fcomments&post=5030"}],"version-history":[{"count":16,"href":"https:\/\/husbilenfrida.se\/index.php?rest_route=\/wp\/v2\/posts\/5030\/revisions"}],"predecessor-version":[{"id":5139,"href":"https:\/\/husbilenfrida.se\/index.php?rest_route=\/wp\/v2\/posts\/5030\/revisions\/5139"}],"wp:attachment":[{"href":"https:\/\/husbilenfrida.se\/index.php?rest_route=%2Fwp%2Fv2%2Fmedia&parent=5030"}],"wp:term":[{"taxonomy":"category","embeddable":true,"href":"https:\/\/husbilenfrida.se\/index.php?rest_route=%2Fwp%2Fv2%2Fcategories&post=5030"},{"taxonomy":"post_tag","embeddable":true,"href":"https:\/\/husbilenfrida.se\/index.php?rest_route=%2Fwp%2Fv2%2Ftags&post=5030"}],"curies":[{"name":"wp","href":"https:\/\/api.w.org\/{rel}","templated":true}]}}