{"id":4936,"date":"2019-08-22T13:28:20","date_gmt":"2019-08-22T13:28:20","guid":{"rendered":"http:\/\/husbilenfrida.se\/?p=4936"},"modified":"2019-08-31T12:46:16","modified_gmt":"2019-08-31T12:46:16","slug":"190822-pa-vag-till-dalhalla-rattvik","status":"publish","type":"post","link":"https:\/\/husbilenfrida.se\/?p=4936","title":{"rendered":"190822 p\u00e5 v\u00e4g till Dalhalla&#8230;R\u00e4ttvik"},"content":{"rendered":"\n<figure class=\"wp-block-image is-resized\"><a href=\"http:\/\/media.husbilenfrida.se\/2019\/08\/Siljan-1.png\"><img decoding=\"async\" src=\"http:\/\/media.husbilenfrida.se\/2019\/08\/Siljan-1-830x1024.png\" alt=\"\" class=\"wp-image-4941\" width=\"600\" srcset=\"https:\/\/media.husbilenfrida.se\/2019\/08\/Siljan-1-830x1024.png 830w, https:\/\/media.husbilenfrida.se\/2019\/08\/Siljan-1-243x300.png 243w, https:\/\/media.husbilenfrida.se\/2019\/08\/Siljan-1-768x948.png 768w, https:\/\/media.husbilenfrida.se\/2019\/08\/Siljan-1.png 1196w\" sizes=\"(max-width: 709px) 85vw, (max-width: 909px) 67vw, (max-width: 984px) 61vw, (max-width: 1362px) 45vw, 600px\" \/><\/a><\/figure>\n\n\n\n<p>Med en dag kvar till konsertkv\u00e4llen s\u00e5 mellanlandade vi p\u00e5 Siljansbadets Camping i R\u00e4ttvik &#8211; en j\u00e4ttefin camping med fina servicehus mm. Lite regnigt \u00e4ven om solen tittade fram ibland, s\u00e5 det fick bli en vilodag i Frida<\/p>\n\n\n\n\n\n<figure class=\"wp-block-image is-resized\"><a href=\"http:\/\/media.husbilenfrida.se\/2019\/08\/1024-DSC03961.jpg\"><img decoding=\"async\" src=\"http:\/\/media.husbilenfrida.se\/2019\/08\/1024-DSC03961-1024x683.jpg\" alt=\"\" class=\"wp-image-4939\" width=\"600\" srcset=\"https:\/\/media.husbilenfrida.se\/2019\/08\/1024-DSC03961.jpg 1024w, https:\/\/media.husbilenfrida.se\/2019\/08\/1024-DSC03961-300x200.jpg 300w, https:\/\/media.husbilenfrida.se\/2019\/08\/1024-DSC03961-768x512.jpg 768w\" sizes=\"(max-width: 709px) 85vw, (max-width: 909px) 67vw, (max-width: 1362px) 62vw, 840px\" \/><\/a><\/figure>\n\n\n\n<figure class=\"wp-block-image is-resized\"><a href=\"http:\/\/media.husbilenfrida.se\/2019\/08\/1024-DSC03965.jpg\"><img decoding=\"async\" src=\"http:\/\/media.husbilenfrida.se\/2019\/08\/1024-DSC03965-800x1024.jpg\" alt=\"\" class=\"wp-image-4943\" width=\"600\" srcset=\"https:\/\/media.husbilenfrida.se\/2019\/08\/1024-DSC03965.jpg 800w, https:\/\/media.husbilenfrida.se\/2019\/08\/1024-DSC03965-234x300.jpg 234w, https:\/\/media.husbilenfrida.se\/2019\/08\/1024-DSC03965-768x983.jpg 768w\" sizes=\"(max-width: 709px) 85vw, (max-width: 909px) 67vw, (max-width: 984px) 61vw, (max-width: 1362px) 45vw, 600px\" \/><\/a><\/figure>\n\n\n\n<figure class=\"wp-block-image is-resized\"><a href=\"http:\/\/media.husbilenfrida.se\/2019\/08\/1024-DSC03967.jpg\"><img decoding=\"async\" src=\"http:\/\/media.husbilenfrida.se\/2019\/08\/1024-DSC03967-1024x422.jpg\" alt=\"\" class=\"wp-image-4946\" width=\"600\" srcset=\"https:\/\/media.husbilenfrida.se\/2019\/08\/1024-DSC03967.jpg 1024w, https:\/\/media.husbilenfrida.se\/2019\/08\/1024-DSC03967-300x124.jpg 300w, https:\/\/media.husbilenfrida.se\/2019\/08\/1024-DSC03967-768x317.jpg 768w\" sizes=\"(max-width: 709px) 85vw, (max-width: 909px) 67vw, (max-width: 1362px) 62vw, 840px\" \/><\/a><\/figure>\n","protected":false},"excerpt":{"rendered":"<p>Med en dag kvar till konsertkv\u00e4llen s\u00e5 mellanlandade vi p\u00e5 Siljansbadets Camping i R\u00e4ttvik &#8211; en j\u00e4ttefin camping med fina servicehus mm. Lite regnigt \u00e4ven om solen tittade fram ibland, s\u00e5 det fick bli en vilodag i Frida<\/p>\n","protected":false},"author":1,"featured_media":0,"comment_status":"open","ping_status":"closed","sticky":false,"template":"","format":"standard","meta":{"footnotes":""},"categories":[1],"tags":[],"class_list":["post-4936","post","type-post","status-publish","format-standard","hentry","category-uncategorized"],"_links":{"self":[{"href":"https:\/\/husbilenfrida.se\/index.php?rest_route=\/wp\/v2\/posts\/4936","targetHints":{"allow":["GET"]}}],"collection":[{"href":"https:\/\/husbilenfrida.se\/index.php?rest_route=\/wp\/v2\/posts"}],"about":[{"href":"https:\/\/husbilenfrida.se\/index.php?rest_route=\/wp\/v2\/types\/post"}],"author":[{"embeddable":true,"href":"https:\/\/husbilenfrida.se\/index.php?rest_route=\/wp\/v2\/users\/1"}],"replies":[{"embeddable":true,"href":"https:\/\/husbilenfrida.se\/index.php?rest_route=%2Fwp%2Fv2%2Fcomments&post=4936"}],"version-history":[{"count":8,"href":"https:\/\/husbilenfrida.se\/index.php?rest_route=\/wp\/v2\/posts\/4936\/revisions"}],"predecessor-version":[{"id":5122,"href":"https:\/\/husbilenfrida.se\/index.php?rest_route=\/wp\/v2\/posts\/4936\/revisions\/5122"}],"wp:attachment":[{"href":"https:\/\/husbilenfrida.se\/index.php?rest_route=%2Fwp%2Fv2%2Fmedia&parent=4936"}],"wp:term":[{"taxonomy":"category","embeddable":true,"href":"https:\/\/husbilenfrida.se\/index.php?rest_route=%2Fwp%2Fv2%2Fcategories&post=4936"},{"taxonomy":"post_tag","embeddable":true,"href":"https:\/\/husbilenfrida.se\/index.php?rest_route=%2Fwp%2Fv2%2Ftags&post=4936"}],"curies":[{"name":"wp","href":"https:\/\/api.w.org\/{rel}","templated":true}]}}