{"id":4915,"date":"2019-08-22T13:17:01","date_gmt":"2019-08-22T13:17:01","guid":{"rendered":"http:\/\/husbilenfrida.se\/?p=4915"},"modified":"2019-08-31T12:42:38","modified_gmt":"2019-08-31T12:42:38","slug":"190821-pa-vag-till-dalhalla","status":"publish","type":"post","link":"https:\/\/husbilenfrida.se\/?p=4915","title":{"rendered":"190821 p\u00e5 v\u00e4g till Dalhalla via Borl\u00e4nge och Insj\u00f6n"},"content":{"rendered":"\n<figure class=\"wp-block-image is-resized\"><a href=\"http:\/\/media.husbilenfrida.se\/2019\/08\/Insjo\u0308n-2.png\"><img decoding=\"async\" src=\"http:\/\/media.husbilenfrida.se\/2019\/08\/Insjo\u0308n-2-1024x1005.png\" alt=\"\" class=\"wp-image-4920\" width=\"600\" srcset=\"https:\/\/media.husbilenfrida.se\/2019\/08\/Insjo\u0308n-2-1024x1005.png 1024w, https:\/\/media.husbilenfrida.se\/2019\/08\/Insjo\u0308n-2-300x294.png 300w, https:\/\/media.husbilenfrida.se\/2019\/08\/Insjo\u0308n-2-768x753.png 768w, https:\/\/media.husbilenfrida.se\/2019\/08\/Insjo\u0308n-2.png 1054w\" sizes=\"(max-width: 709px) 85vw, (max-width: 909px) 67vw, (max-width: 1362px) 62vw, 840px\" \/><\/a><\/figure>\n\n\n\n<p>Nu \u00e4r vi p\u00e5 rulle med Frida igen, p\u00e5 v\u00e4g till konsert p\u00e5 Dalhalla med Magnus Karlsson och Weeping Willows p\u00e5 fredag. Nu st\u00e5r vi p\u00e5 en liten mysig plats vid Insj\u00f6ns B\u00e5tklubb (ingen st\u00e4llplats h\u00e4r s\u00e5 vi fricampar).<\/p>\n\n\n\n<p>P\u00e5 v\u00e4gen hit h\u00e4lsade vi p\u00e5 Ylva och Tore i Borl\u00e4nge s\u00e5 vi kan rapportera att de \u00e4r pigga och p\u00e5 G och att de l\u00e4ngtar ut med sin husbil.<br>Vi fick v\u00e4rldens go\u00b4fika d\u00e4r!\u00a0<br>S\u00f6ren fick \u00e4ntligen sockerkaka!<\/p>\n\n\n\n<figure class=\"wp-block-image is-resized\"><a href=\"http:\/\/media.husbilenfrida.se\/2019\/08\/1024-Ylna-Tore-IMG_7741.jpg\"><img decoding=\"async\" src=\"http:\/\/media.husbilenfrida.se\/2019\/08\/1024-Ylna-Tore-IMG_7741-1024x768.jpg\" alt=\"\" class=\"wp-image-4917\" width=\"600\" srcset=\"https:\/\/media.husbilenfrida.se\/2019\/08\/1024-Ylna-Tore-IMG_7741.jpg 1024w, https:\/\/media.husbilenfrida.se\/2019\/08\/1024-Ylna-Tore-IMG_7741-300x225.jpg 300w, https:\/\/media.husbilenfrida.se\/2019\/08\/1024-Ylna-Tore-IMG_7741-768x576.jpg 768w\" sizes=\"(max-width: 709px) 85vw, (max-width: 909px) 67vw, (max-width: 1362px) 62vw, 840px\" \/><\/a><\/figure>\n\n\n\n<p>Lunch-paus vid Salas fina rastplats.<\/p>\n\n\n\n<figure class=\"wp-block-image is-resized\"><a href=\"http:\/\/media.husbilenfrida.se\/2019\/08\/1024-DSC03944.jpg\"><img decoding=\"async\" src=\"http:\/\/media.husbilenfrida.se\/2019\/08\/1024-DSC03944-1024x683.jpg\" alt=\"\" class=\"wp-image-4922\" width=\"600\" srcset=\"https:\/\/media.husbilenfrida.se\/2019\/08\/1024-DSC03944.jpg 1024w, https:\/\/media.husbilenfrida.se\/2019\/08\/1024-DSC03944-300x200.jpg 300w, https:\/\/media.husbilenfrida.se\/2019\/08\/1024-DSC03944-768x512.jpg 768w\" sizes=\"(max-width: 709px) 85vw, (max-width: 909px) 67vw, (max-width: 1362px) 62vw, 840px\" \/><\/a><\/figure>\n\n\n\n<p>Fricamping vid Insj\u00f6ns b\u00e5tklubb &#8211; ingen officiell st\u00e4llplats, men n\u00e5gra av b\u00e5tklubbsmedlemmarna som vi pratade med sa att det fanns planer p\u00e5 att g\u00f6ra i ordning en riktig st\u00e4llplats.<\/p>\n\n\n\n<figure class=\"wp-block-image is-resized\"><a href=\"http:\/\/media.husbilenfrida.se\/2019\/08\/1024-DSC03957.jpg\"><img decoding=\"async\" src=\"http:\/\/media.husbilenfrida.se\/2019\/08\/1024-DSC03957-1024x683.jpg\" alt=\"\" class=\"wp-image-4924\" width=\"600\" srcset=\"https:\/\/media.husbilenfrida.se\/2019\/08\/1024-DSC03957.jpg 1024w, https:\/\/media.husbilenfrida.se\/2019\/08\/1024-DSC03957-300x200.jpg 300w, https:\/\/media.husbilenfrida.se\/2019\/08\/1024-DSC03957-768x512.jpg 768w\" sizes=\"(max-width: 709px) 85vw, (max-width: 909px) 67vw, (max-width: 1362px) 62vw, 840px\" \/><\/a><\/figure>\n\n\n\n<figure class=\"wp-block-image is-resized\"><a href=\"http:\/\/media.husbilenfrida.se\/2019\/08\/1024-DSC03947.jpg\"><img decoding=\"async\" src=\"http:\/\/media.husbilenfrida.se\/2019\/08\/1024-DSC03947-1024x537.jpg\" alt=\"\" class=\"wp-image-4926\" width=\"600\" srcset=\"https:\/\/media.husbilenfrida.se\/2019\/08\/1024-DSC03947.jpg 1024w, https:\/\/media.husbilenfrida.se\/2019\/08\/1024-DSC03947-300x157.jpg 300w, https:\/\/media.husbilenfrida.se\/2019\/08\/1024-DSC03947-768x403.jpg 768w\" sizes=\"(max-width: 709px) 85vw, (max-width: 909px) 67vw, (max-width: 1362px) 62vw, 840px\" \/><\/a><\/figure>\n\n\n\n<figure class=\"wp-block-image is-resized\"><a href=\"http:\/\/media.husbilenfrida.se\/2019\/08\/1024-DSC03956.jpg\"><img decoding=\"async\" src=\"http:\/\/media.husbilenfrida.se\/2019\/08\/1024-DSC03956-1024x683.jpg\" alt=\"\" class=\"wp-image-4928\" width=\"600\" srcset=\"https:\/\/media.husbilenfrida.se\/2019\/08\/1024-DSC03956.jpg 1024w, https:\/\/media.husbilenfrida.se\/2019\/08\/1024-DSC03956-300x200.jpg 300w, https:\/\/media.husbilenfrida.se\/2019\/08\/1024-DSC03956-768x512.jpg 768w\" sizes=\"(max-width: 709px) 85vw, (max-width: 909px) 67vw, (max-width: 1362px) 62vw, 840px\" \/><\/a><\/figure>\n\n\n\n<figure class=\"wp-block-image is-resized\"><a href=\"http:\/\/media.husbilenfrida.se\/2019\/08\/1024-DSC03951.jpg\"><img decoding=\"async\" src=\"http:\/\/media.husbilenfrida.se\/2019\/08\/1024-DSC03951-1024x683.jpg\" alt=\"\" class=\"wp-image-4930\" width=\"600\" srcset=\"https:\/\/media.husbilenfrida.se\/2019\/08\/1024-DSC03951.jpg 1024w, https:\/\/media.husbilenfrida.se\/2019\/08\/1024-DSC03951-300x200.jpg 300w, https:\/\/media.husbilenfrida.se\/2019\/08\/1024-DSC03951-768x512.jpg 768w\" sizes=\"(max-width: 709px) 85vw, (max-width: 909px) 67vw, (max-width: 1362px) 62vw, 840px\" \/><\/a><\/figure>\n\n\n\n<figure class=\"wp-block-image is-resized\"><a href=\"http:\/\/media.husbilenfrida.se\/2019\/08\/1024-DSC03952.jpg\"><img decoding=\"async\" src=\"http:\/\/media.husbilenfrida.se\/2019\/08\/1024-DSC03952-1024x683.jpg\" alt=\"\" class=\"wp-image-4932\" width=\"600\" srcset=\"https:\/\/media.husbilenfrida.se\/2019\/08\/1024-DSC03952.jpg 1024w, https:\/\/media.husbilenfrida.se\/2019\/08\/1024-DSC03952-300x200.jpg 300w, https:\/\/media.husbilenfrida.se\/2019\/08\/1024-DSC03952-768x512.jpg 768w\" sizes=\"(max-width: 709px) 85vw, (max-width: 909px) 67vw, (max-width: 1362px) 62vw, 840px\" \/><\/a><\/figure>\n\n\n\n<figure class=\"wp-block-image is-resized\"><a href=\"http:\/\/media.husbilenfrida.se\/2019\/08\/1024-DSC03953.jpg\"><img decoding=\"async\" src=\"http:\/\/media.husbilenfrida.se\/2019\/08\/1024-DSC03953-1024x683.jpg\" alt=\"\" class=\"wp-image-4934\" width=\"600\" srcset=\"https:\/\/media.husbilenfrida.se\/2019\/08\/1024-DSC03953.jpg 1024w, https:\/\/media.husbilenfrida.se\/2019\/08\/1024-DSC03953-300x200.jpg 300w, https:\/\/media.husbilenfrida.se\/2019\/08\/1024-DSC03953-768x512.jpg 768w\" sizes=\"(max-width: 709px) 85vw, (max-width: 909px) 67vw, (max-width: 1362px) 62vw, 840px\" \/><\/a><\/figure>\n","protected":false},"excerpt":{"rendered":"<p>Nu \u00e4r vi p\u00e5 rulle med Frida igen, p\u00e5 v\u00e4g till konsert p\u00e5 Dalhalla med Magnus Karlsson och Weeping Willows p\u00e5 fredag. Nu st\u00e5r vi p\u00e5 en liten mysig plats vid Insj\u00f6ns B\u00e5tklubb (ingen st\u00e4llplats h\u00e4r s\u00e5 vi fricampar). P\u00e5 v\u00e4gen hit h\u00e4lsade vi p\u00e5 Ylva och Tore i Borl\u00e4nge s\u00e5 vi kan rapportera att &hellip; <a href=\"https:\/\/husbilenfrida.se\/?p=4915\" class=\"more-link\">Forts\u00e4tt l\u00e4sa<span class=\"screen-reader-text\"> \u201d190821 p\u00e5 v\u00e4g till Dalhalla via Borl\u00e4nge och Insj\u00f6n\u201d<\/span><\/a><\/p>\n","protected":false},"author":1,"featured_media":0,"comment_status":"open","ping_status":"closed","sticky":false,"template":"","format":"standard","meta":{"footnotes":""},"categories":[1],"tags":[],"class_list":["post-4915","post","type-post","status-publish","format-standard","hentry","category-uncategorized"],"_links":{"self":[{"href":"https:\/\/husbilenfrida.se\/index.php?rest_route=\/wp\/v2\/posts\/4915","targetHints":{"allow":["GET"]}}],"collection":[{"href":"https:\/\/husbilenfrida.se\/index.php?rest_route=\/wp\/v2\/posts"}],"about":[{"href":"https:\/\/husbilenfrida.se\/index.php?rest_route=\/wp\/v2\/types\/post"}],"author":[{"embeddable":true,"href":"https:\/\/husbilenfrida.se\/index.php?rest_route=\/wp\/v2\/users\/1"}],"replies":[{"embeddable":true,"href":"https:\/\/husbilenfrida.se\/index.php?rest_route=%2Fwp%2Fv2%2Fcomments&post=4915"}],"version-history":[{"count":16,"href":"https:\/\/husbilenfrida.se\/index.php?rest_route=\/wp\/v2\/posts\/4915\/revisions"}],"predecessor-version":[{"id":5119,"href":"https:\/\/husbilenfrida.se\/index.php?rest_route=\/wp\/v2\/posts\/4915\/revisions\/5119"}],"wp:attachment":[{"href":"https:\/\/husbilenfrida.se\/index.php?rest_route=%2Fwp%2Fv2%2Fmedia&parent=4915"}],"wp:term":[{"taxonomy":"category","embeddable":true,"href":"https:\/\/husbilenfrida.se\/index.php?rest_route=%2Fwp%2Fv2%2Fcategories&post=4915"},{"taxonomy":"post_tag","embeddable":true,"href":"https:\/\/husbilenfrida.se\/index.php?rest_route=%2Fwp%2Fv2%2Ftags&post=4915"}],"curies":[{"name":"wp","href":"https:\/\/api.w.org\/{rel}","templated":true}]}}