{"id":4660,"date":"2019-08-13T19:02:43","date_gmt":"2019-08-13T19:02:43","guid":{"rendered":"http:\/\/husbilenfrida.se\/?p=4660"},"modified":"2019-08-26T15:54:44","modified_gmt":"2019-08-26T15:54:44","slug":"190801-norrfja%cc%88llsvikens-camping","status":"publish","type":"post","link":"https:\/\/husbilenfrida.se\/?p=4660","title":{"rendered":"190801 Norrfa\u0308llsvikens Camping"},"content":{"rendered":"\n<figure class=\"wp-block-image is-resized\"><a href=\"http:\/\/media.husbilenfrida.se\/2019\/08\/1-DSC03131-1.jpg\"><img decoding=\"async\" src=\"http:\/\/media.husbilenfrida.se\/2019\/08\/1-DSC03131-1-1024x682.jpg\" alt=\"\" class=\"wp-image-4661\" width=\"600\" srcset=\"https:\/\/media.husbilenfrida.se\/2019\/08\/1-DSC03131-1.jpg 1024w, https:\/\/media.husbilenfrida.se\/2019\/08\/1-DSC03131-1-300x200.jpg 300w, https:\/\/media.husbilenfrida.se\/2019\/08\/1-DSC03131-1-768x512.jpg 768w\" sizes=\"(max-width: 709px) 85vw, (max-width: 909px) 67vw, (max-width: 1362px) 62vw, 840px\" \/><\/a><\/figure>\n\n\n\n<p>Norrf\u00e4llsvikens Camping var en positiv \u00f6verraskning. Stort omr\u00e5de med m\u00e5nga, relativt naturliga, platser.<\/p>\n\n\n\n<figure class=\"wp-block-image is-resized\"><a href=\"http:\/\/media.husbilenfrida.se\/2019\/08\/1-DSC03134.jpg\"><img decoding=\"async\" src=\"http:\/\/media.husbilenfrida.se\/2019\/08\/1-DSC03134-1024x682.jpg\" alt=\"\" class=\"wp-image-4663\" width=\"600\" srcset=\"https:\/\/media.husbilenfrida.se\/2019\/08\/1-DSC03134.jpg 1024w, https:\/\/media.husbilenfrida.se\/2019\/08\/1-DSC03134-300x200.jpg 300w, https:\/\/media.husbilenfrida.se\/2019\/08\/1-DSC03134-768x512.jpg 768w\" sizes=\"(max-width: 709px) 85vw, (max-width: 909px) 67vw, (max-width: 1362px) 62vw, 840px\" \/><\/a><\/figure>\n\n\n\n<p>En l\u00e4tt uppt\u00e4cktsvandring i n\u00e4romr\u00e5det k\u00e4ndes som en bra start p\u00e5 dagen&#8230;<\/p>\n\n\n\n<figure class=\"wp-block-image is-resized\"><a href=\"http:\/\/media.husbilenfrida.se\/2019\/08\/1-DSC03137.jpg\"><img decoding=\"async\" src=\"http:\/\/media.husbilenfrida.se\/2019\/08\/1-DSC03137-1024x682.jpg\" alt=\"\" class=\"wp-image-4665\" width=\"600\" srcset=\"https:\/\/media.husbilenfrida.se\/2019\/08\/1-DSC03137.jpg 1024w, https:\/\/media.husbilenfrida.se\/2019\/08\/1-DSC03137-300x200.jpg 300w, https:\/\/media.husbilenfrida.se\/2019\/08\/1-DSC03137-768x512.jpg 768w\" sizes=\"(max-width: 709px) 85vw, (max-width: 909px) 67vw, (max-width: 1362px) 62vw, 840px\" \/><\/a><\/figure>\n\n\n\n<p>Vad g\u00f6r husvagnen p\u00e5 dansbanan? Korvmoj till kv\u00e4llens dansanta publik???<\/p>\n\n\n\n<figure class=\"wp-block-image is-resized\"><a href=\"http:\/\/media.husbilenfrida.se\/2019\/08\/1-DSC03141.jpg\"><img decoding=\"async\" src=\"http:\/\/media.husbilenfrida.se\/2019\/08\/1-DSC03141-1024x682.jpg\" alt=\"\" class=\"wp-image-4667\" width=\"600\" srcset=\"https:\/\/media.husbilenfrida.se\/2019\/08\/1-DSC03141.jpg 1024w, https:\/\/media.husbilenfrida.se\/2019\/08\/1-DSC03141-300x200.jpg 300w, https:\/\/media.husbilenfrida.se\/2019\/08\/1-DSC03141-768x512.jpg 768w\" sizes=\"(max-width: 709px) 85vw, (max-width: 909px) 67vw, (max-width: 1362px) 62vw, 840px\" \/><\/a><\/figure>\n\n\n\n<p>En h\u00e4rlig vy \u00f6ver fj\u00e4rden utanf\u00f6r campingen.<\/p>\n\n\n\n<figure class=\"wp-block-image is-resized\"><a href=\"http:\/\/media.husbilenfrida.se\/2019\/08\/1-DSC03143.jpg\"><img decoding=\"async\" src=\"http:\/\/media.husbilenfrida.se\/2019\/08\/1-DSC03143-1024x682.jpg\" alt=\"\" class=\"wp-image-4669\" width=\"600\" srcset=\"https:\/\/media.husbilenfrida.se\/2019\/08\/1-DSC03143.jpg 1024w, https:\/\/media.husbilenfrida.se\/2019\/08\/1-DSC03143-300x200.jpg 300w, https:\/\/media.husbilenfrida.se\/2019\/08\/1-DSC03143-768x512.jpg 768w\" sizes=\"(max-width: 709px) 85vw, (max-width: 909px) 67vw, (max-width: 1362px) 62vw, 840px\" \/><\/a><\/figure>\n\n\n\n<figure class=\"wp-block-image is-resized\"><a href=\"http:\/\/media.husbilenfrida.se\/2019\/08\/1-DSC03146.jpg\"><img decoding=\"async\" src=\"http:\/\/media.husbilenfrida.se\/2019\/08\/1-DSC03146-1024x682.jpg\" alt=\"\" class=\"wp-image-4671\" width=\"600\" srcset=\"https:\/\/media.husbilenfrida.se\/2019\/08\/1-DSC03146.jpg 1024w, https:\/\/media.husbilenfrida.se\/2019\/08\/1-DSC03146-300x200.jpg 300w, https:\/\/media.husbilenfrida.se\/2019\/08\/1-DSC03146-768x512.jpg 768w\" sizes=\"(max-width: 709px) 85vw, (max-width: 909px) 67vw, (max-width: 1362px) 62vw, 840px\" \/><\/a><\/figure>\n\n\n\n<p>En motionsslinga runt udden l\u00e4t intressant, en del klapperstensf\u00e4lt skulle passeras &#8211; men hur sv\u00e5rt kan det vara???<\/p>\n\n\n\n<figure class=\"wp-block-image is-resized\"><a href=\"http:\/\/media.husbilenfrida.se\/2019\/08\/1-DSC03148.jpg\"><img decoding=\"async\" src=\"http:\/\/media.husbilenfrida.se\/2019\/08\/1-DSC03148-1024x682.jpg\" alt=\"\" class=\"wp-image-4673\" width=\"600\" srcset=\"https:\/\/media.husbilenfrida.se\/2019\/08\/1-DSC03148.jpg 1024w, https:\/\/media.husbilenfrida.se\/2019\/08\/1-DSC03148-300x200.jpg 300w, https:\/\/media.husbilenfrida.se\/2019\/08\/1-DSC03148-768x512.jpg 768w\" sizes=\"(max-width: 709px) 85vw, (max-width: 909px) 67vw, (max-width: 1362px) 62vw, 840px\" \/><\/a><\/figure>\n\n\n\n<figure class=\"wp-block-image is-resized\"><a href=\"http:\/\/media.husbilenfrida.se\/2019\/08\/1-DSC03155.jpg\"><img decoding=\"async\" src=\"http:\/\/media.husbilenfrida.se\/2019\/08\/1-DSC03155-1024x682.jpg\" alt=\"\" class=\"wp-image-4675\" width=\"600\" srcset=\"https:\/\/media.husbilenfrida.se\/2019\/08\/1-DSC03155.jpg 1024w, https:\/\/media.husbilenfrida.se\/2019\/08\/1-DSC03155-300x200.jpg 300w, https:\/\/media.husbilenfrida.se\/2019\/08\/1-DSC03155-768x512.jpg 768w\" sizes=\"(max-width: 709px) 85vw, (max-width: 909px) 67vw, (max-width: 1362px) 62vw, 840px\" \/><\/a><\/figure>\n\n\n\n<figure class=\"wp-block-image is-resized\"><a href=\"http:\/\/media.husbilenfrida.se\/2019\/08\/1-DSC03160.jpg\"><img decoding=\"async\" src=\"http:\/\/media.husbilenfrida.se\/2019\/08\/1-DSC03160-1024x682.jpg\" alt=\"\" class=\"wp-image-4677\" width=\"600\" srcset=\"https:\/\/media.husbilenfrida.se\/2019\/08\/1-DSC03160.jpg 1024w, https:\/\/media.husbilenfrida.se\/2019\/08\/1-DSC03160-300x200.jpg 300w, https:\/\/media.husbilenfrida.se\/2019\/08\/1-DSC03160-768x512.jpg 768w\" sizes=\"(max-width: 709px) 85vw, (max-width: 909px) 67vw, (max-width: 1362px) 62vw, 840px\" \/><\/a><\/figure>\n\n\n\n<p>Efter m\u00e5nga passerade klapperstenar kom vi fram till den magnifika utkiksplat\u00e5n &#8211; utformad efter ett id\u00e9 om en upp-och-nerv\u00e4nt b\u00e5tskrov.<\/p>\n\n\n\n<figure class=\"wp-block-image is-resized\"><a href=\"http:\/\/media.husbilenfrida.se\/2019\/08\/1-DSC03167.jpg\"><img decoding=\"async\" src=\"http:\/\/media.husbilenfrida.se\/2019\/08\/1-DSC03167-1024x682.jpg\" alt=\"\" class=\"wp-image-4679\" width=\"600\" srcset=\"https:\/\/media.husbilenfrida.se\/2019\/08\/1-DSC03167.jpg 1024w, https:\/\/media.husbilenfrida.se\/2019\/08\/1-DSC03167-300x200.jpg 300w, https:\/\/media.husbilenfrida.se\/2019\/08\/1-DSC03167-768x512.jpg 768w\" sizes=\"(max-width: 709px) 85vw, (max-width: 909px) 67vw, (max-width: 1362px) 62vw, 840px\" \/><\/a><\/figure>\n\n\n\n<figure class=\"wp-block-image is-resized\"><a href=\"http:\/\/media.husbilenfrida.se\/2019\/08\/1-DSC03181.jpg\"><img decoding=\"async\" src=\"http:\/\/media.husbilenfrida.se\/2019\/08\/1-DSC03181-1024x682.jpg\" alt=\"\" class=\"wp-image-4680\" width=\"600\" srcset=\"https:\/\/media.husbilenfrida.se\/2019\/08\/1-DSC03181.jpg 1024w, https:\/\/media.husbilenfrida.se\/2019\/08\/1-DSC03181-300x200.jpg 300w, https:\/\/media.husbilenfrida.se\/2019\/08\/1-DSC03181-768x512.jpg 768w\" sizes=\"(max-width: 709px) 85vw, (max-width: 909px) 67vw, (max-width: 1362px) 62vw, 840px\" \/><\/a><\/figure>\n\n\n\n<figure class=\"wp-block-image is-resized\"><a href=\"http:\/\/media.husbilenfrida.se\/2019\/08\/1-DSC03174.jpg\"><img decoding=\"async\" src=\"http:\/\/media.husbilenfrida.se\/2019\/08\/1-DSC03174-1024x682.jpg\" alt=\"\" class=\"wp-image-4682\" width=\"600\" srcset=\"https:\/\/media.husbilenfrida.se\/2019\/08\/1-DSC03174.jpg 1024w, https:\/\/media.husbilenfrida.se\/2019\/08\/1-DSC03174-300x200.jpg 300w, https:\/\/media.husbilenfrida.se\/2019\/08\/1-DSC03174-768x512.jpg 768w\" sizes=\"(max-width: 709px) 85vw, (max-width: 909px) 67vw, (max-width: 1362px) 62vw, 840px\" \/><\/a><\/figure>\n\n\n\n<p>Klapperstensf\u00e4lten kallades f\u00f6rr i folkmun f\u00f6r Hin H\u00e5les \u00e5krar eller Dj\u00e4vuls\u00e5krarna. Det kan man f\u00f6rst\u00e5 &#8211; f\u00f6r de var r\u00e4tt sv\u00e5rforcerade \u00e4ven om man p\u00e5 m\u00e5nga st\u00e4llen lagt stenar tillr\u00e4tta f\u00f6r att underl\u00e4tta framkomsten. Man kan tydligt se m\u00f6nstret av m\u00e5nga gamla strandlinjer. H\u00e4r finns ocks\u00e5 ett fornminnesomr\u00e5de med r\u00f6sen fr\u00e5n brons\u00e5ldern. Klapperf\u00e4lten v\u00e4xer i takt med landh\u00f6jningen fortfarande upp ur havet.<\/p>\n\n\n\n<figure class=\"wp-block-image is-resized\"><a href=\"http:\/\/media.husbilenfrida.se\/2019\/08\/1-DSC03179.jpg\"><img decoding=\"async\" src=\"http:\/\/media.husbilenfrida.se\/2019\/08\/1-DSC03179-1024x682.jpg\" alt=\"\" class=\"wp-image-4684\" width=\"600\" srcset=\"https:\/\/media.husbilenfrida.se\/2019\/08\/1-DSC03179.jpg 1024w, https:\/\/media.husbilenfrida.se\/2019\/08\/1-DSC03179-300x200.jpg 300w, https:\/\/media.husbilenfrida.se\/2019\/08\/1-DSC03179-768x512.jpg 768w\" sizes=\"(max-width: 709px) 85vw, (max-width: 909px) 67vw, (max-width: 1362px) 62vw, 840px\" \/><\/a><\/figure>\n\n\n\n<p>Vi tror att det h\u00e4r H\u00f6gbonden &#8211; en av Sveriges h\u00f6gst bel\u00e4gna fyrplatser -som sticker upp ur havet d\u00e4r borta.<\/p>\n\n\n\n<figure class=\"wp-block-image is-resized\"><a href=\"http:\/\/media.husbilenfrida.se\/2019\/08\/1-DSC03182.jpg\"><img decoding=\"async\" src=\"http:\/\/media.husbilenfrida.se\/2019\/08\/1-DSC03182-1024x682.jpg\" alt=\"\" class=\"wp-image-4686\" width=\"600\" srcset=\"https:\/\/media.husbilenfrida.se\/2019\/08\/1-DSC03182.jpg 1024w, https:\/\/media.husbilenfrida.se\/2019\/08\/1-DSC03182-300x200.jpg 300w, https:\/\/media.husbilenfrida.se\/2019\/08\/1-DSC03182-768x512.jpg 768w\" sizes=\"(max-width: 709px) 85vw, (max-width: 909px) 67vw, (max-width: 1362px) 62vw, 840px\" \/><\/a><\/figure>\n\n\n\n<figure class=\"wp-block-image is-resized\"><a href=\"http:\/\/media.husbilenfrida.se\/2019\/08\/1-DSC03185.jpg\"><img decoding=\"async\" src=\"http:\/\/media.husbilenfrida.se\/2019\/08\/1-DSC03185-1024x692.jpg\" alt=\"\" class=\"wp-image-4688\" width=\"600\" srcset=\"https:\/\/media.husbilenfrida.se\/2019\/08\/1-DSC03185.jpg 1024w, https:\/\/media.husbilenfrida.se\/2019\/08\/1-DSC03185-300x203.jpg 300w, https:\/\/media.husbilenfrida.se\/2019\/08\/1-DSC03185-768x519.jpg 768w\" sizes=\"(max-width: 709px) 85vw, (max-width: 909px) 67vw, (max-width: 1362px) 62vw, 840px\" \/><\/a><\/figure>\n\n\n\n<figure class=\"wp-block-image is-resized\"><a href=\"http:\/\/media.husbilenfrida.se\/2019\/08\/1-DSC03198.jpg\"><img decoding=\"async\" src=\"http:\/\/media.husbilenfrida.se\/2019\/08\/1-DSC03198-1024x682.jpg\" alt=\"\" class=\"wp-image-4690\" width=\"600\" srcset=\"https:\/\/media.husbilenfrida.se\/2019\/08\/1-DSC03198.jpg 1024w, https:\/\/media.husbilenfrida.se\/2019\/08\/1-DSC03198-300x200.jpg 300w, https:\/\/media.husbilenfrida.se\/2019\/08\/1-DSC03198-768x512.jpg 768w\" sizes=\"(max-width: 709px) 85vw, (max-width: 909px) 67vw, (max-width: 1362px) 62vw, 840px\" \/><\/a><\/figure>\n\n\n\n<figure class=\"wp-block-image is-resized\"><a href=\"http:\/\/media.husbilenfrida.se\/2019\/08\/1-DSC03200.jpg\"><img decoding=\"async\" src=\"http:\/\/media.husbilenfrida.se\/2019\/08\/1-DSC03200-1024x682.jpg\" alt=\"\" class=\"wp-image-4692\" width=\"600\" srcset=\"https:\/\/media.husbilenfrida.se\/2019\/08\/1-DSC03200.jpg 1024w, https:\/\/media.husbilenfrida.se\/2019\/08\/1-DSC03200-300x200.jpg 300w, https:\/\/media.husbilenfrida.se\/2019\/08\/1-DSC03200-768x512.jpg 768w\" sizes=\"(max-width: 709px) 85vw, (max-width: 909px) 67vw, (max-width: 1362px) 62vw, 840px\" \/><\/a><\/figure>\n\n\n\n<p>&#8221;Motionsslingan&#8221; visade sig vara en tuff vandring b\u00e5de upp\u00e5t och ned\u00e5t men till slut kom vi \u00e4nd\u00e5 fram nere vid det gamla fiskel\u00e4get.<\/p>\n\n\n\n<figure class=\"wp-block-image is-resized\"><a href=\"http:\/\/media.husbilenfrida.se\/2019\/08\/1-DSC03209.jpg\"><img decoding=\"async\" src=\"http:\/\/media.husbilenfrida.se\/2019\/08\/1-DSC03209-1024x683.jpg\" alt=\"\" class=\"wp-image-4694\" width=\"600\" srcset=\"https:\/\/media.husbilenfrida.se\/2019\/08\/1-DSC03209.jpg 1024w, https:\/\/media.husbilenfrida.se\/2019\/08\/1-DSC03209-300x200.jpg 300w, https:\/\/media.husbilenfrida.se\/2019\/08\/1-DSC03209-768x512.jpg 768w\" sizes=\"(max-width: 709px) 85vw, (max-width: 909px) 67vw, (max-width: 1362px) 62vw, 840px\" \/><\/a><\/figure>\n\n\n\n<figure class=\"wp-block-image is-resized\"><a href=\"http:\/\/media.husbilenfrida.se\/2019\/08\/1-DSC03217.jpg\"><img decoding=\"async\" src=\"http:\/\/media.husbilenfrida.se\/2019\/08\/1-DSC03217-1024x682.jpg\" alt=\"\" class=\"wp-image-4696\" width=\"600\" srcset=\"https:\/\/media.husbilenfrida.se\/2019\/08\/1-DSC03217.jpg 1024w, https:\/\/media.husbilenfrida.se\/2019\/08\/1-DSC03217-300x200.jpg 300w, https:\/\/media.husbilenfrida.se\/2019\/08\/1-DSC03217-768x512.jpg 768w\" sizes=\"(max-width: 709px) 85vw, (max-width: 909px) 67vw, (max-width: 1362px) 62vw, 840px\" \/><\/a><\/figure>\n\n\n\n<figure class=\"wp-block-image is-resized\"><a href=\"http:\/\/media.husbilenfrida.se\/2019\/08\/1-DSC03220.jpg\"><img decoding=\"async\" src=\"http:\/\/media.husbilenfrida.se\/2019\/08\/1-DSC03220-1024x682.jpg\" alt=\"\" class=\"wp-image-4698\" width=\"600\" srcset=\"https:\/\/media.husbilenfrida.se\/2019\/08\/1-DSC03220.jpg 1024w, https:\/\/media.husbilenfrida.se\/2019\/08\/1-DSC03220-300x200.jpg 300w, https:\/\/media.husbilenfrida.se\/2019\/08\/1-DSC03220-768x512.jpg 768w\" sizes=\"(max-width: 709px) 85vw, (max-width: 909px) 67vw, (max-width: 1362px) 62vw, 840px\" \/><\/a><\/figure>\n\n\n\n<p>Bel\u00f6ningen blev v\u00e4rldens godaste str\u00f6mming med lingon och potatismos! En iskall &#8221;H\u00f6ga-kusten-\u00f6l&#8221; satt ocks\u00e5 bra!<\/p>\n\n\n\n<figure class=\"wp-block-image is-resized\"><a href=\"http:\/\/media.husbilenfrida.se\/2019\/08\/1-DSC03239.jpg\"><img decoding=\"async\" src=\"http:\/\/media.husbilenfrida.se\/2019\/08\/1-DSC03239-717x1024.jpg\" alt=\"\" class=\"wp-image-4699\" width=\"600\" srcset=\"https:\/\/media.husbilenfrida.se\/2019\/08\/1-DSC03239.jpg 717w, https:\/\/media.husbilenfrida.se\/2019\/08\/1-DSC03239-210x300.jpg 210w\" sizes=\"(max-width: 709px) 85vw, (max-width: 909px) 67vw, (max-width: 984px) 61vw, (max-width: 1362px) 45vw, 600px\" \/><\/a><\/figure>\n\n\n\n<figure class=\"wp-block-image is-resized\"><a href=\"http:\/\/media.husbilenfrida.se\/2019\/08\/1-DSC03236.jpg\"><img decoding=\"async\" src=\"http:\/\/media.husbilenfrida.se\/2019\/08\/1-DSC03236-1024x682.jpg\" alt=\"\" class=\"wp-image-4701\" width=\"600\" srcset=\"https:\/\/media.husbilenfrida.se\/2019\/08\/1-DSC03236.jpg 1024w, https:\/\/media.husbilenfrida.se\/2019\/08\/1-DSC03236-300x200.jpg 300w, https:\/\/media.husbilenfrida.se\/2019\/08\/1-DSC03236-768x512.jpg 768w\" sizes=\"(max-width: 709px) 85vw, (max-width: 909px) 67vw, (max-width: 1362px) 62vw, 840px\" \/><\/a><\/figure>\n\n\n\n<p>Ett litet fiskerimuseum m\u00e5ste ju ocks\u00e5 finnas vid ett gammalt fiskel\u00e4ge.<\/p>\n\n\n\n<figure class=\"wp-block-image is-resized\"><a href=\"http:\/\/media.husbilenfrida.se\/2019\/08\/1-DSC03231.jpg\"><img decoding=\"async\" src=\"http:\/\/media.husbilenfrida.se\/2019\/08\/1-DSC03231-1024x682.jpg\" alt=\"\" class=\"wp-image-4703\" width=\"600\" srcset=\"https:\/\/media.husbilenfrida.se\/2019\/08\/1-DSC03231.jpg 1024w, https:\/\/media.husbilenfrida.se\/2019\/08\/1-DSC03231-300x200.jpg 300w, https:\/\/media.husbilenfrida.se\/2019\/08\/1-DSC03231-768x512.jpg 768w\" sizes=\"(max-width: 709px) 85vw, (max-width: 909px) 67vw, (max-width: 1362px) 62vw, 840px\" \/><\/a><\/figure>\n","protected":false},"excerpt":{"rendered":"<p>Norrf\u00e4llsvikens Camping var en positiv \u00f6verraskning. Stort omr\u00e5de med m\u00e5nga, relativt naturliga, platser. En l\u00e4tt uppt\u00e4cktsvandring i n\u00e4romr\u00e5det k\u00e4ndes som en bra start p\u00e5 dagen&#8230; Vad g\u00f6r husvagnen p\u00e5 dansbanan? Korvmoj till kv\u00e4llens dansanta publik??? En h\u00e4rlig vy \u00f6ver fj\u00e4rden utanf\u00f6r campingen. En motionsslinga runt udden l\u00e4t intressant, en del klapperstensf\u00e4lt skulle passeras &#8211; men &hellip; <a href=\"https:\/\/husbilenfrida.se\/?p=4660\" class=\"more-link\">Forts\u00e4tt l\u00e4sa<span class=\"screen-reader-text\"> \u201d190801 Norrfa\u0308llsvikens Camping\u201d<\/span><\/a><\/p>\n","protected":false},"author":1,"featured_media":0,"comment_status":"open","ping_status":"closed","sticky":false,"template":"","format":"standard","meta":{"footnotes":""},"categories":[1],"tags":[],"class_list":["post-4660","post","type-post","status-publish","format-standard","hentry","category-uncategorized"],"_links":{"self":[{"href":"https:\/\/husbilenfrida.se\/index.php?rest_route=\/wp\/v2\/posts\/4660","targetHints":{"allow":["GET"]}}],"collection":[{"href":"https:\/\/husbilenfrida.se\/index.php?rest_route=\/wp\/v2\/posts"}],"about":[{"href":"https:\/\/husbilenfrida.se\/index.php?rest_route=\/wp\/v2\/types\/post"}],"author":[{"embeddable":true,"href":"https:\/\/husbilenfrida.se\/index.php?rest_route=\/wp\/v2\/users\/1"}],"replies":[{"embeddable":true,"href":"https:\/\/husbilenfrida.se\/index.php?rest_route=%2Fwp%2Fv2%2Fcomments&post=4660"}],"version-history":[{"count":33,"href":"https:\/\/husbilenfrida.se\/index.php?rest_route=\/wp\/v2\/posts\/4660\/revisions"}],"predecessor-version":[{"id":5061,"href":"https:\/\/husbilenfrida.se\/index.php?rest_route=\/wp\/v2\/posts\/4660\/revisions\/5061"}],"wp:attachment":[{"href":"https:\/\/husbilenfrida.se\/index.php?rest_route=%2Fwp%2Fv2%2Fmedia&parent=4660"}],"wp:term":[{"taxonomy":"category","embeddable":true,"href":"https:\/\/husbilenfrida.se\/index.php?rest_route=%2Fwp%2Fv2%2Fcategories&post=4660"},{"taxonomy":"post_tag","embeddable":true,"href":"https:\/\/husbilenfrida.se\/index.php?rest_route=%2Fwp%2Fv2%2Ftags&post=4660"}],"curies":[{"name":"wp","href":"https:\/\/api.w.org\/{rel}","templated":true}]}}