{"id":4158,"date":"2019-08-11T10:54:35","date_gmt":"2019-08-11T10:54:35","guid":{"rendered":"http:\/\/husbilenfrida.se\/?p=4158"},"modified":"2019-08-11T12:36:34","modified_gmt":"2019-08-11T12:36:34","slug":"190722-dag-2-i-ankarde-dags-for-ny-aventyrsvandring","status":"publish","type":"post","link":"https:\/\/husbilenfrida.se\/?p=4158","title":{"rendered":"190722 dag 2 i Ankarede, dags f\u00f6r en ny \u00e4ventyrsvandring"},"content":{"rendered":"\n<p>Vi valde h\u00e4r, liksom i \u00c5re, den kortaste vandringsleden; den till Lejarfallet 4 km bort \u2013 vi f\u00e5r ju t\u00e4nka p\u00e5 att vi \u00e4r gr\u00f6ng\u00f6lingar, eller pelikaner som en kompis skulle s\u00e4ga, n\u00e4r det g\u00e4ller det h\u00e4r med vandring. (Pelikaner \u00e4r tydligen fj\u00e4llguiders epitet p\u00e5 nyb\u00f6rjare ;))<\/p>\n\n\n\n<figure class=\"wp-block-image is-resized\"><a href=\"http:\/\/media.husbilenfrida.se\/2019\/08\/1024-DSC02306.jpg\"><img decoding=\"async\" src=\"http:\/\/media.husbilenfrida.se\/2019\/08\/1024-DSC02306-1024x683.jpg\" alt=\"\" class=\"wp-image-4159\" width=\"600\" srcset=\"https:\/\/media.husbilenfrida.se\/2019\/08\/1024-DSC02306.jpg 1024w, https:\/\/media.husbilenfrida.se\/2019\/08\/1024-DSC02306-300x200.jpg 300w, https:\/\/media.husbilenfrida.se\/2019\/08\/1024-DSC02306-768x512.jpg 768w\" sizes=\"(max-width: 709px) 85vw, (max-width: 909px) 67vw, (max-width: 1362px) 62vw, 840px\" \/><\/a><\/figure>\n\n\n\n<figure class=\"wp-block-image\"><img loading=\"lazy\" decoding=\"async\" width=\"722\" height=\"1024\" src=\"http:\/\/media.husbilenfrida.se\/2019\/08\/1024-DSC02281-722x1024.jpg\" alt=\"\" class=\"wp-image-4160\" srcset=\"https:\/\/media.husbilenfrida.se\/2019\/08\/1024-DSC02281.jpg 722w, https:\/\/media.husbilenfrida.se\/2019\/08\/1024-DSC02281-212x300.jpg 212w\" sizes=\"auto, (max-width: 709px) 85vw, (max-width: 909px) 67vw, (max-width: 984px) 61vw, (max-width: 1362px) 45vw, 600px\" \/><\/figure>\n\n\n\n<figure class=\"wp-block-image is-resized\"><a href=\"http:\/\/media.husbilenfrida.se\/2019\/08\/1024-DSC02291.jpg\"><img decoding=\"async\" src=\"http:\/\/media.husbilenfrida.se\/2019\/08\/1024-DSC02291-1024x683.jpg\" alt=\"\" class=\"wp-image-4162\" width=\"600\" srcset=\"https:\/\/media.husbilenfrida.se\/2019\/08\/1024-DSC02291.jpg 1024w, https:\/\/media.husbilenfrida.se\/2019\/08\/1024-DSC02291-300x200.jpg 300w, https:\/\/media.husbilenfrida.se\/2019\/08\/1024-DSC02291-768x512.jpg 768w\" sizes=\"(max-width: 709px) 85vw, (max-width: 909px) 67vw, (max-width: 1362px) 62vw, 840px\" \/><\/a><\/figure>\n\n\n\n<figure class=\"wp-block-image is-resized\"><a href=\"http:\/\/media.husbilenfrida.se\/2019\/08\/1024-DSC02293.jpg\"><img decoding=\"async\" src=\"http:\/\/media.husbilenfrida.se\/2019\/08\/1024-DSC02293-1024x684.jpg\" alt=\"\" class=\"wp-image-4163\" width=\"600\" srcset=\"https:\/\/media.husbilenfrida.se\/2019\/08\/1024-DSC02293.jpg 1024w, https:\/\/media.husbilenfrida.se\/2019\/08\/1024-DSC02293-300x200.jpg 300w, https:\/\/media.husbilenfrida.se\/2019\/08\/1024-DSC02293-768x513.jpg 768w\" sizes=\"(max-width: 709px) 85vw, (max-width: 909px) 67vw, (max-width: 1362px) 62vw, 840px\" \/><\/a><\/figure>\n\n\n\n<figure class=\"wp-block-image is-resized\"><a href=\"http:\/\/media.husbilenfrida.se\/2019\/08\/1024-DSC02317.jpg\"><img decoding=\"async\" src=\"http:\/\/media.husbilenfrida.se\/2019\/08\/1024-DSC02317-1024x683.jpg\" alt=\"\" class=\"wp-image-4165\" width=\"600\" srcset=\"https:\/\/media.husbilenfrida.se\/2019\/08\/1024-DSC02317.jpg 1024w, https:\/\/media.husbilenfrida.se\/2019\/08\/1024-DSC02317-300x200.jpg 300w, https:\/\/media.husbilenfrida.se\/2019\/08\/1024-DSC02317-768x512.jpg 768w\" sizes=\"(max-width: 709px) 85vw, (max-width: 909px) 67vw, (max-width: 1362px) 62vw, 840px\" \/><\/a><\/figure>\n\n\n\n\n\n<figure class=\"wp-block-image is-resized\"><a href=\"http:\/\/media.husbilenfrida.se\/2019\/08\/1024-DSC02320.jpg\"><img decoding=\"async\" src=\"http:\/\/media.husbilenfrida.se\/2019\/08\/1024-DSC02320-1024x683.jpg\" alt=\"\" class=\"wp-image-4167\" width=\"600\" srcset=\"https:\/\/media.husbilenfrida.se\/2019\/08\/1024-DSC02320.jpg 1024w, https:\/\/media.husbilenfrida.se\/2019\/08\/1024-DSC02320-300x200.jpg 300w, https:\/\/media.husbilenfrida.se\/2019\/08\/1024-DSC02320-768x512.jpg 768w\" sizes=\"(max-width: 709px) 85vw, (max-width: 909px) 67vw, (max-width: 1362px) 62vw, 840px\" \/><\/a><\/figure>\n\n\n\n<figure class=\"wp-block-image is-resized\"><a href=\"http:\/\/media.husbilenfrida.se\/2019\/08\/1024-DSC02331.jpg\"><img decoding=\"async\" src=\"http:\/\/media.husbilenfrida.se\/2019\/08\/1024-DSC02331-1024x682.jpg\" alt=\"\" class=\"wp-image-4168\" width=\"600\" srcset=\"https:\/\/media.husbilenfrida.se\/2019\/08\/1024-DSC02331.jpg 1024w, https:\/\/media.husbilenfrida.se\/2019\/08\/1024-DSC02331-300x200.jpg 300w, https:\/\/media.husbilenfrida.se\/2019\/08\/1024-DSC02331-768x512.jpg 768w\" sizes=\"(max-width: 709px) 85vw, (max-width: 909px) 67vw, (max-width: 1362px) 62vw, 840px\" \/><\/a><\/figure>\n\n\n\n<figure class=\"wp-block-image is-resized\"><a href=\"http:\/\/media.husbilenfrida.se\/2019\/08\/1024-DSC02334.jpg\"><img decoding=\"async\" src=\"http:\/\/media.husbilenfrida.se\/2019\/08\/1024-DSC02334-1024x683.jpg\" alt=\"\" class=\"wp-image-4170\" width=\"600\" srcset=\"https:\/\/media.husbilenfrida.se\/2019\/08\/1024-DSC02334.jpg 1024w, https:\/\/media.husbilenfrida.se\/2019\/08\/1024-DSC02334-300x200.jpg 300w, https:\/\/media.husbilenfrida.se\/2019\/08\/1024-DSC02334-768x512.jpg 768w\" sizes=\"(max-width: 709px) 85vw, (max-width: 909px) 67vw, (max-width: 1362px) 62vw, 840px\" \/><\/a><\/figure>\n\n\n\n<p>Det visade sig vara en f\u00f6rh\u00e5llandevis l\u00e4tt vandringsled utefter Lejar\u00e4lven &#8211; och mysigt med \u00e4lvens brusande som ackompanjemang till v\u00e5ra steg och myggens surrande.<\/p>\n\n\n\n<figure class=\"wp-block-image is-resized\"><a href=\"http:\/\/media.husbilenfrida.se\/2019\/08\/1024-DSC02342.jpg\"><img decoding=\"async\" src=\"http:\/\/media.husbilenfrida.se\/2019\/08\/1024-DSC02342-1024x683.jpg\" alt=\"\" class=\"wp-image-4171\" width=\"600\" srcset=\"https:\/\/media.husbilenfrida.se\/2019\/08\/1024-DSC02342.jpg 1024w, https:\/\/media.husbilenfrida.se\/2019\/08\/1024-DSC02342-300x200.jpg 300w, https:\/\/media.husbilenfrida.se\/2019\/08\/1024-DSC02342-768x512.jpg 768w\" sizes=\"(max-width: 709px) 85vw, (max-width: 909px) 67vw, (max-width: 1362px) 62vw, 840px\" \/><\/a><\/figure>\n\n\n\n<figure class=\"wp-block-image is-resized\"><a href=\"http:\/\/media.husbilenfrida.se\/2019\/08\/1024-DSC02344.jpg\"><img decoding=\"async\" src=\"http:\/\/media.husbilenfrida.se\/2019\/08\/1024-DSC02344-1024x683.jpg\" alt=\"\" class=\"wp-image-4173\" width=\"600\" srcset=\"https:\/\/media.husbilenfrida.se\/2019\/08\/1024-DSC02344.jpg 1024w, https:\/\/media.husbilenfrida.se\/2019\/08\/1024-DSC02344-300x200.jpg 300w, https:\/\/media.husbilenfrida.se\/2019\/08\/1024-DSC02344-768x512.jpg 768w\" sizes=\"(max-width: 709px) 85vw, (max-width: 909px) 67vw, (max-width: 1362px) 62vw, 840px\" \/><\/a><\/figure>\n\n\n\n<p>Ett litet l\u00e4tt duggregn och n\u00e5gra tusen mygg gjorde s\u00e4llskap med oss vid dagens etappm\u00e5l: Lejarfallet &#8211; men vackert var det!<\/p>\n\n\n\n<figure class=\"wp-block-image is-resized\"><a href=\"http:\/\/media.husbilenfrida.se\/2019\/08\/1024-DSC02356.jpg\"><img decoding=\"async\" src=\"http:\/\/media.husbilenfrida.se\/2019\/08\/1024-DSC02356-1024x683.jpg\" alt=\"\" class=\"wp-image-4175\" width=\"600\" srcset=\"https:\/\/media.husbilenfrida.se\/2019\/08\/1024-DSC02356.jpg 1024w, https:\/\/media.husbilenfrida.se\/2019\/08\/1024-DSC02356-300x200.jpg 300w, https:\/\/media.husbilenfrida.se\/2019\/08\/1024-DSC02356-768x512.jpg 768w\" sizes=\"(max-width: 709px) 85vw, (max-width: 909px) 67vw, (max-width: 1362px) 62vw, 840px\" \/><\/a><\/figure>\n\n\n\n<figure class=\"wp-block-image is-resized\"><a href=\"http:\/\/media.husbilenfrida.se\/2019\/08\/1024-DSC02359.jpg\"><img decoding=\"async\" src=\"http:\/\/media.husbilenfrida.se\/2019\/08\/1024-DSC02359-1024x683.jpg\" alt=\"\" class=\"wp-image-4177\" width=\"600\" srcset=\"https:\/\/media.husbilenfrida.se\/2019\/08\/1024-DSC02359.jpg 1024w, https:\/\/media.husbilenfrida.se\/2019\/08\/1024-DSC02359-300x200.jpg 300w, https:\/\/media.husbilenfrida.se\/2019\/08\/1024-DSC02359-768x512.jpg 768w\" sizes=\"(max-width: 709px) 85vw, (max-width: 909px) 67vw, (max-width: 1362px) 62vw, 840px\" \/><\/a><\/figure>\n\n\n\n<figure class=\"wp-block-image is-resized\"><a href=\"http:\/\/media.husbilenfrida.se\/2019\/08\/1024-DSC02365.jpg\"><img decoding=\"async\" src=\"http:\/\/media.husbilenfrida.se\/2019\/08\/1024-DSC02365-1024x683.jpg\" alt=\"\" class=\"wp-image-4179\" width=\"600\" srcset=\"https:\/\/media.husbilenfrida.se\/2019\/08\/1024-DSC02365.jpg 1024w, https:\/\/media.husbilenfrida.se\/2019\/08\/1024-DSC02365-300x200.jpg 300w, https:\/\/media.husbilenfrida.se\/2019\/08\/1024-DSC02365-768x512.jpg 768w\" sizes=\"(max-width: 709px) 85vw, (max-width: 909px) 67vw, (max-width: 1362px) 62vw, 840px\" \/><\/a><\/figure>\n\n\n\n<figure class=\"wp-block-image is-resized\"><a href=\"http:\/\/media.husbilenfrida.se\/2019\/08\/1024-DSC02349.jpg\"><img decoding=\"async\" src=\"http:\/\/media.husbilenfrida.se\/2019\/08\/1024-DSC02349-1024x685.jpg\" alt=\"\" class=\"wp-image-4181\" width=\"600\" srcset=\"https:\/\/media.husbilenfrida.se\/2019\/08\/1024-DSC02349.jpg 1024w, https:\/\/media.husbilenfrida.se\/2019\/08\/1024-DSC02349-300x201.jpg 300w, https:\/\/media.husbilenfrida.se\/2019\/08\/1024-DSC02349-768x514.jpg 768w\" sizes=\"(max-width: 709px) 85vw, (max-width: 909px) 67vw, (max-width: 1362px) 62vw, 840px\" \/><\/a><\/figure>\n\n\n\n<figure class=\"wp-block-image is-resized\"><a href=\"http:\/\/media.husbilenfrida.se\/2019\/08\/1024-DSC02374.jpg\"><img decoding=\"async\" src=\"http:\/\/media.husbilenfrida.se\/2019\/08\/1024-DSC02374-1024x683.jpg\" alt=\"\" class=\"wp-image-4183\" width=\"600\" srcset=\"https:\/\/media.husbilenfrida.se\/2019\/08\/1024-DSC02374.jpg 1024w, https:\/\/media.husbilenfrida.se\/2019\/08\/1024-DSC02374-300x200.jpg 300w, https:\/\/media.husbilenfrida.se\/2019\/08\/1024-DSC02374-768x512.jpg 768w\" sizes=\"(max-width: 709px) 85vw, (max-width: 909px) 67vw, (max-width: 1362px) 62vw, 840px\" \/><\/a><\/figure>\n\n\n\n<figure class=\"wp-block-image is-resized\"><a href=\"http:\/\/media.husbilenfrida.se\/2019\/08\/1024-DSC02376.jpg\"><img decoding=\"async\" src=\"http:\/\/media.husbilenfrida.se\/2019\/08\/1024-DSC02376-1024x683.jpg\" alt=\"\" class=\"wp-image-4185\" width=\"600\" srcset=\"https:\/\/media.husbilenfrida.se\/2019\/08\/1024-DSC02376.jpg 1024w, https:\/\/media.husbilenfrida.se\/2019\/08\/1024-DSC02376-300x200.jpg 300w, https:\/\/media.husbilenfrida.se\/2019\/08\/1024-DSC02376-768x512.jpg 768w\" sizes=\"(max-width: 709px) 85vw, (max-width: 909px) 67vw, (max-width: 1362px) 62vw, 840px\" \/><\/a><\/figure>\n\n\n\n<figure class=\"wp-block-image is-resized\"><a href=\"http:\/\/media.husbilenfrida.se\/2019\/08\/1024-DSC02383.jpg\"><img decoding=\"async\" src=\"http:\/\/media.husbilenfrida.se\/2019\/08\/1024-DSC02383-652x1024.jpg\" alt=\"\" class=\"wp-image-4187\" width=\"600\" srcset=\"https:\/\/media.husbilenfrida.se\/2019\/08\/1024-DSC02383.jpg 652w, https:\/\/media.husbilenfrida.se\/2019\/08\/1024-DSC02383-191x300.jpg 191w\" sizes=\"(max-width: 709px) 85vw, (max-width: 909px) 67vw, (max-width: 984px) 61vw, (max-width: 1362px) 45vw, 600px\" \/><\/a><\/figure>\n\n\n\n<p>Det gick inte ens att sitta ner och njuta av att vara framme vid fallet \u2013 vi k\u00f6rde n\u00e5gon slags krigsdans med myggen, samtidigt som vi sl\u00e4ngde i oss kaffe och mackor f\u00f6r att sen starta vandringen tillbaka igen.<\/p>\n\n\n\n<figure class=\"wp-block-image is-resized\"><a href=\"http:\/\/media.husbilenfrida.se\/2019\/08\/1024-DSC02384.jpg\"><img decoding=\"async\" src=\"http:\/\/media.husbilenfrida.se\/2019\/08\/1024-DSC02384-1024x683.jpg\" alt=\"\" class=\"wp-image-4189\" width=\"600\" srcset=\"https:\/\/media.husbilenfrida.se\/2019\/08\/1024-DSC02384.jpg 1024w, https:\/\/media.husbilenfrida.se\/2019\/08\/1024-DSC02384-300x200.jpg 300w, https:\/\/media.husbilenfrida.se\/2019\/08\/1024-DSC02384-768x512.jpg 768w\" sizes=\"(max-width: 709px) 85vw, (max-width: 909px) 67vw, (max-width: 1362px) 62vw, 840px\" \/><\/a><\/figure>\n\n\n\n<p>Dagens bel\u00f6ning blev v\u00e5ffla med hjortronsylt och gr\u00e4dde p\u00e5 Ankaredes mysiga Caf\u00e9! Detta efter att vi hade tagit en v\u00e4lbeh\u00f6vlig dusch i det lilla servicehuset som fanns i anslutning till parkeringen &#8211; Ankarede fick m\u00e5nga pluspo\u00e4ng n\u00e4r vi v\u00e4l hade uppt\u00e4ckt hur fint det var d\u00e4r! (Bortsett fr\u00e5n myggen d\u00e5 &#8211; men en tur dit lite l\u00e4ngre fram p\u00e5 sommaren eller tidig h\u00f6st \u00e4r nog toppen!) Det f\u00e5r det bli kommande \u00e5r.<\/p>\n\n\n\n<figure class=\"wp-block-image is-resized\"><a href=\"http:\/\/media.husbilenfrida.se\/2019\/08\/1024-IMG_0243.jpg\"><img decoding=\"async\" src=\"http:\/\/media.husbilenfrida.se\/2019\/08\/1024-IMG_0243-1024x947.jpg\" alt=\"\" class=\"wp-image-4191\" width=\"600\" srcset=\"https:\/\/media.husbilenfrida.se\/2019\/08\/1024-IMG_0243.jpg 1024w, https:\/\/media.husbilenfrida.se\/2019\/08\/1024-IMG_0243-300x277.jpg 300w, https:\/\/media.husbilenfrida.se\/2019\/08\/1024-IMG_0243-768x710.jpg 768w\" sizes=\"(max-width: 709px) 85vw, (max-width: 909px) 67vw, (max-width: 1362px) 62vw, 840px\" \/><\/a><\/figure>\n\n\n\n<figure class=\"wp-block-image is-resized\"><a href=\"http:\/\/media.husbilenfrida.se\/2019\/08\/1024-DSC02415.jpg\"><img decoding=\"async\" src=\"http:\/\/media.husbilenfrida.se\/2019\/08\/1024-DSC02415-1024x683.jpg\" alt=\"\" class=\"wp-image-4193\" width=\"600\" srcset=\"https:\/\/media.husbilenfrida.se\/2019\/08\/1024-DSC02415.jpg 1024w, https:\/\/media.husbilenfrida.se\/2019\/08\/1024-DSC02415-300x200.jpg 300w, https:\/\/media.husbilenfrida.se\/2019\/08\/1024-DSC02415-768x512.jpg 768w\" sizes=\"(max-width: 709px) 85vw, (max-width: 909px) 67vw, (max-width: 1362px) 62vw, 840px\" \/><\/a><\/figure>\n","protected":false},"excerpt":{"rendered":"<p>Vi valde h\u00e4r, liksom i \u00c5re, den kortaste vandringsleden; den till Lejarfallet 4 km bort \u2013 vi f\u00e5r ju t\u00e4nka p\u00e5 att vi \u00e4r gr\u00f6ng\u00f6lingar, eller pelikaner som en kompis skulle s\u00e4ga, n\u00e4r det g\u00e4ller det h\u00e4r med vandring. (Pelikaner \u00e4r tydligen fj\u00e4llguiders epitet p\u00e5 nyb\u00f6rjare ;)) Det visade sig vara en f\u00f6rh\u00e5llandevis l\u00e4tt vandringsled &hellip; <a href=\"https:\/\/husbilenfrida.se\/?p=4158\" class=\"more-link\">Forts\u00e4tt l\u00e4sa<span class=\"screen-reader-text\"> \u201d190722 dag 2 i Ankarede, dags f\u00f6r en ny \u00e4ventyrsvandring\u201d<\/span><\/a><\/p>\n","protected":false},"author":1,"featured_media":0,"comment_status":"open","ping_status":"closed","sticky":false,"template":"","format":"standard","meta":{"footnotes":""},"categories":[1],"tags":[],"class_list":["post-4158","post","type-post","status-publish","format-standard","hentry","category-uncategorized"],"_links":{"self":[{"href":"https:\/\/husbilenfrida.se\/index.php?rest_route=\/wp\/v2\/posts\/4158","targetHints":{"allow":["GET"]}}],"collection":[{"href":"https:\/\/husbilenfrida.se\/index.php?rest_route=\/wp\/v2\/posts"}],"about":[{"href":"https:\/\/husbilenfrida.se\/index.php?rest_route=\/wp\/v2\/types\/post"}],"author":[{"embeddable":true,"href":"https:\/\/husbilenfrida.se\/index.php?rest_route=\/wp\/v2\/users\/1"}],"replies":[{"embeddable":true,"href":"https:\/\/husbilenfrida.se\/index.php?rest_route=%2Fwp%2Fv2%2Fcomments&post=4158"}],"version-history":[{"count":27,"href":"https:\/\/husbilenfrida.se\/index.php?rest_route=\/wp\/v2\/posts\/4158\/revisions"}],"predecessor-version":[{"id":4216,"href":"https:\/\/husbilenfrida.se\/index.php?rest_route=\/wp\/v2\/posts\/4158\/revisions\/4216"}],"wp:attachment":[{"href":"https:\/\/husbilenfrida.se\/index.php?rest_route=%2Fwp%2Fv2%2Fmedia&parent=4158"}],"wp:term":[{"taxonomy":"category","embeddable":true,"href":"https:\/\/husbilenfrida.se\/index.php?rest_route=%2Fwp%2Fv2%2Fcategories&post=4158"},{"taxonomy":"post_tag","embeddable":true,"href":"https:\/\/husbilenfrida.se\/index.php?rest_route=%2Fwp%2Fv2%2Ftags&post=4158"}],"curies":[{"name":"wp","href":"https:\/\/api.w.org\/{rel}","templated":true}]}}