{"id":4013,"date":"2019-08-10T16:55:03","date_gmt":"2019-08-10T16:55:03","guid":{"rendered":"http:\/\/husbilenfrida.se\/?p=4013"},"modified":"2019-08-11T08:51:01","modified_gmt":"2019-08-11T08:51:01","slug":"190719-pa-fjallet-vallise-vid-trillevallen","status":"publish","type":"post","link":"https:\/\/husbilenfrida.se\/?p=4013","title":{"rendered":"190719 P\u00e5 fj\u00e4llet V\u00e4lliste vid Trillevallen."},"content":{"rendered":"\n<figure class=\"wp-block-image is-resized\"><a href=\"http:\/\/media.husbilenfrida.se\/2019\/08\/Stro\u0308msund.png\"><img decoding=\"async\" src=\"http:\/\/media.husbilenfrida.se\/2019\/08\/Stro\u0308msund-1024x470.png\" alt=\"\" class=\"wp-image-4014\" width=\"600\" srcset=\"https:\/\/media.husbilenfrida.se\/2019\/08\/Stro\u0308msund.png 1024w, https:\/\/media.husbilenfrida.se\/2019\/08\/Stro\u0308msund-300x138.png 300w, https:\/\/media.husbilenfrida.se\/2019\/08\/Stro\u0308msund-768x353.png 768w\" sizes=\"(max-width: 709px) 85vw, (max-width: 909px) 67vw, (max-width: 1362px) 62vw, 840px\" \/><\/a><\/figure>\n\n\n\n<p>P\u00e5 v\u00e4g till V\u00e4lliste som ligger efter v\u00e4gen ner mot V\u00e5l\u00e5dalen stannade vi f\u00f6r att f\u00e5 lite bilder p\u00e5 alla fina sommarblomster som v\u00e4xer vid v\u00e4grenen! Inte utan att man kommer att t\u00e4nka p\u00e5 Wilhelm Petterson Bergers &#8221;Int\u00e5g i sommarhagen&#8221;! <a href=\"https:\/\/www.youtube.com\/watch?v=dc9TcHzcsVM\">https:\/\/www.youtube.com\/watch?v=dc9TcHzcsVM<\/a><\/p>\n\n\n\n<figure class=\"wp-block-image is-resized\"><a href=\"http:\/\/media.husbilenfrida.se\/2019\/08\/1024-DSC07029.jpg\"><img decoding=\"async\" src=\"http:\/\/media.husbilenfrida.se\/2019\/08\/1024-DSC07029-1024x683.jpg\" alt=\"\" class=\"wp-image-4021\" width=\"600\" srcset=\"https:\/\/media.husbilenfrida.se\/2019\/08\/1024-DSC07029.jpg 1024w, https:\/\/media.husbilenfrida.se\/2019\/08\/1024-DSC07029-300x200.jpg 300w, https:\/\/media.husbilenfrida.se\/2019\/08\/1024-DSC07029-768x512.jpg 768w\" sizes=\"(max-width: 709px) 85vw, (max-width: 909px) 67vw, (max-width: 1362px) 62vw, 840px\" \/><\/a><\/figure>\n\n\n\n<figure class=\"wp-block-image is-resized\"><a href=\"http:\/\/media.husbilenfrida.se\/2019\/08\/1024-DSC07031.jpg\"><img decoding=\"async\" src=\"http:\/\/media.husbilenfrida.se\/2019\/08\/1024-DSC07031-1024x683.jpg\" alt=\"\" class=\"wp-image-4022\" width=\"600\" srcset=\"https:\/\/media.husbilenfrida.se\/2019\/08\/1024-DSC07031.jpg 1024w, https:\/\/media.husbilenfrida.se\/2019\/08\/1024-DSC07031-300x200.jpg 300w, https:\/\/media.husbilenfrida.se\/2019\/08\/1024-DSC07031-768x512.jpg 768w\" sizes=\"(max-width: 709px) 85vw, (max-width: 909px) 67vw, (max-width: 1362px) 62vw, 840px\" \/><\/a><\/figure>\n\n\n\n<p>Efter g\u00e5rdagens 5 timmarspass vid Storulv\u00e5n\u2026<br>\u2026s\u00e5 blev det nu ett kortare men ack s\u00e5 mycket brantare kl\u00e4ttringspass uppf\u00f6r V\u00e4lliste fj\u00e4llet\u2026det var riktigt brant! Men n\u00e4r vi v\u00e4l var uppe p\u00e5 fj\u00e4llet fick en underbar utsikt mot bl.a. \u00c5reskutan!<\/p>\n\n\n\n<figure class=\"wp-block-image is-resized\"><a href=\"http:\/\/media.husbilenfrida.se\/2019\/08\/1024-DSC02144.jpg\"><img decoding=\"async\" src=\"http:\/\/media.husbilenfrida.se\/2019\/08\/1024-DSC02144-1024x683.jpg\" alt=\"\" class=\"wp-image-4016\" width=\"600\" srcset=\"https:\/\/media.husbilenfrida.se\/2019\/08\/1024-DSC02144.jpg 1024w, https:\/\/media.husbilenfrida.se\/2019\/08\/1024-DSC02144-300x200.jpg 300w, https:\/\/media.husbilenfrida.se\/2019\/08\/1024-DSC02144-768x512.jpg 768w\" sizes=\"(max-width: 709px) 85vw, (max-width: 909px) 67vw, (max-width: 1362px) 62vw, 840px\" \/><\/a><\/figure>\n\n\n\n<p>Vi valde att ta den tuffaste v\u00e4gen upp! H\u00e4r var det fr\u00e5gan om &#8221;Kliv \u00f6verlev, kliv&#8230;!&#8221;, Stanna och h\u00e4mta andan, kliv vidare!<\/p>\n\n\n\n<figure class=\"wp-block-image is-resized\"><a href=\"http:\/\/media.husbilenfrida.se\/2019\/08\/1024-DSC02166.jpg\"><img decoding=\"async\" src=\"http:\/\/media.husbilenfrida.se\/2019\/08\/1024-DSC02166-1024x683.jpg\" alt=\"\" class=\"wp-image-4017\" width=\"600\" srcset=\"https:\/\/media.husbilenfrida.se\/2019\/08\/1024-DSC02166.jpg 1024w, https:\/\/media.husbilenfrida.se\/2019\/08\/1024-DSC02166-300x200.jpg 300w, https:\/\/media.husbilenfrida.se\/2019\/08\/1024-DSC02166-768x512.jpg 768w\" sizes=\"(max-width: 709px) 85vw, (max-width: 909px) 67vw, (max-width: 1362px) 62vw, 840px\" \/><\/a><\/figure>\n\n\n\n<figure class=\"wp-block-image is-resized\"><a href=\"http:\/\/media.husbilenfrida.se\/2019\/08\/1024-IMG_7502.jpg\"><img decoding=\"async\" src=\"http:\/\/media.husbilenfrida.se\/2019\/08\/1024-IMG_7502-1024x768.jpg\" alt=\"\" class=\"wp-image-4019\" width=\"600\" srcset=\"https:\/\/media.husbilenfrida.se\/2019\/08\/1024-IMG_7502.jpg 1024w, https:\/\/media.husbilenfrida.se\/2019\/08\/1024-IMG_7502-300x225.jpg 300w, https:\/\/media.husbilenfrida.se\/2019\/08\/1024-IMG_7502-768x576.jpg 768w\" sizes=\"(max-width: 709px) 85vw, (max-width: 909px) 67vw, (max-width: 1362px) 62vw, 840px\" \/><\/a><\/figure>\n\n\n\n<p>Men det var m\u00f6dan v\u00e4rt! Det var vackert d\u00e4ruppe!<\/p>\n\n\n\n<figure class=\"wp-block-image is-resized\"><a href=\"http:\/\/media.husbilenfrida.se\/2019\/08\/1024-DSC02187.jpg\"><img decoding=\"async\" src=\"http:\/\/media.husbilenfrida.se\/2019\/08\/1024-DSC02187-1024x683.jpg\" alt=\"\" class=\"wp-image-4023\" width=\"600\" srcset=\"https:\/\/media.husbilenfrida.se\/2019\/08\/1024-DSC02187.jpg 1024w, https:\/\/media.husbilenfrida.se\/2019\/08\/1024-DSC02187-300x200.jpg 300w, https:\/\/media.husbilenfrida.se\/2019\/08\/1024-DSC02187-768x512.jpg 768w\" sizes=\"(max-width: 709px) 85vw, (max-width: 909px) 67vw, (max-width: 1362px) 62vw, 840px\" \/><\/a><\/figure>\n\n\n\n<figure class=\"wp-block-image is-resized\"><a href=\"http:\/\/media.husbilenfrida.se\/2019\/08\/1024-DSC02169.jpg\"><img decoding=\"async\" src=\"http:\/\/media.husbilenfrida.se\/2019\/08\/1024-DSC02169-1024x683.jpg\" alt=\"\" class=\"wp-image-4033\" width=\"600\" srcset=\"https:\/\/media.husbilenfrida.se\/2019\/08\/1024-DSC02169.jpg 1024w, https:\/\/media.husbilenfrida.se\/2019\/08\/1024-DSC02169-300x200.jpg 300w, https:\/\/media.husbilenfrida.se\/2019\/08\/1024-DSC02169-768x512.jpg 768w\" sizes=\"(max-width: 709px) 85vw, (max-width: 909px) 67vw, (max-width: 1362px) 62vw, 840px\" \/><\/a><\/figure>\n\n\n\n<figure class=\"wp-block-image is-resized\"><a href=\"http:\/\/media.husbilenfrida.se\/2019\/08\/1024-DSC02175.jpg\"><img decoding=\"async\" src=\"http:\/\/media.husbilenfrida.se\/2019\/08\/1024-DSC02175-1024x683.jpg\" alt=\"\" class=\"wp-image-4025\" width=\"600\" srcset=\"https:\/\/media.husbilenfrida.se\/2019\/08\/1024-DSC02175.jpg 1024w, https:\/\/media.husbilenfrida.se\/2019\/08\/1024-DSC02175-300x200.jpg 300w, https:\/\/media.husbilenfrida.se\/2019\/08\/1024-DSC02175-768x512.jpg 768w\" sizes=\"(max-width: 709px) 85vw, (max-width: 909px) 67vw, (max-width: 1362px) 62vw, 840px\" \/><\/a><\/figure>\n\n\n\n<p>Utsikt fr\u00e5n V\u00e4llista fj\u00e4llet, klicka p\u00e5 l\u00e4nken!<br><a href=\"https:\/\/www.facebook.com\/soren.svedin\/videos\/2423121131058007\/\">https:\/\/www.facebook.com\/soren.svedin\/videos\/2423121131058007\/<\/a><\/p>\n\n\n\n<figure class=\"wp-block-image is-resized\"><a href=\"http:\/\/media.husbilenfrida.se\/2019\/08\/1024-DSC02188.jpg\"><img decoding=\"async\" src=\"http:\/\/media.husbilenfrida.se\/2019\/08\/1024-DSC02188-1024x683.jpg\" alt=\"\" class=\"wp-image-4027\" width=\"600\" srcset=\"https:\/\/media.husbilenfrida.se\/2019\/08\/1024-DSC02188.jpg 1024w, https:\/\/media.husbilenfrida.se\/2019\/08\/1024-DSC02188-300x200.jpg 300w, https:\/\/media.husbilenfrida.se\/2019\/08\/1024-DSC02188-768x512.jpg 768w\" sizes=\"(max-width: 709px) 85vw, (max-width: 909px) 67vw, (max-width: 1362px) 62vw, 840px\" \/><\/a><\/figure>\n\n\n\n<figure class=\"wp-block-image is-resized\"><a href=\"http:\/\/media.husbilenfrida.se\/2019\/08\/1024-DSC02190.jpg\"><img decoding=\"async\" src=\"http:\/\/media.husbilenfrida.se\/2019\/08\/1024-DSC02190-1024x683.jpg\" alt=\"\" class=\"wp-image-4029\" width=\"600\" srcset=\"https:\/\/media.husbilenfrida.se\/2019\/08\/1024-DSC02190.jpg 1024w, https:\/\/media.husbilenfrida.se\/2019\/08\/1024-DSC02190-300x200.jpg 300w, https:\/\/media.husbilenfrida.se\/2019\/08\/1024-DSC02190-768x512.jpg 768w\" sizes=\"(max-width: 709px) 85vw, (max-width: 909px) 67vw, (max-width: 1362px) 62vw, 840px\" \/><\/a><\/figure>\n\n\n\n<figure class=\"wp-block-image is-resized\"><img decoding=\"async\" src=\"http:\/\/media.husbilenfrida.se\/2019\/08\/1024-DSC02197-1024x683.jpg\" alt=\"\" class=\"wp-image-4031\" width=\"600\" srcset=\"https:\/\/media.husbilenfrida.se\/2019\/08\/1024-DSC02197.jpg 1024w, https:\/\/media.husbilenfrida.se\/2019\/08\/1024-DSC02197-300x200.jpg 300w, https:\/\/media.husbilenfrida.se\/2019\/08\/1024-DSC02197-768x512.jpg 768w\" sizes=\"(max-width: 709px) 85vw, (max-width: 909px) 67vw, (max-width: 1362px) 62vw, 840px\" \/><\/figure>\n\n\n\n<p>V\u00e4l nere vid Frida igen tog vi en l\u00e4ttare lunch innan vi fortsatte mot Str\u00f6msund &#8211; som r\u00e4knas som startpunkten f\u00f6r Vildmarksv\u00e4gen.<\/p>\n\n\n\n<figure class=\"wp-block-image is-resized\"><a href=\"http:\/\/media.husbilenfrida.se\/2019\/08\/1024-DSC02222.jpg\"><img decoding=\"async\" src=\"http:\/\/media.husbilenfrida.se\/2019\/08\/1024-DSC02222-1024x683.jpg\" alt=\"\" class=\"wp-image-4036\" width=\"600\" srcset=\"https:\/\/media.husbilenfrida.se\/2019\/08\/1024-DSC02222.jpg 1024w, https:\/\/media.husbilenfrida.se\/2019\/08\/1024-DSC02222-300x200.jpg 300w, https:\/\/media.husbilenfrida.se\/2019\/08\/1024-DSC02222-768x512.jpg 768w\" sizes=\"(max-width: 709px) 85vw, (max-width: 909px) 67vw, (max-width: 1362px) 62vw, 840px\" \/><\/a><\/figure>\n\n\n\n<p>Vid hembygdsg\u00e5rden i Str\u00f6msund finns det en fin st\u00e4llplats utan n\u00e5gon service f\u00f6rutom tillg\u00e5ng till toaletter vid Hembygdsg\u00e5rden. En nybyggd anl\u00e4ggning f\u00f6r latrint\u00f6mning fanns vid brof\u00e4stet. S\u00e5 det funkade bra.<\/p>\n\n\n\n<figure class=\"wp-block-image is-resized\"><a href=\"http:\/\/media.husbilenfrida.se\/2019\/08\/1024-DSC02198.jpg\"><img decoding=\"async\" src=\"http:\/\/media.husbilenfrida.se\/2019\/08\/1024-DSC02198-1024x683.jpg\" alt=\"\" class=\"wp-image-4040\" width=\"600\" srcset=\"https:\/\/media.husbilenfrida.se\/2019\/08\/1024-DSC02198.jpg 1024w, https:\/\/media.husbilenfrida.se\/2019\/08\/1024-DSC02198-300x200.jpg 300w, https:\/\/media.husbilenfrida.se\/2019\/08\/1024-DSC02198-768x512.jpg 768w\" sizes=\"(max-width: 709px) 85vw, (max-width: 909px) 67vw, (max-width: 1362px) 62vw, 840px\" \/><\/a><\/figure>\n\n\n\n<p>En morgonpromenad runt Hembygdsg\u00e5rden stugor hann vi med innan vi \u00e5kte vidare. D\u00e4r finns bl.a. en staty av J\u00e4tten Jorm fr\u00e5n Beppe Wolgers saga om Dunderklumpen! L\u00e4s mer om Dunderklumpen p\u00e5 https:\/\/www.stromsund.se\/1484.html<\/p>\n\n\n\n<figure class=\"wp-block-image is-resized\"><a href=\"http:\/\/media.husbilenfrida.se\/2019\/08\/1024-DSC02199.jpg\"><img decoding=\"async\" src=\"http:\/\/media.husbilenfrida.se\/2019\/08\/1024-DSC02199-1024x683.jpg\" alt=\"\" class=\"wp-image-4042\" width=\"600\" srcset=\"https:\/\/media.husbilenfrida.se\/2019\/08\/1024-DSC02199.jpg 1024w, https:\/\/media.husbilenfrida.se\/2019\/08\/1024-DSC02199-300x200.jpg 300w, https:\/\/media.husbilenfrida.se\/2019\/08\/1024-DSC02199-768x512.jpg 768w\" sizes=\"(max-width: 709px) 85vw, (max-width: 909px) 67vw, (max-width: 1362px) 62vw, 840px\" \/><\/a><\/figure>\n\n\n\n<figure class=\"wp-block-image is-resized\"><a href=\"http:\/\/media.husbilenfrida.se\/2019\/08\/1024-DSC02201.jpg\"><img decoding=\"async\" src=\"http:\/\/media.husbilenfrida.se\/2019\/08\/1024-DSC02201-1024x683.jpg\" alt=\"\" class=\"wp-image-4044\" width=\"600\" srcset=\"https:\/\/media.husbilenfrida.se\/2019\/08\/1024-DSC02201.jpg 1024w, https:\/\/media.husbilenfrida.se\/2019\/08\/1024-DSC02201-300x200.jpg 300w, https:\/\/media.husbilenfrida.se\/2019\/08\/1024-DSC02201-768x512.jpg 768w\" sizes=\"(max-width: 709px) 85vw, (max-width: 909px) 67vw, (max-width: 1362px) 62vw, 840px\" \/><\/a><\/figure>\n\n\n\n<figure class=\"wp-block-image is-resized\"><a href=\"http:\/\/media.husbilenfrida.se\/2019\/08\/1024-DSC02202.jpg\"><img decoding=\"async\" src=\"http:\/\/media.husbilenfrida.se\/2019\/08\/1024-DSC02202-683x1024.jpg\" alt=\"\" class=\"wp-image-4046\" width=\"600\" srcset=\"https:\/\/media.husbilenfrida.se\/2019\/08\/1024-DSC02202.jpg 683w, https:\/\/media.husbilenfrida.se\/2019\/08\/1024-DSC02202-200x300.jpg 200w\" sizes=\"(max-width: 709px) 85vw, (max-width: 909px) 67vw, (max-width: 984px) 61vw, (max-width: 1362px) 45vw, 600px\" \/><\/a><\/figure>\n\n\n\n<figure class=\"wp-block-image is-resized\"><a href=\"http:\/\/media.husbilenfrida.se\/2019\/08\/1024-DSC02203.jpg\"><img decoding=\"async\" src=\"http:\/\/media.husbilenfrida.se\/2019\/08\/1024-DSC02203-1024x683.jpg\" alt=\"\" class=\"wp-image-4048\" width=\"600\" srcset=\"https:\/\/media.husbilenfrida.se\/2019\/08\/1024-DSC02203.jpg 1024w, https:\/\/media.husbilenfrida.se\/2019\/08\/1024-DSC02203-300x200.jpg 300w, https:\/\/media.husbilenfrida.se\/2019\/08\/1024-DSC02203-768x512.jpg 768w\" sizes=\"(max-width: 709px) 85vw, (max-width: 909px) 67vw, (max-width: 1362px) 62vw, 840px\" \/><\/a><\/figure>\n\n\n\n<figure class=\"wp-block-image is-resized\"><a href=\"http:\/\/media.husbilenfrida.se\/2019\/08\/1024-DSC02214.jpg\"><img decoding=\"async\" src=\"http:\/\/media.husbilenfrida.se\/2019\/08\/1024-DSC02214-1024x683.jpg\" alt=\"\" class=\"wp-image-4050\" width=\"600\" srcset=\"https:\/\/media.husbilenfrida.se\/2019\/08\/1024-DSC02214.jpg 1024w, https:\/\/media.husbilenfrida.se\/2019\/08\/1024-DSC02214-300x200.jpg 300w, https:\/\/media.husbilenfrida.se\/2019\/08\/1024-DSC02214-768x512.jpg 768w\" sizes=\"(max-width: 709px) 85vw, (max-width: 909px) 67vw, (max-width: 1362px) 62vw, 840px\" \/><\/a><\/figure>\n\n\n\n<p>Ett museum med m\u00e5nga sp\u00e4nnande saker bl.a. uppstoppade djur finns ocks\u00e5 p\u00e5 Hembygdsg\u00e5rdens omr\u00e5de.<\/p>\n\n\n\n<figure class=\"wp-block-image is-resized\"><a href=\"http:\/\/media.husbilenfrida.se\/2019\/08\/1024-DSC02219.jpg\"><img decoding=\"async\" src=\"http:\/\/media.husbilenfrida.se\/2019\/08\/1024-DSC02219-1024x683.jpg\" alt=\"\" class=\"wp-image-4052\" width=\"600\" srcset=\"https:\/\/media.husbilenfrida.se\/2019\/08\/1024-DSC02219.jpg 1024w, https:\/\/media.husbilenfrida.se\/2019\/08\/1024-DSC02219-300x200.jpg 300w, https:\/\/media.husbilenfrida.se\/2019\/08\/1024-DSC02219-768x512.jpg 768w\" sizes=\"(max-width: 709px) 85vw, (max-width: 909px) 67vw, (max-width: 1362px) 62vw, 840px\" \/><\/a><\/figure>\n\n\n\n<figure class=\"wp-block-image is-resized\"><a href=\"http:\/\/media.husbilenfrida.se\/2019\/08\/1024-DSC02218.jpg\"><img decoding=\"async\" src=\"http:\/\/media.husbilenfrida.se\/2019\/08\/1024-DSC02218-1024x683.jpg\" alt=\"\" class=\"wp-image-4055\" width=\"600\" srcset=\"https:\/\/media.husbilenfrida.se\/2019\/08\/1024-DSC02218.jpg 1024w, https:\/\/media.husbilenfrida.se\/2019\/08\/1024-DSC02218-300x200.jpg 300w, https:\/\/media.husbilenfrida.se\/2019\/08\/1024-DSC02218-768x512.jpg 768w\" sizes=\"(max-width: 709px) 85vw, (max-width: 909px) 67vw, (max-width: 1362px) 62vw, 840px\" \/><\/a><\/figure>\n\n\n\n<figure class=\"wp-block-image is-resized\"><a href=\"http:\/\/media.husbilenfrida.se\/2019\/08\/1024-DSC02217.jpg\"><img decoding=\"async\" src=\"http:\/\/media.husbilenfrida.se\/2019\/08\/1024-DSC02217-1024x683.jpg\" alt=\"\" class=\"wp-image-4057\" width=\"600\" srcset=\"https:\/\/media.husbilenfrida.se\/2019\/08\/1024-DSC02217.jpg 1024w, https:\/\/media.husbilenfrida.se\/2019\/08\/1024-DSC02217-300x200.jpg 300w, https:\/\/media.husbilenfrida.se\/2019\/08\/1024-DSC02217-768x512.jpg 768w\" sizes=\"(max-width: 709px) 85vw, (max-width: 909px) 67vw, (max-width: 1362px) 62vw, 840px\" \/><\/a><\/figure>\n","protected":false},"excerpt":{"rendered":"<p>P\u00e5 v\u00e4g till V\u00e4lliste som ligger efter v\u00e4gen ner mot V\u00e5l\u00e5dalen stannade vi f\u00f6r att f\u00e5 lite bilder p\u00e5 alla fina sommarblomster som v\u00e4xer vid v\u00e4grenen! Inte utan att man kommer att t\u00e4nka p\u00e5 Wilhelm Petterson Bergers &#8221;Int\u00e5g i sommarhagen&#8221;! https:\/\/www.youtube.com\/watch?v=dc9TcHzcsVM Efter g\u00e5rdagens 5 timmarspass vid Storulv\u00e5n\u2026\u2026s\u00e5 blev det nu ett kortare men ack s\u00e5 &hellip; <a href=\"https:\/\/husbilenfrida.se\/?p=4013\" class=\"more-link\">Forts\u00e4tt l\u00e4sa<span class=\"screen-reader-text\"> \u201d190719 P\u00e5 fj\u00e4llet V\u00e4lliste vid Trillevallen.\u201d<\/span><\/a><\/p>\n","protected":false},"author":1,"featured_media":0,"comment_status":"open","ping_status":"closed","sticky":false,"template":"","format":"standard","meta":{"footnotes":""},"categories":[1],"tags":[],"class_list":["post-4013","post","type-post","status-publish","format-standard","hentry","category-uncategorized"],"_links":{"self":[{"href":"https:\/\/husbilenfrida.se\/index.php?rest_route=\/wp\/v2\/posts\/4013","targetHints":{"allow":["GET"]}}],"collection":[{"href":"https:\/\/husbilenfrida.se\/index.php?rest_route=\/wp\/v2\/posts"}],"about":[{"href":"https:\/\/husbilenfrida.se\/index.php?rest_route=\/wp\/v2\/types\/post"}],"author":[{"embeddable":true,"href":"https:\/\/husbilenfrida.se\/index.php?rest_route=\/wp\/v2\/users\/1"}],"replies":[{"embeddable":true,"href":"https:\/\/husbilenfrida.se\/index.php?rest_route=%2Fwp%2Fv2%2Fcomments&post=4013"}],"version-history":[{"count":31,"href":"https:\/\/husbilenfrida.se\/index.php?rest_route=\/wp\/v2\/posts\/4013\/revisions"}],"predecessor-version":[{"id":4128,"href":"https:\/\/husbilenfrida.se\/index.php?rest_route=\/wp\/v2\/posts\/4013\/revisions\/4128"}],"wp:attachment":[{"href":"https:\/\/husbilenfrida.se\/index.php?rest_route=%2Fwp%2Fv2%2Fmedia&parent=4013"}],"wp:term":[{"taxonomy":"category","embeddable":true,"href":"https:\/\/husbilenfrida.se\/index.php?rest_route=%2Fwp%2Fv2%2Fcategories&post=4013"},{"taxonomy":"post_tag","embeddable":true,"href":"https:\/\/husbilenfrida.se\/index.php?rest_route=%2Fwp%2Fv2%2Ftags&post=4013"}],"curies":[{"name":"wp","href":"https:\/\/api.w.org\/{rel}","templated":true}]}}