{"id":3914,"date":"2019-08-10T13:21:54","date_gmt":"2019-08-10T13:21:54","guid":{"rendered":"http:\/\/husbilenfrida.se\/?p=3914"},"modified":"2019-08-11T07:48:40","modified_gmt":"2019-08-11T07:48:40","slug":"190718-are-fricampade-vid-storulvan","status":"publish","type":"post","link":"https:\/\/husbilenfrida.se\/?p=3914","title":{"rendered":"190717 \u00c5re och sen fricamping vid Storulv\u00e5n"},"content":{"rendered":"\n<figure class=\"wp-block-image is-resized\"><a href=\"http:\/\/media.husbilenfrida.se\/2019\/08\/Storulva\u030an.png\"><img decoding=\"async\" src=\"http:\/\/media.husbilenfrida.se\/2019\/08\/Storulva\u030an-1024x719.png\" alt=\"\" class=\"wp-image-3915\" width=\"600\" srcset=\"https:\/\/media.husbilenfrida.se\/2019\/08\/Storulva\u030an-1024x719.png 1024w, https:\/\/media.husbilenfrida.se\/2019\/08\/Storulva\u030an-300x211.png 300w, https:\/\/media.husbilenfrida.se\/2019\/08\/Storulva\u030an-768x540.png 768w, https:\/\/media.husbilenfrida.se\/2019\/08\/Storulva\u030an-1200x843.png 1200w, https:\/\/media.husbilenfrida.se\/2019\/08\/Storulva\u030an.png 1452w\" sizes=\"(max-width: 709px) 85vw, (max-width: 909px) 67vw, (max-width: 1362px) 62vw, 840px\" \/><\/a><\/figure>\n\n\n\n<figure class=\"wp-block-image is-resized\"><a href=\"http:\/\/media.husbilenfrida.se\/2019\/08\/1024-DSC06927.jpg\"><img decoding=\"async\" src=\"http:\/\/media.husbilenfrida.se\/2019\/08\/1024-DSC06927-1024x718.jpg\" alt=\"\" class=\"wp-image-3916\" width=\"600\" srcset=\"https:\/\/media.husbilenfrida.se\/2019\/08\/1024-DSC06927.jpg 1024w, https:\/\/media.husbilenfrida.se\/2019\/08\/1024-DSC06927-300x210.jpg 300w, https:\/\/media.husbilenfrida.se\/2019\/08\/1024-DSC06927-768x539.jpg 768w\" sizes=\"(max-width: 709px) 85vw, (max-width: 909px) 67vw, (max-width: 1362px) 62vw, 840px\" \/><\/a><\/figure>\n\n\n\n<figure class=\"wp-block-image is-resized\"><a href=\"http:\/\/media.husbilenfrida.se\/2019\/08\/1024-DSC06928.jpg\"><img decoding=\"async\" src=\"http:\/\/media.husbilenfrida.se\/2019\/08\/1024-DSC06928-1024x683.jpg\" alt=\"\" class=\"wp-image-3923\" width=\"600\" srcset=\"https:\/\/media.husbilenfrida.se\/2019\/08\/1024-DSC06928.jpg 1024w, https:\/\/media.husbilenfrida.se\/2019\/08\/1024-DSC06928-300x200.jpg 300w, https:\/\/media.husbilenfrida.se\/2019\/08\/1024-DSC06928-768x512.jpg 768w\" sizes=\"(max-width: 709px) 85vw, (max-width: 909px) 67vw, (max-width: 1362px) 62vw, 840px\" \/><\/a><\/figure>\n\n\n\n<figure class=\"wp-block-image is-resized\"><a href=\"http:\/\/media.husbilenfrida.se\/2019\/08\/1024-DSC06930.jpg\"><img decoding=\"async\" src=\"http:\/\/media.husbilenfrida.se\/2019\/08\/1024-DSC06930-1024x683.jpg\" alt=\"\" class=\"wp-image-3925\" width=\"600\" srcset=\"https:\/\/media.husbilenfrida.se\/2019\/08\/1024-DSC06930.jpg 1024w, https:\/\/media.husbilenfrida.se\/2019\/08\/1024-DSC06930-300x200.jpg 300w, https:\/\/media.husbilenfrida.se\/2019\/08\/1024-DSC06930-768x512.jpg 768w\" sizes=\"(max-width: 709px) 85vw, (max-width: 909px) 67vw, (max-width: 1362px) 62vw, 840px\" \/><\/a><\/figure>\n\n\n\n<figure class=\"wp-block-image is-resized\"><a href=\"http:\/\/media.husbilenfrida.se\/2019\/08\/1024-DSC06937.jpg\"><img decoding=\"async\" src=\"http:\/\/media.husbilenfrida.se\/2019\/08\/1024-DSC06937-1024x683.jpg\" alt=\"\" class=\"wp-image-3927\" width=\"600\" srcset=\"https:\/\/media.husbilenfrida.se\/2019\/08\/1024-DSC06937.jpg 1024w, https:\/\/media.husbilenfrida.se\/2019\/08\/1024-DSC06937-300x200.jpg 300w, https:\/\/media.husbilenfrida.se\/2019\/08\/1024-DSC06937-768x512.jpg 768w\" sizes=\"(max-width: 709px) 85vw, (max-width: 909px) 67vw, (max-width: 1362px) 62vw, 840px\" \/><\/a><\/figure>\n\n\n\n<p>Bergbanan i \u00c5re \u00e4r en institution med \u00f6ver 100 \u00e5r p\u00e5 nacken. Ett &#8221;m\u00e5ste&#8221; att \u00e5ka med den n\u00e4r man \u00e4r i \u00c5re!<\/p>\n\n\n\n<figure class=\"wp-block-image is-resized\"><a href=\"http:\/\/media.husbilenfrida.se\/2019\/08\/1024-DSC06939.jpg\"><img decoding=\"async\" src=\"http:\/\/media.husbilenfrida.se\/2019\/08\/1024-DSC06939-684x1024.jpg\" alt=\"\" class=\"wp-image-3929\" width=\"600\" srcset=\"https:\/\/media.husbilenfrida.se\/2019\/08\/1024-DSC06939.jpg 684w, https:\/\/media.husbilenfrida.se\/2019\/08\/1024-DSC06939-200x300.jpg 200w\" sizes=\"(max-width: 709px) 85vw, (max-width: 909px) 67vw, (max-width: 984px) 61vw, (max-width: 1362px) 45vw, 600px\" \/><\/a><\/figure>\n\n\n\n<figure class=\"wp-block-image is-resized\"><a href=\"http:\/\/media.husbilenfrida.se\/2019\/08\/1024-DSC06943.jpg\"><img decoding=\"async\" src=\"http:\/\/media.husbilenfrida.se\/2019\/08\/1024-DSC06943-1024x683.jpg\" alt=\"\" class=\"wp-image-3931\" width=\"600\" srcset=\"https:\/\/media.husbilenfrida.se\/2019\/08\/1024-DSC06943.jpg 1024w, https:\/\/media.husbilenfrida.se\/2019\/08\/1024-DSC06943-300x200.jpg 300w, https:\/\/media.husbilenfrida.se\/2019\/08\/1024-DSC06943-768x512.jpg 768w\" sizes=\"(max-width: 709px) 85vw, (max-width: 909px) 67vw, (max-width: 1362px) 62vw, 840px\" \/><\/a><\/figure>\n\n\n\n<figure class=\"wp-block-image is-resized\"><a href=\"http:\/\/media.husbilenfrida.se\/2019\/08\/1024-DSC06973.jpg\"><img decoding=\"async\" src=\"http:\/\/media.husbilenfrida.se\/2019\/08\/1024-DSC06973-1024x683.jpg\" alt=\"\" class=\"wp-image-3932\" width=\"600\" srcset=\"https:\/\/media.husbilenfrida.se\/2019\/08\/1024-DSC06973.jpg 1024w, https:\/\/media.husbilenfrida.se\/2019\/08\/1024-DSC06973-300x200.jpg 300w, https:\/\/media.husbilenfrida.se\/2019\/08\/1024-DSC06973-768x512.jpg 768w\" sizes=\"(max-width: 709px) 85vw, (max-width: 909px) 67vw, (max-width: 1362px) 62vw, 840px\" \/><\/a><\/figure>\n\n\n\n<p>Vid bergbanans toppstation var det full aktivitet! \u00c5re \u00e4r inte bara en ort f\u00f6r vinterturism &#8211; nu \u00e4r det \u00e4ven full fart i backarna p\u00e5 sommaren med bl.a. cykling &#8221;downhill&#8221; och m\u00e5nga vandringsalternativ.<\/p>\n\n\n\n<figure class=\"wp-block-image is-resized\"><a href=\"http:\/\/media.husbilenfrida.se\/2019\/08\/1024-DSC06950.jpg\"><img decoding=\"async\" src=\"http:\/\/media.husbilenfrida.se\/2019\/08\/1024-DSC06950-1024x683.jpg\" alt=\"\" class=\"wp-image-3936\" width=\"600\" srcset=\"https:\/\/media.husbilenfrida.se\/2019\/08\/1024-DSC06950.jpg 1024w, https:\/\/media.husbilenfrida.se\/2019\/08\/1024-DSC06950-300x200.jpg 300w, https:\/\/media.husbilenfrida.se\/2019\/08\/1024-DSC06950-768x512.jpg 768w\" sizes=\"(max-width: 709px) 85vw, (max-width: 909px) 67vw, (max-width: 1362px) 62vw, 840px\" \/><\/a><\/figure>\n\n\n\n<figure class=\"wp-block-image is-resized\"><a href=\"http:\/\/media.husbilenfrida.se\/2019\/08\/1024-DSC06953.jpg\"><img decoding=\"async\" src=\"http:\/\/media.husbilenfrida.se\/2019\/08\/1024-DSC06953-683x1024.jpg\" alt=\"\" class=\"wp-image-3937\" width=\"600\" srcset=\"https:\/\/media.husbilenfrida.se\/2019\/08\/1024-DSC06953-683x1024.jpg 683w, https:\/\/media.husbilenfrida.se\/2019\/08\/1024-DSC06953-200x300.jpg 200w, https:\/\/media.husbilenfrida.se\/2019\/08\/1024-DSC06953-768x1151.jpg 768w, https:\/\/media.husbilenfrida.se\/2019\/08\/1024-DSC06953.jpg 1024w\" sizes=\"(max-width: 709px) 85vw, (max-width: 909px) 67vw, (max-width: 984px) 61vw, (max-width: 1362px) 45vw, 600px\" \/><\/a><\/figure>\n\n\n\n<figure class=\"wp-block-image is-resized\"><a href=\"http:\/\/media.husbilenfrida.se\/2019\/08\/1024-DSC06948.jpg\"><img decoding=\"async\" src=\"http:\/\/media.husbilenfrida.se\/2019\/08\/1024-DSC06948-683x1024.jpg\" alt=\"\" class=\"wp-image-3934\" width=\"600\" srcset=\"https:\/\/media.husbilenfrida.se\/2019\/08\/1024-DSC06948.jpg 683w, https:\/\/media.husbilenfrida.se\/2019\/08\/1024-DSC06948-200x300.jpg 200w\" sizes=\"(max-width: 709px) 85vw, (max-width: 909px) 67vw, (max-width: 984px) 61vw, (max-width: 1362px) 45vw, 600px\" \/><\/a><\/figure>\n\n\n\n<p>Sj\u00e4lva valde vi mellan att ta Bergbanan ner igen eller en l\u00e4ttare vandring. Det fick bli Trollstigen mot \u00c5re by! Det visade sig bli den f\u00f6rsta av v\u00e5ra mer eller mindre strapatsrika vandringar under den h\u00e4r roadtrippen.<\/p>\n\n\n\n<figure class=\"wp-block-image is-resized\"><a href=\"http:\/\/media.husbilenfrida.se\/2019\/08\/1024-DSC06961.jpg\"><img decoding=\"async\" src=\"http:\/\/media.husbilenfrida.se\/2019\/08\/1024-DSC06961-1024x683.jpg\" alt=\"\" class=\"wp-image-3939\" width=\"600\" srcset=\"https:\/\/media.husbilenfrida.se\/2019\/08\/1024-DSC06961.jpg 1024w, https:\/\/media.husbilenfrida.se\/2019\/08\/1024-DSC06961-300x200.jpg 300w, https:\/\/media.husbilenfrida.se\/2019\/08\/1024-DSC06961-768x512.jpg 768w\" sizes=\"(max-width: 709px) 85vw, (max-width: 909px) 67vw, (max-width: 1362px) 62vw, 840px\" \/><\/a><\/figure>\n\n\n\n<figure class=\"wp-block-image is-resized\"><a href=\"http:\/\/media.husbilenfrida.se\/2019\/08\/1024-DSC06963.jpg\"><img decoding=\"async\" src=\"http:\/\/media.husbilenfrida.se\/2019\/08\/1024-DSC06963-683x1024.jpg\" alt=\"\" class=\"wp-image-3941\" width=\"600\" srcset=\"https:\/\/media.husbilenfrida.se\/2019\/08\/1024-DSC06963.jpg 683w, https:\/\/media.husbilenfrida.se\/2019\/08\/1024-DSC06963-200x300.jpg 200w\" sizes=\"(max-width: 709px) 85vw, (max-width: 909px) 67vw, (max-width: 984px) 61vw, (max-width: 1362px) 45vw, 600px\" \/><\/a><\/figure>\n\n\n\n<figure class=\"wp-block-image is-resized\"><a href=\"http:\/\/media.husbilenfrida.se\/2019\/08\/1024-DSC06964.jpg\"><img decoding=\"async\" src=\"http:\/\/media.husbilenfrida.se\/2019\/08\/1024-DSC06964-1024x683.jpg\" alt=\"\" class=\"wp-image-3943\" width=\"600\" srcset=\"https:\/\/media.husbilenfrida.se\/2019\/08\/1024-DSC06964.jpg 1024w, https:\/\/media.husbilenfrida.se\/2019\/08\/1024-DSC06964-300x200.jpg 300w, https:\/\/media.husbilenfrida.se\/2019\/08\/1024-DSC06964-768x512.jpg 768w\" sizes=\"(max-width: 709px) 85vw, (max-width: 909px) 67vw, (max-width: 1362px) 62vw, 840px\" \/><\/a><\/figure>\n\n\n\n<figure class=\"wp-block-image is-resized\"><a href=\"http:\/\/media.husbilenfrida.se\/2019\/08\/1024-DSC06967.jpg\"><img decoding=\"async\" src=\"http:\/\/media.husbilenfrida.se\/2019\/08\/1024-DSC06967-684x1024.jpg\" alt=\"\" class=\"wp-image-3945\" width=\"600\" srcset=\"https:\/\/media.husbilenfrida.se\/2019\/08\/1024-DSC06967.jpg 684w, https:\/\/media.husbilenfrida.se\/2019\/08\/1024-DSC06967-200x300.jpg 200w\" sizes=\"(max-width: 709px) 85vw, (max-width: 909px) 67vw, (max-width: 984px) 61vw, (max-width: 1362px) 45vw, 600px\" \/><\/a><\/figure>\n\n\n\n<figure class=\"wp-block-image is-resized\"><a href=\"http:\/\/media.husbilenfrida.se\/2019\/08\/1024-DSC06970.jpg\"><img decoding=\"async\" src=\"http:\/\/media.husbilenfrida.se\/2019\/08\/1024-DSC06970-1024x683.jpg\" alt=\"\" class=\"wp-image-3947\" width=\"600\" srcset=\"https:\/\/media.husbilenfrida.se\/2019\/08\/1024-DSC06970.jpg 1024w, https:\/\/media.husbilenfrida.se\/2019\/08\/1024-DSC06970-300x200.jpg 300w, https:\/\/media.husbilenfrida.se\/2019\/08\/1024-DSC06970-768x512.jpg 768w\" sizes=\"(max-width: 709px) 85vw, (max-width: 909px) 67vw, (max-width: 1362px) 62vw, 840px\" \/><\/a><\/figure>\n\n\n\n<figure class=\"wp-block-image is-resized\"><a href=\"http:\/\/media.husbilenfrida.se\/2019\/08\/1024-DSC06979.jpg\"><img decoding=\"async\" src=\"http:\/\/media.husbilenfrida.se\/2019\/08\/1024-DSC06979-1024x683.jpg\" alt=\"\" class=\"wp-image-3949\" width=\"600\" srcset=\"https:\/\/media.husbilenfrida.se\/2019\/08\/1024-DSC06979.jpg 1024w, https:\/\/media.husbilenfrida.se\/2019\/08\/1024-DSC06979-300x200.jpg 300w, https:\/\/media.husbilenfrida.se\/2019\/08\/1024-DSC06979-768x512.jpg 768w\" sizes=\"(max-width: 709px) 85vw, (max-width: 909px) 67vw, (max-width: 1362px) 62vw, 840px\" \/><\/a><\/figure>\n\n\n\n<figure class=\"wp-block-image is-resized\"><a href=\"http:\/\/media.husbilenfrida.se\/2019\/08\/1024-DSC06981.jpg\"><img decoding=\"async\" src=\"http:\/\/media.husbilenfrida.se\/2019\/08\/1024-DSC06981-1024x683.jpg\" alt=\"\" class=\"wp-image-3951\" width=\"600\" srcset=\"https:\/\/media.husbilenfrida.se\/2019\/08\/1024-DSC06981.jpg 1024w, https:\/\/media.husbilenfrida.se\/2019\/08\/1024-DSC06981-300x200.jpg 300w, https:\/\/media.husbilenfrida.se\/2019\/08\/1024-DSC06981-768x512.jpg 768w\" sizes=\"(max-width: 709px) 85vw, (max-width: 909px) 67vw, (max-width: 1362px) 62vw, 840px\" \/><\/a><\/figure>\n\n\n\n<p>Vi fick h\u00f6ra att den f\u00f6r \u00c5re en g\u00e5ng s\u00e5 karakteristiska Kabinbanan som invigdes 1976 nu kommer att pensioneras och monteras ned efter n\u00e4sta vinters\u00e4song. S\u00e5 att ta en &#8221;sista?&#8221; tur med Kabinbanan blev ocks\u00e5 ett &#8221;m\u00e5ste&#8221;. Killen som sk\u00f6tte v\u00e5r kabin p\u00e5 v\u00e4gen upp\u00a0 ber\u00e4ttade att Kabinbanan \u00e4r alldeles f\u00f6r dyr i drift i f\u00f6rh\u00e5llande till dess kapacitet samt att den pga av sitt utsatta l\u00e4ge kr\u00e4ver mycket arbete f\u00f6r att h\u00e5llas i drift under tuffa f\u00f6rh\u00e5llanden med mycket sn\u00f6, vind och kyla. Men den mer \u00e4n 100 \u00e5r gamla Bergbanan, den \u00e4r &#8221;still going strong!&#8221;<\/p>\n\n\n\n<figure class=\"wp-block-image is-resized\"><a href=\"http:\/\/media.husbilenfrida.se\/2019\/08\/1024-DSC06982.jpg\"><img decoding=\"async\" src=\"http:\/\/media.husbilenfrida.se\/2019\/08\/1024-DSC06982-1024x683.jpg\" alt=\"\" class=\"wp-image-3953\" width=\"600\" srcset=\"https:\/\/media.husbilenfrida.se\/2019\/08\/1024-DSC06982.jpg 1024w, https:\/\/media.husbilenfrida.se\/2019\/08\/1024-DSC06982-300x200.jpg 300w, https:\/\/media.husbilenfrida.se\/2019\/08\/1024-DSC06982-768x512.jpg 768w\" sizes=\"(max-width: 709px) 85vw, (max-width: 909px) 67vw, (max-width: 1362px) 62vw, 840px\" \/><\/a><\/figure>\n\n\n\n<figure class=\"wp-block-image is-resized\"><a href=\"http:\/\/media.husbilenfrida.se\/2019\/08\/1024-DSC06989.jpg\"><img decoding=\"async\" src=\"http:\/\/media.husbilenfrida.se\/2019\/08\/1024-DSC06989-1024x683.jpg\" alt=\"\" class=\"wp-image-3955\" width=\"600\" srcset=\"https:\/\/media.husbilenfrida.se\/2019\/08\/1024-DSC06989.jpg 1024w, https:\/\/media.husbilenfrida.se\/2019\/08\/1024-DSC06989-300x200.jpg 300w, https:\/\/media.husbilenfrida.se\/2019\/08\/1024-DSC06989-768x512.jpg 768w\" sizes=\"(max-width: 709px) 85vw, (max-width: 909px) 67vw, (max-width: 1362px) 62vw, 840px\" \/><\/a><\/figure>\n\n\n\n<figure class=\"wp-block-image is-resized\"><a href=\"http:\/\/media.husbilenfrida.se\/2019\/08\/1024-DSC06998.jpg\"><img decoding=\"async\" src=\"http:\/\/media.husbilenfrida.se\/2019\/08\/1024-DSC06998-1024x683.jpg\" alt=\"\" class=\"wp-image-3956\" width=\"600\" srcset=\"https:\/\/media.husbilenfrida.se\/2019\/08\/1024-DSC06998.jpg 1024w, https:\/\/media.husbilenfrida.se\/2019\/08\/1024-DSC06998-300x200.jpg 300w, https:\/\/media.husbilenfrida.se\/2019\/08\/1024-DSC06998-768x512.jpg 768w\" sizes=\"(max-width: 709px) 85vw, (max-width: 909px) 67vw, (max-width: 1362px) 62vw, 840px\" \/><\/a><\/figure>\n\n\n\n<figure class=\"wp-block-image is-resized\"><a href=\"http:\/\/media.husbilenfrida.se\/2019\/08\/1024-DSC07017.jpg\"><img decoding=\"async\" src=\"http:\/\/media.husbilenfrida.se\/2019\/08\/1024-DSC07017-1024x685.jpg\" alt=\"\" class=\"wp-image-3962\" width=\"600\" srcset=\"https:\/\/media.husbilenfrida.se\/2019\/08\/1024-DSC07017.jpg 1024w, https:\/\/media.husbilenfrida.se\/2019\/08\/1024-DSC07017-300x201.jpg 300w, https:\/\/media.husbilenfrida.se\/2019\/08\/1024-DSC07017-768x514.jpg 768w\" sizes=\"(max-width: 709px) 85vw, (max-width: 909px) 67vw, (max-width: 1362px) 62vw, 840px\" \/><\/a><\/figure>\n\n\n\n<figure class=\"wp-block-image is-resized\"><a href=\"http:\/\/media.husbilenfrida.se\/2019\/08\/1024-DSC07007.jpg\"><img decoding=\"async\" src=\"http:\/\/media.husbilenfrida.se\/2019\/08\/1024-DSC07007-1024x683.jpg\" alt=\"\" class=\"wp-image-3958\" width=\"600\" srcset=\"https:\/\/media.husbilenfrida.se\/2019\/08\/1024-DSC07007.jpg 1024w, https:\/\/media.husbilenfrida.se\/2019\/08\/1024-DSC07007-300x200.jpg 300w, https:\/\/media.husbilenfrida.se\/2019\/08\/1024-DSC07007-768x512.jpg 768w\" sizes=\"(max-width: 709px) 85vw, (max-width: 909px) 67vw, (max-width: 1362px) 62vw, 840px\" \/><\/a><\/figure>\n\n\n\n<figure class=\"wp-block-image is-resized\"><a href=\"http:\/\/media.husbilenfrida.se\/2019\/08\/1024-DSC07012.jpg\"><img decoding=\"async\" src=\"http:\/\/media.husbilenfrida.se\/2019\/08\/1024-DSC07012-1024x683.jpg\" alt=\"\" class=\"wp-image-3960\" width=\"600\" srcset=\"https:\/\/media.husbilenfrida.se\/2019\/08\/1024-DSC07012.jpg 1024w, https:\/\/media.husbilenfrida.se\/2019\/08\/1024-DSC07012-300x200.jpg 300w, https:\/\/media.husbilenfrida.se\/2019\/08\/1024-DSC07012-768x512.jpg 768w\" sizes=\"(max-width: 709px) 85vw, (max-width: 909px) 67vw, (max-width: 1362px) 62vw, 840px\" \/><\/a><\/figure>\n\n\n\n<figure class=\"wp-block-image is-resized\"><a href=\"http:\/\/media.husbilenfrida.se\/2019\/08\/1024-DSC07018.jpg\"><img decoding=\"async\" src=\"http:\/\/media.husbilenfrida.se\/2019\/08\/1024-DSC07018-1024x683.jpg\" alt=\"\" class=\"wp-image-3964\" width=\"600\" srcset=\"https:\/\/media.husbilenfrida.se\/2019\/08\/1024-DSC07018.jpg 1024w, https:\/\/media.husbilenfrida.se\/2019\/08\/1024-DSC07018-300x200.jpg 300w, https:\/\/media.husbilenfrida.se\/2019\/08\/1024-DSC07018-768x512.jpg 768w\" sizes=\"(max-width: 709px) 85vw, (max-width: 909px) 67vw, (max-width: 1362px) 62vw, 840px\" \/><\/a><\/figure>\n\n\n\n<p>Vi hann precis upp med Kabinbanan p\u00e5 en av de sista turerna f\u00f6r dagen s\u00e5 vi fick n\u00f6ja oss med utsikten fr\u00e5n toppstationen (och den var helt OK) &#8211; vi hann inte med n\u00e5gon vandring upp till \u00c5reskutans topp innan sista turen f\u00f6r dagen gick ner igen. Den toppen f\u00e5r vi ta n\u00e5gon annan g\u00e5ng.<\/p>\n\n\n\n<figure class=\"wp-block-image is-resized\"><a href=\"http:\/\/media.husbilenfrida.se\/2019\/08\/1024-DSC07021.jpg\"><img decoding=\"async\" src=\"http:\/\/media.husbilenfrida.se\/2019\/08\/1024-DSC07021-1024x683.jpg\" alt=\"\" class=\"wp-image-3966\" width=\"600\" srcset=\"https:\/\/media.husbilenfrida.se\/2019\/08\/1024-DSC07021.jpg 1024w, https:\/\/media.husbilenfrida.se\/2019\/08\/1024-DSC07021-300x200.jpg 300w, https:\/\/media.husbilenfrida.se\/2019\/08\/1024-DSC07021-768x512.jpg 768w\" sizes=\"(max-width: 709px) 85vw, (max-width: 909px) 67vw, (max-width: 1362px) 62vw, 840px\" \/><\/a><\/figure>\n\n\n\n<p>Vi fortsatte sedan till STFs Fj\u00e4llstation vid Storulv\u00e5n &#8211; d\u00e4r var det fullt p\u00e5 parkeringen (d\u00e4r man egentligen inte f\u00e5r st\u00e5 med husbil f\u00f6r att campa men man f\u00e5r parkera d\u00e4r under den dit man vandrar p\u00e5 n\u00e5gon av de vandringsleder som utg\u00e5r fr\u00e5n Storulv\u00e5ns Fj\u00e4llstation) S\u00e5 vi fricampande n\u00e5gon km fr\u00e5n Storulv\u00e5n.<\/p>\n","protected":false},"excerpt":{"rendered":"<p>Bergbanan i \u00c5re \u00e4r en institution med \u00f6ver 100 \u00e5r p\u00e5 nacken. Ett &#8221;m\u00e5ste&#8221; att \u00e5ka med den n\u00e4r man \u00e4r i \u00c5re! Vid bergbanans toppstation var det full aktivitet! \u00c5re \u00e4r inte bara en ort f\u00f6r vinterturism &#8211; nu \u00e4r det \u00e4ven full fart i backarna p\u00e5 sommaren med bl.a. cykling &#8221;downhill&#8221; och m\u00e5nga &hellip; <a href=\"https:\/\/husbilenfrida.se\/?p=3914\" class=\"more-link\">Forts\u00e4tt l\u00e4sa<span class=\"screen-reader-text\"> \u201d190717 \u00c5re och sen fricamping vid Storulv\u00e5n\u201d<\/span><\/a><\/p>\n","protected":false},"author":1,"featured_media":0,"comment_status":"open","ping_status":"closed","sticky":false,"template":"","format":"standard","meta":{"footnotes":""},"categories":[1],"tags":[],"class_list":["post-3914","post","type-post","status-publish","format-standard","hentry","category-uncategorized"],"_links":{"self":[{"href":"https:\/\/husbilenfrida.se\/index.php?rest_route=\/wp\/v2\/posts\/3914","targetHints":{"allow":["GET"]}}],"collection":[{"href":"https:\/\/husbilenfrida.se\/index.php?rest_route=\/wp\/v2\/posts"}],"about":[{"href":"https:\/\/husbilenfrida.se\/index.php?rest_route=\/wp\/v2\/types\/post"}],"author":[{"embeddable":true,"href":"https:\/\/husbilenfrida.se\/index.php?rest_route=\/wp\/v2\/users\/1"}],"replies":[{"embeddable":true,"href":"https:\/\/husbilenfrida.se\/index.php?rest_route=%2Fwp%2Fv2%2Fcomments&post=3914"}],"version-history":[{"count":35,"href":"https:\/\/husbilenfrida.se\/index.php?rest_route=\/wp\/v2\/posts\/3914\/revisions"}],"predecessor-version":[{"id":4110,"href":"https:\/\/husbilenfrida.se\/index.php?rest_route=\/wp\/v2\/posts\/3914\/revisions\/4110"}],"wp:attachment":[{"href":"https:\/\/husbilenfrida.se\/index.php?rest_route=%2Fwp%2Fv2%2Fmedia&parent=3914"}],"wp:term":[{"taxonomy":"category","embeddable":true,"href":"https:\/\/husbilenfrida.se\/index.php?rest_route=%2Fwp%2Fv2%2Fcategories&post=3914"},{"taxonomy":"post_tag","embeddable":true,"href":"https:\/\/husbilenfrida.se\/index.php?rest_route=%2Fwp%2Fv2%2Ftags&post=3914"}],"curies":[{"name":"wp","href":"https:\/\/api.w.org\/{rel}","templated":true}]}}