{"id":3884,"date":"2019-07-20T18:31:13","date_gmt":"2019-07-20T18:31:13","guid":{"rendered":"http:\/\/husbilenfrida.se\/?p=3884"},"modified":"2019-08-11T07:15:14","modified_gmt":"2019-08-11T07:15:14","slug":"190717-kojbyn-vildmarks-kampning","status":"publish","type":"post","link":"https:\/\/husbilenfrida.se\/?p=3884","title":{"rendered":"190716 Kojbyns Naturcamping&#8230;"},"content":{"rendered":"\n<figure class=\"wp-block-image is-resized\"><a href=\"http:\/\/media.husbilenfrida.se\/2019\/07\/Kojbyn.png\"><img decoding=\"async\" src=\"http:\/\/media.husbilenfrida.se\/2019\/07\/Kojbyn-445x1024.png\" alt=\"\" class=\"wp-image-3885\" width=\"600\" srcset=\"https:\/\/media.husbilenfrida.se\/2019\/07\/Kojbyn-445x1024.png 445w, https:\/\/media.husbilenfrida.se\/2019\/07\/Kojbyn-130x300.png 130w, https:\/\/media.husbilenfrida.se\/2019\/07\/Kojbyn.png 608w\" sizes=\"(max-width: 445px) 85vw, 445px\" \/><\/a><\/figure>\n\n\n\n<p>Resan fortsatte fr\u00e5n Nusn\u00e4s till R\u00e4tansj\u00f6n och Kojbyns Naturcamping&#8230;<br>&#8230;p\u00e5 v\u00e4gen dit blev det en fikapaus p\u00e5 en fin rastplats. Men vi fikade i husbilen f\u00f6r det var kallt som sjutton: bara 12 grader ute!<\/p>\n\n\n\n<figure class=\"wp-block-image is-resized\"><a href=\"http:\/\/media.husbilenfrida.se\/2019\/07\/1-DSC06906.jpg\"><img decoding=\"async\" src=\"http:\/\/media.husbilenfrida.se\/2019\/07\/1-DSC06906-1024x684.jpg\" alt=\"\" class=\"wp-image-3887\" width=\"600\" srcset=\"https:\/\/media.husbilenfrida.se\/2019\/07\/1-DSC06906-1024x684.jpg 1024w, https:\/\/media.husbilenfrida.se\/2019\/07\/1-DSC06906-300x200.jpg 300w, https:\/\/media.husbilenfrida.se\/2019\/07\/1-DSC06906-768x513.jpg 768w, https:\/\/media.husbilenfrida.se\/2019\/07\/1-DSC06906-1200x801.jpg 1200w, https:\/\/media.husbilenfrida.se\/2019\/07\/1-DSC06906.jpg 2000w\" sizes=\"(max-width: 709px) 85vw, (max-width: 909px) 67vw, (max-width: 1362px) 62vw, 840px\" \/><\/a><\/figure>\n\n\n\n<figure class=\"wp-block-image is-resized\"><a href=\"http:\/\/media.husbilenfrida.se\/2019\/07\/1-DSC06902.jpg\"><img decoding=\"async\" src=\"http:\/\/media.husbilenfrida.se\/2019\/07\/1-DSC06902-1024x684.jpg\" alt=\"\" class=\"wp-image-3889\" width=\"600\" srcset=\"https:\/\/media.husbilenfrida.se\/2019\/07\/1-DSC06902-1024x684.jpg 1024w, https:\/\/media.husbilenfrida.se\/2019\/07\/1-DSC06902-300x200.jpg 300w, https:\/\/media.husbilenfrida.se\/2019\/07\/1-DSC06902-768x513.jpg 768w, https:\/\/media.husbilenfrida.se\/2019\/07\/1-DSC06902-1200x801.jpg 1200w, https:\/\/media.husbilenfrida.se\/2019\/07\/1-DSC06902.jpg 2000w\" sizes=\"(max-width: 709px) 85vw, (max-width: 909px) 67vw, (max-width: 1362px) 62vw, 840px\" \/><\/a><\/figure>\n\n\n\n<figure class=\"wp-block-image is-resized\"><a href=\"http:\/\/media.husbilenfrida.se\/2019\/07\/1-DSC06908.jpg\"><img decoding=\"async\" src=\"http:\/\/media.husbilenfrida.se\/2019\/07\/1-DSC06908-1024x684.jpg\" alt=\"\" class=\"wp-image-3891\" width=\"600\" srcset=\"https:\/\/media.husbilenfrida.se\/2019\/07\/1-DSC06908-1024x684.jpg 1024w, https:\/\/media.husbilenfrida.se\/2019\/07\/1-DSC06908-300x200.jpg 300w, https:\/\/media.husbilenfrida.se\/2019\/07\/1-DSC06908-768x513.jpg 768w, https:\/\/media.husbilenfrida.se\/2019\/07\/1-DSC06908-1200x801.jpg 1200w, https:\/\/media.husbilenfrida.se\/2019\/07\/1-DSC06908.jpg 2000w\" sizes=\"(max-width: 709px) 85vw, (max-width: 909px) 67vw, (max-width: 1362px) 62vw, 840px\" \/><\/a><\/figure>\n\n\n\n<p>P\u00e5 v\u00e5r fortsatta v\u00e4g norrut passerade vi en plats d\u00e4r vi s\u00e5g att det stod n\u00e5gra husbilar i skogskanten, vi v\u00e4nde och \u00e5kte in f\u00f6r att kolla n\u00e4rmare och kanske ta en eftermiddagsfika. <br>Det var Kojbyns Naturcamping och det blev en positiv \u00f6verraskning f\u00f6r oss.<br>S\u00e5 vi best\u00e4mde oss f\u00f6r att stanna d\u00e4r \u00f6ver natten. Det var lite mulet och kallt p\u00e5 p\u00e5 v\u00e4gen dit och det kom n\u00e5gra regnst\u00e4nk&#8230;men bara vi hade stannat Frida s\u00e5 sprack himlen upp och solen v\u00e4rmde oss&#8230;<\/p>\n\n\n\n<figure class=\"wp-block-image is-resized\"><a href=\"http:\/\/media.husbilenfrida.se\/2019\/07\/1-DSC06922.jpg\"><img decoding=\"async\" src=\"http:\/\/media.husbilenfrida.se\/2019\/07\/1-DSC06922-1024x684.jpg\" alt=\"\" class=\"wp-image-3893\" width=\"600\" srcset=\"https:\/\/media.husbilenfrida.se\/2019\/07\/1-DSC06922-1024x684.jpg 1024w, https:\/\/media.husbilenfrida.se\/2019\/07\/1-DSC06922-300x200.jpg 300w, https:\/\/media.husbilenfrida.se\/2019\/07\/1-DSC06922-768x513.jpg 768w, https:\/\/media.husbilenfrida.se\/2019\/07\/1-DSC06922-1200x801.jpg 1200w, https:\/\/media.husbilenfrida.se\/2019\/07\/1-DSC06922.jpg 2000w\" sizes=\"(max-width: 709px) 85vw, (max-width: 909px) 67vw, (max-width: 1362px) 62vw, 840px\" \/><\/a><\/figure>\n\n\n\n<figure class=\"wp-block-image is-resized\"><a href=\"http:\/\/media.husbilenfrida.se\/2019\/07\/1-DSC06917.jpg\"><img decoding=\"async\" src=\"http:\/\/media.husbilenfrida.se\/2019\/07\/1-DSC06917-1024x684.jpg\" alt=\"\" class=\"wp-image-3899\" width=\"600\" srcset=\"https:\/\/media.husbilenfrida.se\/2019\/07\/1-DSC06917-1024x684.jpg 1024w, https:\/\/media.husbilenfrida.se\/2019\/07\/1-DSC06917-300x200.jpg 300w, https:\/\/media.husbilenfrida.se\/2019\/07\/1-DSC06917-768x513.jpg 768w, https:\/\/media.husbilenfrida.se\/2019\/07\/1-DSC06917-1200x801.jpg 1200w, https:\/\/media.husbilenfrida.se\/2019\/07\/1-DSC06917.jpg 2000w\" sizes=\"(max-width: 709px) 85vw, (max-width: 909px) 67vw, (max-width: 1362px) 62vw, 840px\" \/><\/a><\/figure>\n\n\n\n<figure class=\"wp-block-image is-resized\"><a href=\"http:\/\/media.husbilenfrida.se\/2019\/07\/1-IMG_7465.jpg\"><img decoding=\"async\" src=\"http:\/\/media.husbilenfrida.se\/2019\/07\/1-IMG_7465-1024x982.jpg\" alt=\"\" class=\"wp-image-3895\" width=\"600\" srcset=\"https:\/\/media.husbilenfrida.se\/2019\/07\/1-IMG_7465-1024x982.jpg 1024w, https:\/\/media.husbilenfrida.se\/2019\/07\/1-IMG_7465-300x288.jpg 300w, https:\/\/media.husbilenfrida.se\/2019\/07\/1-IMG_7465-768x737.jpg 768w, https:\/\/media.husbilenfrida.se\/2019\/07\/1-IMG_7465-1200x1151.jpg 1200w, https:\/\/media.husbilenfrida.se\/2019\/07\/1-IMG_7465.jpg 2000w\" sizes=\"(max-width: 709px) 85vw, (max-width: 909px) 67vw, (max-width: 1362px) 62vw, 840px\" \/><\/a><\/figure>\n\n\n\n<figure class=\"wp-block-image is-resized\"><a href=\"http:\/\/media.husbilenfrida.se\/2019\/07\/1-IMG_0127.jpg\"><img decoding=\"async\" src=\"http:\/\/media.husbilenfrida.se\/2019\/07\/1-IMG_0127-1024x621.jpg\" alt=\"\" class=\"wp-image-3897\" width=\"600\" srcset=\"https:\/\/media.husbilenfrida.se\/2019\/07\/1-IMG_0127-1024x621.jpg 1024w, https:\/\/media.husbilenfrida.se\/2019\/07\/1-IMG_0127-300x182.jpg 300w, https:\/\/media.husbilenfrida.se\/2019\/07\/1-IMG_0127-768x465.jpg 768w, https:\/\/media.husbilenfrida.se\/2019\/07\/1-IMG_0127-1200x727.jpg 1200w, https:\/\/media.husbilenfrida.se\/2019\/07\/1-IMG_0127.jpg 2000w\" sizes=\"(max-width: 709px) 85vw, (max-width: 909px) 67vw, (max-width: 1362px) 62vw, 840px\" \/><\/a><\/figure>\n\n\n\n<p>H\u00e4r kommer n\u00e5gra bilder fr\u00e5n Kojbyns Naturcamping och Stugby. Det finns en gourmetrestaurang d\u00e4r, nybyggt servicehus med fina, fr\u00e4scha duschar, latrint\u00f6mning och m\u00f6jlighet att fylla vatten. V\u00e4l v\u00e4rt ett stopp! L\u00e4s g\u00e4rna mer p\u00e5 deras hemsida: kojbyn.com<\/p>\n\n\n\n<figure class=\"wp-block-image is-resized\"><a href=\"http:\/\/media.husbilenfrida.se\/2019\/07\/1-DSC06910.jpg\"><img decoding=\"async\" src=\"http:\/\/media.husbilenfrida.se\/2019\/07\/1-DSC06910-1024x684.jpg\" alt=\"\" class=\"wp-image-3901\" width=\"600\" srcset=\"https:\/\/media.husbilenfrida.se\/2019\/07\/1-DSC06910-1024x684.jpg 1024w, https:\/\/media.husbilenfrida.se\/2019\/07\/1-DSC06910-300x200.jpg 300w, https:\/\/media.husbilenfrida.se\/2019\/07\/1-DSC06910-768x513.jpg 768w, https:\/\/media.husbilenfrida.se\/2019\/07\/1-DSC06910-1200x801.jpg 1200w, https:\/\/media.husbilenfrida.se\/2019\/07\/1-DSC06910.jpg 2000w\" sizes=\"(max-width: 709px) 85vw, (max-width: 909px) 67vw, (max-width: 1362px) 62vw, 840px\" \/><\/a><\/figure>\n\n\n\n<figure class=\"wp-block-image is-resized\"><a href=\"http:\/\/media.husbilenfrida.se\/2019\/07\/1-DSC06923.jpg\"><img decoding=\"async\" src=\"http:\/\/media.husbilenfrida.se\/2019\/07\/1-DSC06923-1024x684.jpg\" alt=\"\" class=\"wp-image-3909\" width=\"600\" srcset=\"https:\/\/media.husbilenfrida.se\/2019\/07\/1-DSC06923-1024x684.jpg 1024w, https:\/\/media.husbilenfrida.se\/2019\/07\/1-DSC06923-300x200.jpg 300w, https:\/\/media.husbilenfrida.se\/2019\/07\/1-DSC06923-768x513.jpg 768w, https:\/\/media.husbilenfrida.se\/2019\/07\/1-DSC06923-1200x801.jpg 1200w, https:\/\/media.husbilenfrida.se\/2019\/07\/1-DSC06923.jpg 2000w\" sizes=\"(max-width: 709px) 85vw, (max-width: 909px) 67vw, (max-width: 1362px) 62vw, 840px\" \/><\/a><\/figure>\n\n\n\n<figure class=\"wp-block-image is-resized\"><a href=\"http:\/\/media.husbilenfrida.se\/2019\/07\/1-DSC06911.jpg\"><img decoding=\"async\" src=\"http:\/\/media.husbilenfrida.se\/2019\/07\/1-DSC06911-1024x684.jpg\" alt=\"\" class=\"wp-image-3903\" width=\"600\" srcset=\"https:\/\/media.husbilenfrida.se\/2019\/07\/1-DSC06911-1024x684.jpg 1024w, https:\/\/media.husbilenfrida.se\/2019\/07\/1-DSC06911-300x200.jpg 300w, https:\/\/media.husbilenfrida.se\/2019\/07\/1-DSC06911-768x513.jpg 768w, https:\/\/media.husbilenfrida.se\/2019\/07\/1-DSC06911-1200x802.jpg 1200w, https:\/\/media.husbilenfrida.se\/2019\/07\/1-DSC06911.jpg 2000w\" sizes=\"(max-width: 709px) 85vw, (max-width: 909px) 67vw, (max-width: 1362px) 62vw, 840px\" \/><\/a><\/figure>\n\n\n\n<figure class=\"wp-block-image is-resized\"><a href=\"http:\/\/media.husbilenfrida.se\/2019\/07\/1-DSC06913.jpg\"><img decoding=\"async\" src=\"http:\/\/media.husbilenfrida.se\/2019\/07\/1-DSC06913-1024x684.jpg\" alt=\"\" class=\"wp-image-3905\" width=\"600\" srcset=\"https:\/\/media.husbilenfrida.se\/2019\/07\/1-DSC06913-1024x684.jpg 1024w, https:\/\/media.husbilenfrida.se\/2019\/07\/1-DSC06913-300x200.jpg 300w, https:\/\/media.husbilenfrida.se\/2019\/07\/1-DSC06913-768x513.jpg 768w, https:\/\/media.husbilenfrida.se\/2019\/07\/1-DSC06913-1200x801.jpg 1200w, https:\/\/media.husbilenfrida.se\/2019\/07\/1-DSC06913.jpg 2000w\" sizes=\"(max-width: 709px) 85vw, (max-width: 909px) 67vw, (max-width: 1362px) 62vw, 840px\" \/><\/a><\/figure>\n\n\n\n<figure class=\"wp-block-image is-resized\"><a href=\"http:\/\/media.husbilenfrida.se\/2019\/07\/1-DSC06920.jpg\"><img decoding=\"async\" src=\"http:\/\/media.husbilenfrida.se\/2019\/07\/1-DSC06920-1024x684.jpg\" alt=\"\" class=\"wp-image-3907\" width=\"600\" srcset=\"https:\/\/media.husbilenfrida.se\/2019\/07\/1-DSC06920-1024x684.jpg 1024w, https:\/\/media.husbilenfrida.se\/2019\/07\/1-DSC06920-300x200.jpg 300w, https:\/\/media.husbilenfrida.se\/2019\/07\/1-DSC06920-768x513.jpg 768w, https:\/\/media.husbilenfrida.se\/2019\/07\/1-DSC06920-1200x801.jpg 1200w, https:\/\/media.husbilenfrida.se\/2019\/07\/1-DSC06920.jpg 2000w\" sizes=\"(max-width: 709px) 85vw, (max-width: 909px) 67vw, (max-width: 1362px) 62vw, 840px\" \/><\/a><\/figure>\n","protected":false},"excerpt":{"rendered":"<p>Resan fortsatte fr\u00e5n Nusn\u00e4s till R\u00e4tansj\u00f6n och Kojbyns Naturcamping&#8230;&#8230;p\u00e5 v\u00e4gen dit blev det en fikapaus p\u00e5 en fin rastplats. Men vi fikade i husbilen f\u00f6r det var kallt som sjutton: bara 12 grader ute! P\u00e5 v\u00e5r fortsatta v\u00e4g norrut passerade vi en plats d\u00e4r vi s\u00e5g att det stod n\u00e5gra husbilar i skogskanten, vi v\u00e4nde &hellip; <a href=\"https:\/\/husbilenfrida.se\/?p=3884\" class=\"more-link\">Forts\u00e4tt l\u00e4sa<span class=\"screen-reader-text\"> \u201d190716 Kojbyns Naturcamping&#8230;\u201d<\/span><\/a><\/p>\n","protected":false},"author":1,"featured_media":0,"comment_status":"open","ping_status":"closed","sticky":false,"template":"","format":"standard","meta":{"footnotes":""},"categories":[1],"tags":[],"class_list":["post-3884","post","type-post","status-publish","format-standard","hentry","category-uncategorized"],"_links":{"self":[{"href":"https:\/\/husbilenfrida.se\/index.php?rest_route=\/wp\/v2\/posts\/3884","targetHints":{"allow":["GET"]}}],"collection":[{"href":"https:\/\/husbilenfrida.se\/index.php?rest_route=\/wp\/v2\/posts"}],"about":[{"href":"https:\/\/husbilenfrida.se\/index.php?rest_route=\/wp\/v2\/types\/post"}],"author":[{"embeddable":true,"href":"https:\/\/husbilenfrida.se\/index.php?rest_route=\/wp\/v2\/users\/1"}],"replies":[{"embeddable":true,"href":"https:\/\/husbilenfrida.se\/index.php?rest_route=%2Fwp%2Fv2%2Fcomments&post=3884"}],"version-history":[{"count":24,"href":"https:\/\/husbilenfrida.se\/index.php?rest_route=\/wp\/v2\/posts\/3884\/revisions"}],"predecessor-version":[{"id":4095,"href":"https:\/\/husbilenfrida.se\/index.php?rest_route=\/wp\/v2\/posts\/3884\/revisions\/4095"}],"wp:attachment":[{"href":"https:\/\/husbilenfrida.se\/index.php?rest_route=%2Fwp%2Fv2%2Fmedia&parent=3884"}],"wp:term":[{"taxonomy":"category","embeddable":true,"href":"https:\/\/husbilenfrida.se\/index.php?rest_route=%2Fwp%2Fv2%2Fcategories&post=3884"},{"taxonomy":"post_tag","embeddable":true,"href":"https:\/\/husbilenfrida.se\/index.php?rest_route=%2Fwp%2Fv2%2Ftags&post=3884"}],"curies":[{"name":"wp","href":"https:\/\/api.w.org\/{rel}","templated":true}]}}