{"id":3864,"date":"2019-07-20T18:12:40","date_gmt":"2019-07-20T18:12:40","guid":{"rendered":"http:\/\/husbilenfrida.se\/?p=3864"},"modified":"2019-08-11T06:47:24","modified_gmt":"2019-08-11T06:47:24","slug":"190716-nytt-aventyr-med-frida","status":"publish","type":"post","link":"https:\/\/husbilenfrida.se\/?p=3864","title":{"rendered":"190715 Nytt \u00e4ventyr med Frida&#8230;"},"content":{"rendered":"\n<figure class=\"wp-block-image is-resized\"><a href=\"http:\/\/media.husbilenfrida.se\/2019\/07\/Nusna\u0308s.png\"><img decoding=\"async\" src=\"http:\/\/media.husbilenfrida.se\/2019\/07\/Nusna\u0308s-884x1024.png\" alt=\"\" class=\"wp-image-3881\" width=\"600\" srcset=\"https:\/\/media.husbilenfrida.se\/2019\/07\/Nusna\u0308s-884x1024.png 884w, https:\/\/media.husbilenfrida.se\/2019\/07\/Nusna\u0308s-259x300.png 259w, https:\/\/media.husbilenfrida.se\/2019\/07\/Nusna\u0308s-768x890.png 768w, https:\/\/media.husbilenfrida.se\/2019\/07\/Nusna\u0308s.png 1110w\" sizes=\"(max-width: 709px) 85vw, (max-width: 909px) 67vw, (max-width: 1362px) 62vw, 840px\" \/><\/a><\/figure>\n\n\n\n<p>&#8230;vi planerar nu att \u00e5ka Vildmarksv\u00e4gen, f\u00f6rsta etappen blev till Nusn\u00e4s\u2026<\/p>\n\n\n\n<p>&#8230;p\u00e5 v\u00e4gen upp stannade vi till vid S\u00e4terdalen f\u00f6r lunch.<\/p>\n\n\n\n<figure class=\"wp-block-image is-resized\"><a href=\"http:\/\/media.husbilenfrida.se\/2019\/07\/1-DSC06882.jpg\"><img decoding=\"async\" src=\"http:\/\/media.husbilenfrida.se\/2019\/07\/1-DSC06882-1024x683.jpg\" alt=\"\" class=\"wp-image-3865\" width=\"600\" srcset=\"https:\/\/media.husbilenfrida.se\/2019\/07\/1-DSC06882-1024x683.jpg 1024w, https:\/\/media.husbilenfrida.se\/2019\/07\/1-DSC06882-300x200.jpg 300w, https:\/\/media.husbilenfrida.se\/2019\/07\/1-DSC06882-768x513.jpg 768w, https:\/\/media.husbilenfrida.se\/2019\/07\/1-DSC06882-1200x801.jpg 1200w\" sizes=\"(max-width: 709px) 85vw, (max-width: 909px) 67vw, (max-width: 1362px) 62vw, 840px\" \/><\/a><\/figure>\n\n\n\n<figure class=\"wp-block-image is-resized\"><a href=\"http:\/\/media.husbilenfrida.se\/2019\/07\/1a-DSC06883.jpg\"><img decoding=\"async\" src=\"http:\/\/media.husbilenfrida.se\/2019\/07\/1a-DSC06883-1024x684.jpg\" alt=\"\" class=\"wp-image-3866\" width=\"600\" srcset=\"https:\/\/media.husbilenfrida.se\/2019\/07\/1a-DSC06883-1024x684.jpg 1024w, https:\/\/media.husbilenfrida.se\/2019\/07\/1a-DSC06883-300x200.jpg 300w, https:\/\/media.husbilenfrida.se\/2019\/07\/1a-DSC06883-768x513.jpg 768w, https:\/\/media.husbilenfrida.se\/2019\/07\/1a-DSC06883-1200x801.jpg 1200w, https:\/\/media.husbilenfrida.se\/2019\/07\/1a-DSC06883.jpg 2000w\" sizes=\"(max-width: 709px) 85vw, (max-width: 909px) 67vw, (max-width: 1362px) 62vw, 840px\" \/><\/a><\/figure>\n\n\n\n<p>I Nusn\u00e4s var det full aktivitet med bl.a. m\u00e5lning av Dalah\u00e4star besk\u00e5dad av turister fr\u00e5n n\u00e4r och fj\u00e4rran&#8230;<\/p>\n\n\n\n<figure class=\"wp-block-image is-resized\"><a href=\"http:\/\/media.husbilenfrida.se\/2019\/07\/2-DSC06900.jpg\"><img decoding=\"async\" src=\"http:\/\/media.husbilenfrida.se\/2019\/07\/2-DSC06900-1024x683.jpg\" alt=\"\" class=\"wp-image-3867\" width=\"600\" srcset=\"https:\/\/media.husbilenfrida.se\/2019\/07\/2-DSC06900-1024x683.jpg 1024w, https:\/\/media.husbilenfrida.se\/2019\/07\/2-DSC06900-300x200.jpg 300w, https:\/\/media.husbilenfrida.se\/2019\/07\/2-DSC06900-768x513.jpg 768w, https:\/\/media.husbilenfrida.se\/2019\/07\/2-DSC06900-1200x801.jpg 1200w\" sizes=\"(max-width: 709px) 85vw, (max-width: 909px) 67vw, (max-width: 1362px) 62vw, 840px\" \/><\/a><\/figure>\n\n\n\n<figure class=\"wp-block-image is-resized\"><a href=\"http:\/\/media.husbilenfrida.se\/2019\/07\/3-DSC06894.jpg\"><img decoding=\"async\" src=\"http:\/\/media.husbilenfrida.se\/2019\/07\/3-DSC06894-1024x683.jpg\" alt=\"\" class=\"wp-image-3871\" width=\"600\" srcset=\"https:\/\/media.husbilenfrida.se\/2019\/07\/3-DSC06894-1024x683.jpg 1024w, https:\/\/media.husbilenfrida.se\/2019\/07\/3-DSC06894-300x200.jpg 300w, https:\/\/media.husbilenfrida.se\/2019\/07\/3-DSC06894-768x512.jpg 768w, https:\/\/media.husbilenfrida.se\/2019\/07\/3-DSC06894-1200x800.jpg 1200w\" sizes=\"(max-width: 709px) 85vw, (max-width: 909px) 67vw, (max-width: 1362px) 62vw, 840px\" \/><\/a><\/figure>\n\n\n\n<figure class=\"wp-block-image is-resized\"><a href=\"http:\/\/media.husbilenfrida.se\/2019\/07\/3a-DSC06898.jpg\"><img decoding=\"async\" src=\"http:\/\/media.husbilenfrida.se\/2019\/07\/3a-DSC06898-1024x684.jpg\" alt=\"\" class=\"wp-image-3872\" width=\"600\" srcset=\"https:\/\/media.husbilenfrida.se\/2019\/07\/3a-DSC06898-1024x684.jpg 1024w, https:\/\/media.husbilenfrida.se\/2019\/07\/3a-DSC06898-300x200.jpg 300w, https:\/\/media.husbilenfrida.se\/2019\/07\/3a-DSC06898-768x513.jpg 768w, https:\/\/media.husbilenfrida.se\/2019\/07\/3a-DSC06898-1200x801.jpg 1200w, https:\/\/media.husbilenfrida.se\/2019\/07\/3a-DSC06898.jpg 2000w\" sizes=\"(max-width: 709px) 85vw, (max-width: 909px) 67vw, (max-width: 1362px) 62vw, 840px\" \/><\/a><\/figure>\n\n\n\n<figure class=\"wp-block-image is-resized\"><a href=\"http:\/\/media.husbilenfrida.se\/2019\/07\/4-DSC06897.jpg\"><img decoding=\"async\" src=\"http:\/\/media.husbilenfrida.se\/2019\/07\/4-DSC06897-1024x1000.jpg\" alt=\"\" class=\"wp-image-3873\" width=\"600\" srcset=\"https:\/\/media.husbilenfrida.se\/2019\/07\/4-DSC06897-1024x1000.jpg 1024w, https:\/\/media.husbilenfrida.se\/2019\/07\/4-DSC06897-300x293.jpg 300w, https:\/\/media.husbilenfrida.se\/2019\/07\/4-DSC06897-768x750.jpg 768w, https:\/\/media.husbilenfrida.se\/2019\/07\/4-DSC06897-1200x1172.jpg 1200w, https:\/\/media.husbilenfrida.se\/2019\/07\/4-DSC06897.jpg 2000w\" sizes=\"(max-width: 709px) 85vw, (max-width: 909px) 67vw, (max-width: 1362px) 62vw, 840px\" \/><\/a><\/figure>\n\n\n\n<figure class=\"wp-block-image is-resized\"><a href=\"blob:https:\/\/husbilenfrida.se\/f33eec8d-446e-4954-be1f-31d221a5285f\"><img decoding=\"async\" src=\"http:\/\/media.husbilenfrida.se\/2019\/07\/4a-DSC06889-1024x685.jpg\" alt=\"\" class=\"wp-image-3875\" width=\"600\" srcset=\"https:\/\/media.husbilenfrida.se\/2019\/07\/4a-DSC06889-1024x685.jpg 1024w, https:\/\/media.husbilenfrida.se\/2019\/07\/4a-DSC06889-300x201.jpg 300w, https:\/\/media.husbilenfrida.se\/2019\/07\/4a-DSC06889-768x513.jpg 768w, https:\/\/media.husbilenfrida.se\/2019\/07\/4a-DSC06889-1200x802.jpg 1200w, https:\/\/media.husbilenfrida.se\/2019\/07\/4a-DSC06889.jpg 2000w\" sizes=\"(max-width: 709px) 85vw, (max-width: 909px) 67vw, (max-width: 1362px) 62vw, 840px\" \/><\/a><\/figure>\n\n\n\n<figure class=\"wp-block-image is-resized\"><a href=\"http:\/\/media.husbilenfrida.se\/2019\/07\/4b-DSC06890.jpg\"><img decoding=\"async\" src=\"http:\/\/media.husbilenfrida.se\/2019\/07\/4b-DSC06890-1024x684.jpg\" alt=\"\" class=\"wp-image-3874\" width=\"600\" srcset=\"https:\/\/media.husbilenfrida.se\/2019\/07\/4b-DSC06890-1024x684.jpg 1024w, https:\/\/media.husbilenfrida.se\/2019\/07\/4b-DSC06890-300x200.jpg 300w, https:\/\/media.husbilenfrida.se\/2019\/07\/4b-DSC06890-768x513.jpg 768w, https:\/\/media.husbilenfrida.se\/2019\/07\/4b-DSC06890-1200x801.jpg 1200w, https:\/\/media.husbilenfrida.se\/2019\/07\/4b-DSC06890.jpg 2000w\" sizes=\"(max-width: 709px) 85vw, (max-width: 909px) 67vw, (max-width: 1362px) 62vw, 840px\" \/><\/a><\/figure>\n\n\n\n<p>Fin st\u00e4llplats (parkering utan el eller annan service) vid Nusn\u00e4s d\u00e4r vi fricampade&#8230;<\/p>\n\n\n\n<figure class=\"wp-block-image is-resized\"><a href=\"http:\/\/media.husbilenfrida.se\/2019\/07\/5-DSC06885.jpg\"><img decoding=\"async\" src=\"http:\/\/media.husbilenfrida.se\/2019\/07\/5-DSC06885-1024x684.jpg\" alt=\"\" class=\"wp-image-3877\" width=\"600\" srcset=\"https:\/\/media.husbilenfrida.se\/2019\/07\/5-DSC06885-1024x684.jpg 1024w, https:\/\/media.husbilenfrida.se\/2019\/07\/5-DSC06885-300x200.jpg 300w, https:\/\/media.husbilenfrida.se\/2019\/07\/5-DSC06885-768x513.jpg 768w, https:\/\/media.husbilenfrida.se\/2019\/07\/5-DSC06885-1200x801.jpg 1200w, https:\/\/media.husbilenfrida.se\/2019\/07\/5-DSC06885.jpg 2000w\" sizes=\"(max-width: 709px) 85vw, (max-width: 909px) 67vw, (max-width: 1362px) 62vw, 840px\" \/><\/a><\/figure>\n\n\n\n<figure class=\"wp-block-image is-resized\"><a href=\"http:\/\/media.husbilenfrida.se\/2019\/07\/6-DSC06886.jpg\"><img decoding=\"async\" src=\"http:\/\/media.husbilenfrida.se\/2019\/07\/6-DSC06886-1024x684.jpg\" alt=\"\" class=\"wp-image-3878\" width=\"600\" srcset=\"https:\/\/media.husbilenfrida.se\/2019\/07\/6-DSC06886-1024x684.jpg 1024w, https:\/\/media.husbilenfrida.se\/2019\/07\/6-DSC06886-300x200.jpg 300w, https:\/\/media.husbilenfrida.se\/2019\/07\/6-DSC06886-768x513.jpg 768w, https:\/\/media.husbilenfrida.se\/2019\/07\/6-DSC06886-1200x801.jpg 1200w, https:\/\/media.husbilenfrida.se\/2019\/07\/6-DSC06886.jpg 2000w\" sizes=\"(max-width: 709px) 85vw, (max-width: 909px) 67vw, (max-width: 1362px) 62vw, 840px\" \/><\/a><\/figure>\n\n\n\n<p>Vi startade tidigt fr\u00e5n Mellansundet f\u00f6r att hinna iv\u00e4g f\u00f6re det utlovade regnet och v\u00e4l framme i Nusn\u00e4s m\u00f6ttes vi av en sk\u00f6n h\u00e4rlig eftermiddagssol<\/p>\n\n\n\n<figure class=\"wp-block-image is-resized\"><a href=\"http:\/\/media.husbilenfrida.se\/2019\/07\/7-DSC06888.jpg\"><img decoding=\"async\" src=\"http:\/\/media.husbilenfrida.se\/2019\/07\/7-DSC06888-1024x685.jpg\" alt=\"\" class=\"wp-image-3879\" width=\"600\" srcset=\"https:\/\/media.husbilenfrida.se\/2019\/07\/7-DSC06888-1024x685.jpg 1024w, https:\/\/media.husbilenfrida.se\/2019\/07\/7-DSC06888-300x201.jpg 300w, https:\/\/media.husbilenfrida.se\/2019\/07\/7-DSC06888-768x513.jpg 768w, https:\/\/media.husbilenfrida.se\/2019\/07\/7-DSC06888-1200x802.jpg 1200w, https:\/\/media.husbilenfrida.se\/2019\/07\/7-DSC06888.jpg 2000w\" sizes=\"(max-width: 709px) 85vw, (max-width: 909px) 67vw, (max-width: 1362px) 62vw, 840px\" \/><\/a><\/figure>\n","protected":false},"excerpt":{"rendered":"<p>&#8230;vi planerar nu att \u00e5ka Vildmarksv\u00e4gen, f\u00f6rsta etappen blev till Nusn\u00e4s\u2026 &#8230;p\u00e5 v\u00e4gen upp stannade vi till vid S\u00e4terdalen f\u00f6r lunch. I Nusn\u00e4s var det full aktivitet med bl.a. m\u00e5lning av Dalah\u00e4star besk\u00e5dad av turister fr\u00e5n n\u00e4r och fj\u00e4rran&#8230; Fin st\u00e4llplats (parkering utan el eller annan service) vid Nusn\u00e4s d\u00e4r vi fricampade&#8230; Vi startade tidigt &hellip; <a href=\"https:\/\/husbilenfrida.se\/?p=3864\" class=\"more-link\">Forts\u00e4tt l\u00e4sa<span class=\"screen-reader-text\"> \u201d190715 Nytt \u00e4ventyr med Frida&#8230;\u201d<\/span><\/a><\/p>\n","protected":false},"author":1,"featured_media":0,"comment_status":"open","ping_status":"closed","sticky":false,"template":"","format":"standard","meta":{"footnotes":""},"categories":[1],"tags":[],"class_list":["post-3864","post","type-post","status-publish","format-standard","hentry","category-uncategorized"],"_links":{"self":[{"href":"https:\/\/husbilenfrida.se\/index.php?rest_route=\/wp\/v2\/posts\/3864","targetHints":{"allow":["GET"]}}],"collection":[{"href":"https:\/\/husbilenfrida.se\/index.php?rest_route=\/wp\/v2\/posts"}],"about":[{"href":"https:\/\/husbilenfrida.se\/index.php?rest_route=\/wp\/v2\/types\/post"}],"author":[{"embeddable":true,"href":"https:\/\/husbilenfrida.se\/index.php?rest_route=\/wp\/v2\/users\/1"}],"replies":[{"embeddable":true,"href":"https:\/\/husbilenfrida.se\/index.php?rest_route=%2Fwp%2Fv2%2Fcomments&post=3864"}],"version-history":[{"count":14,"href":"https:\/\/husbilenfrida.se\/index.php?rest_route=\/wp\/v2\/posts\/3864\/revisions"}],"predecessor-version":[{"id":4087,"href":"https:\/\/husbilenfrida.se\/index.php?rest_route=\/wp\/v2\/posts\/3864\/revisions\/4087"}],"wp:attachment":[{"href":"https:\/\/husbilenfrida.se\/index.php?rest_route=%2Fwp%2Fv2%2Fmedia&parent=3864"}],"wp:term":[{"taxonomy":"category","embeddable":true,"href":"https:\/\/husbilenfrida.se\/index.php?rest_route=%2Fwp%2Fv2%2Fcategories&post=3864"},{"taxonomy":"post_tag","embeddable":true,"href":"https:\/\/husbilenfrida.se\/index.php?rest_route=%2Fwp%2Fv2%2Ftags&post=3864"}],"curies":[{"name":"wp","href":"https:\/\/api.w.org\/{rel}","templated":true}]}}