{"id":3502,"date":"2019-05-20T18:24:49","date_gmt":"2019-05-20T18:24:49","guid":{"rendered":"http:\/\/husbilenfrida.se\/?p=3502"},"modified":"2019-06-09T09:38:58","modified_gmt":"2019-06-09T09:38:58","slug":"190518-fran-granna-hem-till-mellansundet","status":"publish","type":"post","link":"https:\/\/husbilenfrida.se\/?p=3502","title":{"rendered":"190518 fr\u00e5n Gr\u00e4nna hem till Mellansundet."},"content":{"rendered":"\n<figure class=\"wp-block-image is-resized\"><a href=\"http:\/\/media.husbilenfrida.se\/2019\/05\/mellansundet.png\"><img decoding=\"async\" src=\"http:\/\/media.husbilenfrida.se\/2019\/05\/mellansundet.png\" alt=\"\" class=\"wp-image-3503\" height=\"60\" srcset=\"https:\/\/media.husbilenfrida.se\/2019\/05\/mellansundet.png 493w, https:\/\/media.husbilenfrida.se\/2019\/05\/mellansundet-240x300.png 240w\" sizes=\"(max-width: 493px) 85vw, 493px\" \/><\/a><\/figure>\n\n\n\n<p>N\u00e4r man l\u00e4mnar Gr\u00e4nna och \u00e5ker gamla v\u00e4gen norrut f\u00f6r att slippa \u00e5ka p\u00e5 E4:an passerar man vackra Vadstena, d\u00e4r vi tog en paus och kollade in sj\u00f6s\u00e4ttning av b\u00e5tar.<\/p>\n\n\n\n<figure class=\"wp-block-image is-resized\"><a href=\"http:\/\/media.husbilenfrida.se\/2019\/05\/1-DSC05983.jpg\"><img decoding=\"async\" src=\"http:\/\/media.husbilenfrida.se\/2019\/05\/1-DSC05983-1024x683.jpg\" alt=\"\" class=\"wp-image-3508\" width=\"600\" srcset=\"https:\/\/media.husbilenfrida.se\/2019\/05\/1-DSC05983-1024x683.jpg 1024w, https:\/\/media.husbilenfrida.se\/2019\/05\/1-DSC05983-300x200.jpg 300w, https:\/\/media.husbilenfrida.se\/2019\/05\/1-DSC05983-768x512.jpg 768w, https:\/\/media.husbilenfrida.se\/2019\/05\/1-DSC05983-1200x801.jpg 1200w\" sizes=\"(max-width: 709px) 85vw, (max-width: 909px) 67vw, (max-width: 1362px) 62vw, 840px\" \/><\/a><\/figure>\n\n\n\n<figure class=\"wp-block-image is-resized\"><a href=\"http:\/\/media.husbilenfrida.se\/2019\/05\/1-DSC05979.jpg\"><img decoding=\"async\" src=\"http:\/\/media.husbilenfrida.se\/2019\/05\/1-DSC05979-1024x684.jpg\" alt=\"\" class=\"wp-image-3504\" width=\"600\" srcset=\"https:\/\/media.husbilenfrida.se\/2019\/05\/1-DSC05979-1024x684.jpg 1024w, https:\/\/media.husbilenfrida.se\/2019\/05\/1-DSC05979-300x200.jpg 300w, https:\/\/media.husbilenfrida.se\/2019\/05\/1-DSC05979-768x513.jpg 768w, https:\/\/media.husbilenfrida.se\/2019\/05\/1-DSC05979-1200x801.jpg 1200w\" sizes=\"(max-width: 709px) 85vw, (max-width: 909px) 67vw, (max-width: 1362px) 62vw, 840px\" \/><\/a><\/figure>\n\n\n\n<figure class=\"wp-block-image is-resized\"><a href=\"http:\/\/media.husbilenfrida.se\/2019\/05\/1-DSC05981.jpg\"><img decoding=\"async\" src=\"http:\/\/media.husbilenfrida.se\/2019\/05\/1-DSC05981-1024x684.jpg\" alt=\"\" class=\"wp-image-3506\" width=\"600\" srcset=\"https:\/\/media.husbilenfrida.se\/2019\/05\/1-DSC05981-1024x684.jpg 1024w, https:\/\/media.husbilenfrida.se\/2019\/05\/1-DSC05981-300x200.jpg 300w, https:\/\/media.husbilenfrida.se\/2019\/05\/1-DSC05981-768x513.jpg 768w, https:\/\/media.husbilenfrida.se\/2019\/05\/1-DSC05981-1200x801.jpg 1200w\" sizes=\"(max-width: 709px) 85vw, (max-width: 909px) 67vw, (max-width: 1362px) 62vw, 840px\" \/><\/a><\/figure>\n\n\n\n<p>N\u00e4sta paus blev vid Hammarsundet s\u00f6der om Askersund.<\/p>\n\n\n\n<figure class=\"wp-block-image is-resized\"><a href=\"http:\/\/media.husbilenfrida.se\/2019\/05\/1-DSC05989.jpg\"><img decoding=\"async\" src=\"http:\/\/media.husbilenfrida.se\/2019\/05\/1-DSC05989-1024x684.jpg\" alt=\"\" class=\"wp-image-3510\" width=\"600\" srcset=\"https:\/\/media.husbilenfrida.se\/2019\/05\/1-DSC05989-1024x684.jpg 1024w, https:\/\/media.husbilenfrida.se\/2019\/05\/1-DSC05989-300x200.jpg 300w, https:\/\/media.husbilenfrida.se\/2019\/05\/1-DSC05989-768x513.jpg 768w, https:\/\/media.husbilenfrida.se\/2019\/05\/1-DSC05989-1200x801.jpg 1200w\" sizes=\"(max-width: 709px) 85vw, (max-width: 909px) 67vw, (max-width: 1362px) 62vw, 840px\" \/><\/a><\/figure>\n\n\n\n<figure class=\"wp-block-image is-resized\"><a href=\"http:\/\/media.husbilenfrida.se\/2019\/05\/1-DSC05986.jpg\"><img decoding=\"async\" src=\"http:\/\/media.husbilenfrida.se\/2019\/05\/1-DSC05986-1024x684.jpg\" alt=\"\" class=\"wp-image-3512\" width=\"600\" srcset=\"https:\/\/media.husbilenfrida.se\/2019\/05\/1-DSC05986-1024x684.jpg 1024w, https:\/\/media.husbilenfrida.se\/2019\/05\/1-DSC05986-300x200.jpg 300w, https:\/\/media.husbilenfrida.se\/2019\/05\/1-DSC05986-768x513.jpg 768w, https:\/\/media.husbilenfrida.se\/2019\/05\/1-DSC05986-1200x801.jpg 1200w\" sizes=\"(max-width: 709px) 85vw, (max-width: 909px) 67vw, (max-width: 1362px) 62vw, 840px\" \/><\/a><\/figure>\n\n\n\n<figure class=\"wp-block-image is-resized\"><a href=\"http:\/\/media.husbilenfrida.se\/2019\/05\/1-DSC05988.jpg\"><img decoding=\"async\" src=\"http:\/\/media.husbilenfrida.se\/2019\/05\/1-DSC05988-1024x684.jpg\" alt=\"\" class=\"wp-image-3514\" width=\"600\" srcset=\"https:\/\/media.husbilenfrida.se\/2019\/05\/1-DSC05988-1024x684.jpg 1024w, https:\/\/media.husbilenfrida.se\/2019\/05\/1-DSC05988-300x200.jpg 300w, https:\/\/media.husbilenfrida.se\/2019\/05\/1-DSC05988-768x513.jpg 768w, https:\/\/media.husbilenfrida.se\/2019\/05\/1-DSC05988-1200x801.jpg 1200w\" sizes=\"(max-width: 709px) 85vw, (max-width: 909px) 67vw, (max-width: 1362px) 62vw, 840px\" \/><\/a><\/figure>\n\n\n\n<p>Fr\u00e5n \u00d6rebro \u00e5ker vi alltid gamla v\u00e4gen \u00f6ver G\u00f6tlunda, ibland f\u00f6r att \u00e4ta n\u00e5got p\u00e5 baren d\u00e4r eller som i dag k\u00f6pa G\u00f6tlundaglass.<\/p>\n\n\n\n<p>N\u00e4r vi kom hem m\u00f6ttes vi av fint v\u00e4der, sol och ostliga vindar &#8211; d\u00e5 \u00e4r det l\u00e4 och lugnt vid bryggan s\u00e5 vi passade p\u00e5 att grilla och njuta av kv\u00e4llen.<\/p>\n\n\n\n<figure class=\"wp-block-image is-resized\"><a href=\"http:\/\/media.husbilenfrida.se\/2019\/05\/1-IMG_7320.jpg\"><img decoding=\"async\" src=\"http:\/\/media.husbilenfrida.se\/2019\/05\/1-IMG_7320-1024x768.jpg\" alt=\"\" class=\"wp-image-3515\" width=\"600\" srcset=\"https:\/\/media.husbilenfrida.se\/2019\/05\/1-IMG_7320-1024x768.jpg 1024w, https:\/\/media.husbilenfrida.se\/2019\/05\/1-IMG_7320-300x225.jpg 300w, https:\/\/media.husbilenfrida.se\/2019\/05\/1-IMG_7320-768x576.jpg 768w, https:\/\/media.husbilenfrida.se\/2019\/05\/1-IMG_7320-1200x900.jpg 1200w\" sizes=\"(max-width: 709px) 85vw, (max-width: 909px) 67vw, (max-width: 1362px) 62vw, 840px\" \/><\/a><\/figure>\n\n\n\n<figure class=\"wp-block-image is-resized\"><a href=\"http:\/\/media.husbilenfrida.se\/2019\/05\/1-IMG_7319.jpg\"><img decoding=\"async\" src=\"http:\/\/media.husbilenfrida.se\/2019\/05\/1-IMG_7319-768x1024.jpg\" alt=\"\" class=\"wp-image-3517\" height=\"600\" srcset=\"https:\/\/media.husbilenfrida.se\/2019\/05\/1-IMG_7319-768x1024.jpg 768w, https:\/\/media.husbilenfrida.se\/2019\/05\/1-IMG_7319-225x300.jpg 225w, https:\/\/media.husbilenfrida.se\/2019\/05\/1-IMG_7319.jpg 1200w\" sizes=\"(max-width: 709px) 85vw, (max-width: 909px) 67vw, (max-width: 984px) 61vw, (max-width: 1362px) 45vw, 600px\" \/><\/a><\/figure>\n\n\n\n<figure class=\"wp-block-image is-resized\"><a href=\"http:\/\/media.husbilenfrida.se\/2019\/05\/1-IMG_7315.jpg\"><img decoding=\"async\" src=\"http:\/\/media.husbilenfrida.se\/2019\/05\/1-IMG_7315-1024x692.jpg\" alt=\"\" class=\"wp-image-3518\" width=\"600\" srcset=\"https:\/\/media.husbilenfrida.se\/2019\/05\/1-IMG_7315-1024x692.jpg 1024w, https:\/\/media.husbilenfrida.se\/2019\/05\/1-IMG_7315-300x203.jpg 300w, https:\/\/media.husbilenfrida.se\/2019\/05\/1-IMG_7315-768x519.jpg 768w, https:\/\/media.husbilenfrida.se\/2019\/05\/1-IMG_7315-1200x811.jpg 1200w\" sizes=\"(max-width: 709px) 85vw, (max-width: 909px) 67vw, (max-width: 1362px) 62vw, 840px\" \/><\/a><\/figure>\n\n\n\n<p>Det blev en fin avslutning p\u00e5 \u00d6landstrippen med grillad fl\u00e4skytterfil\u00e9 och ett glas r\u00f6tt.<\/p>\n\n\n","protected":false},"excerpt":{"rendered":"<p>N\u00e4r man l\u00e4mnar Gr\u00e4nna och \u00e5ker gamla v\u00e4gen norrut f\u00f6r att slippa \u00e5ka p\u00e5 E4:an passerar man vackra Vadstena, d\u00e4r vi tog en paus och kollade in sj\u00f6s\u00e4ttning av b\u00e5tar. N\u00e4sta paus blev vid Hammarsundet s\u00f6der om Askersund. Fr\u00e5n \u00d6rebro \u00e5ker vi alltid gamla v\u00e4gen \u00f6ver G\u00f6tlunda, ibland f\u00f6r att \u00e4ta n\u00e5got p\u00e5 baren d\u00e4r &hellip; <a href=\"https:\/\/husbilenfrida.se\/?p=3502\" class=\"more-link\">Forts\u00e4tt l\u00e4sa<span class=\"screen-reader-text\"> \u201d190518 fr\u00e5n Gr\u00e4nna hem till Mellansundet.\u201d<\/span><\/a><\/p>\n","protected":false},"author":1,"featured_media":0,"comment_status":"open","ping_status":"closed","sticky":false,"template":"","format":"standard","meta":{"footnotes":""},"categories":[1],"tags":[],"class_list":["post-3502","post","type-post","status-publish","format-standard","hentry","category-uncategorized"],"_links":{"self":[{"href":"https:\/\/husbilenfrida.se\/index.php?rest_route=\/wp\/v2\/posts\/3502","targetHints":{"allow":["GET"]}}],"collection":[{"href":"https:\/\/husbilenfrida.se\/index.php?rest_route=\/wp\/v2\/posts"}],"about":[{"href":"https:\/\/husbilenfrida.se\/index.php?rest_route=\/wp\/v2\/types\/post"}],"author":[{"embeddable":true,"href":"https:\/\/husbilenfrida.se\/index.php?rest_route=\/wp\/v2\/users\/1"}],"replies":[{"embeddable":true,"href":"https:\/\/husbilenfrida.se\/index.php?rest_route=%2Fwp%2Fv2%2Fcomments&post=3502"}],"version-history":[{"count":12,"href":"https:\/\/husbilenfrida.se\/index.php?rest_route=\/wp\/v2\/posts\/3502\/revisions"}],"predecessor-version":[{"id":3830,"href":"https:\/\/husbilenfrida.se\/index.php?rest_route=\/wp\/v2\/posts\/3502\/revisions\/3830"}],"wp:attachment":[{"href":"https:\/\/husbilenfrida.se\/index.php?rest_route=%2Fwp%2Fv2%2Fmedia&parent=3502"}],"wp:term":[{"taxonomy":"category","embeddable":true,"href":"https:\/\/husbilenfrida.se\/index.php?rest_route=%2Fwp%2Fv2%2Fcategories&post=3502"},{"taxonomy":"post_tag","embeddable":true,"href":"https:\/\/husbilenfrida.se\/index.php?rest_route=%2Fwp%2Fv2%2Ftags&post=3502"}],"curies":[{"name":"wp","href":"https:\/\/api.w.org\/{rel}","templated":true}]}}