{"id":3494,"date":"2019-05-20T18:16:24","date_gmt":"2019-05-20T18:16:24","guid":{"rendered":"http:\/\/husbilenfrida.se\/?p=3494"},"modified":"2019-06-09T09:41:55","modified_gmt":"2019-06-09T09:41:55","slug":"190517-fran-st-ror-till-granna","status":"publish","type":"post","link":"https:\/\/husbilenfrida.se\/?p=3494","title":{"rendered":"190517 fr\u00e5n St R\u00f6r till Gr\u00e4nna."},"content":{"rendered":"\n<figure class=\"wp-block-image is-resized\"><a href=\"http:\/\/media.husbilenfrida.se\/2019\/05\/St-ro\u0308r-gra\u0308nna.png\"><img decoding=\"async\" src=\"http:\/\/media.husbilenfrida.se\/2019\/05\/St-ro\u0308r-gra\u0308nna.png\" alt=\"\" class=\"wp-image-3495\" width=\"600\" srcset=\"https:\/\/media.husbilenfrida.se\/2019\/05\/St-ro\u0308r-gra\u0308nna.png 705w, https:\/\/media.husbilenfrida.se\/2019\/05\/St-ro\u0308r-gra\u0308nna-300x229.png 300w\" sizes=\"(max-width: 709px) 85vw, (max-width: 909px) 67vw, (max-width: 984px) 61vw, (max-width: 1362px) 45vw, 600px\" \/><\/a><\/figure>\n\n\n\n<p>D\u00e5 var det dags att l\u00e4mna fina \u00d6land f\u00f6r den h\u00e4r g\u00e5ngen. Det sista vi gjorde vid St R\u00f6r var att g\u00e5 till Mormors Stenugnsbageri och k\u00f6pa tv\u00e5 st nybakade kanelbullar.<\/p>\n\n\n\n<figure class=\"wp-block-image is-resized\"><a href=\"http:\/\/media.husbilenfrida.se\/2019\/05\/1-DSC05963.jpg\"><img decoding=\"async\" src=\"http:\/\/media.husbilenfrida.se\/2019\/05\/1-DSC05963-1024x684.jpg\" alt=\"\" class=\"wp-image-3496\" width=\"600\" srcset=\"https:\/\/media.husbilenfrida.se\/2019\/05\/1-DSC05963-1024x684.jpg 1024w, https:\/\/media.husbilenfrida.se\/2019\/05\/1-DSC05963-300x200.jpg 300w, https:\/\/media.husbilenfrida.se\/2019\/05\/1-DSC05963-768x513.jpg 768w, https:\/\/media.husbilenfrida.se\/2019\/05\/1-DSC05963-1200x801.jpg 1200w\" sizes=\"(max-width: 709px) 85vw, (max-width: 909px) 67vw, (max-width: 1362px) 62vw, 840px\" \/><\/a><\/figure>\n\n\n\n<p>Gr\u00e4nna st\u00e4llplats fungerar bra, vi stod d\u00e4r utan el och nya solcellspanelen laddade p\u00e5 bra, vi tittade p\u00e5 TV i tv\u00e5 timmar men det m\u00e4rktes inte p\u00e5 elf\u00f6rbrukningen&#8230;<br>&#8230;tog en kort fotorunda ner till f\u00e4rjel\u00e4gret.<\/p>\n\n\n\n<figure class=\"wp-block-image is-resized\"><a href=\"http:\/\/media.husbilenfrida.se\/2019\/05\/1-DSC05968.jpg\"><img decoding=\"async\" src=\"http:\/\/media.husbilenfrida.se\/2019\/05\/1-DSC05968-1024x684.jpg\" alt=\"\" class=\"wp-image-3498\" width=\"600\" srcset=\"https:\/\/media.husbilenfrida.se\/2019\/05\/1-DSC05968-1024x684.jpg 1024w, https:\/\/media.husbilenfrida.se\/2019\/05\/1-DSC05968-300x200.jpg 300w, https:\/\/media.husbilenfrida.se\/2019\/05\/1-DSC05968-768x513.jpg 768w, https:\/\/media.husbilenfrida.se\/2019\/05\/1-DSC05968-1200x801.jpg 1200w\" sizes=\"(max-width: 709px) 85vw, (max-width: 909px) 67vw, (max-width: 1362px) 62vw, 840px\" \/><\/a><\/figure>\n\n\n\n<figure class=\"wp-block-image is-resized\"><a href=\"http:\/\/media.husbilenfrida.se\/2019\/05\/1-DSC05977.jpg\"><img decoding=\"async\" src=\"http:\/\/media.husbilenfrida.se\/2019\/05\/1-DSC05977-1024x698.jpg\" alt=\"\" class=\"wp-image-3499\" width=\"600\" srcset=\"https:\/\/media.husbilenfrida.se\/2019\/05\/1-DSC05977-1024x698.jpg 1024w, https:\/\/media.husbilenfrida.se\/2019\/05\/1-DSC05977-300x204.jpg 300w, https:\/\/media.husbilenfrida.se\/2019\/05\/1-DSC05977-768x523.jpg 768w, https:\/\/media.husbilenfrida.se\/2019\/05\/1-DSC05977-1200x818.jpg 1200w\" sizes=\"(max-width: 709px) 85vw, (max-width: 909px) 67vw, (max-width: 1362px) 62vw, 840px\" \/><\/a><\/figure>\n\n\n\n<figure class=\"wp-block-image is-resized\"><a href=\"http:\/\/media.husbilenfrida.se\/2019\/05\/1-DSC05978.jpg\"><img decoding=\"async\" src=\"http:\/\/media.husbilenfrida.se\/2019\/05\/1-DSC05978-1024x684.jpg\" alt=\"\" class=\"wp-image-3500\" width=\"600\" srcset=\"https:\/\/media.husbilenfrida.se\/2019\/05\/1-DSC05978-1024x684.jpg 1024w, https:\/\/media.husbilenfrida.se\/2019\/05\/1-DSC05978-300x200.jpg 300w, https:\/\/media.husbilenfrida.se\/2019\/05\/1-DSC05978-768x513.jpg 768w, https:\/\/media.husbilenfrida.se\/2019\/05\/1-DSC05978-1200x801.jpg 1200w\" sizes=\"(max-width: 709px) 85vw, (max-width: 909px) 67vw, (max-width: 1362px) 62vw, 840px\" \/><\/a><\/figure>\n\n\n","protected":false},"excerpt":{"rendered":"<p>D\u00e5 var det dags att l\u00e4mna fina \u00d6land f\u00f6r den h\u00e4r g\u00e5ngen. Det sista vi gjorde vid St R\u00f6r var att g\u00e5 till Mormors Stenugnsbageri och k\u00f6pa tv\u00e5 st nybakade kanelbullar. Gr\u00e4nna st\u00e4llplats fungerar bra, vi stod d\u00e4r utan el och nya solcellspanelen laddade p\u00e5 bra, vi tittade p\u00e5 TV i tv\u00e5 timmar men det &hellip; <a href=\"https:\/\/husbilenfrida.se\/?p=3494\" class=\"more-link\">Forts\u00e4tt l\u00e4sa<span class=\"screen-reader-text\"> \u201d190517 fr\u00e5n St R\u00f6r till Gr\u00e4nna.\u201d<\/span><\/a><\/p>\n","protected":false},"author":1,"featured_media":0,"comment_status":"open","ping_status":"closed","sticky":false,"template":"","format":"standard","meta":{"footnotes":""},"categories":[1],"tags":[],"class_list":["post-3494","post","type-post","status-publish","format-standard","hentry","category-uncategorized"],"_links":{"self":[{"href":"https:\/\/husbilenfrida.se\/index.php?rest_route=\/wp\/v2\/posts\/3494","targetHints":{"allow":["GET"]}}],"collection":[{"href":"https:\/\/husbilenfrida.se\/index.php?rest_route=\/wp\/v2\/posts"}],"about":[{"href":"https:\/\/husbilenfrida.se\/index.php?rest_route=\/wp\/v2\/types\/post"}],"author":[{"embeddable":true,"href":"https:\/\/husbilenfrida.se\/index.php?rest_route=\/wp\/v2\/users\/1"}],"replies":[{"embeddable":true,"href":"https:\/\/husbilenfrida.se\/index.php?rest_route=%2Fwp%2Fv2%2Fcomments&post=3494"}],"version-history":[{"count":5,"href":"https:\/\/husbilenfrida.se\/index.php?rest_route=\/wp\/v2\/posts\/3494\/revisions"}],"predecessor-version":[{"id":3833,"href":"https:\/\/husbilenfrida.se\/index.php?rest_route=\/wp\/v2\/posts\/3494\/revisions\/3833"}],"wp:attachment":[{"href":"https:\/\/husbilenfrida.se\/index.php?rest_route=%2Fwp%2Fv2%2Fmedia&parent=3494"}],"wp:term":[{"taxonomy":"category","embeddable":true,"href":"https:\/\/husbilenfrida.se\/index.php?rest_route=%2Fwp%2Fv2%2Fcategories&post=3494"},{"taxonomy":"post_tag","embeddable":true,"href":"https:\/\/husbilenfrida.se\/index.php?rest_route=%2Fwp%2Fv2%2Ftags&post=3494"}],"curies":[{"name":"wp","href":"https:\/\/api.w.org\/{rel}","templated":true}]}}