{"id":3452,"date":"2019-05-16T14:26:49","date_gmt":"2019-05-16T14:26:49","guid":{"rendered":"http:\/\/husbilenfrida.se\/?p=3452"},"modified":"2019-06-09T09:43:35","modified_gmt":"2019-06-09T09:43:35","slug":"190516-fran-gronhogen-till-st-ror","status":"publish","type":"post","link":"https:\/\/husbilenfrida.se\/?p=3452","title":{"rendered":"190516 fr\u00e5n Gr\u00f6nh\u00f6gen till St R\u00f6r."},"content":{"rendered":"\n<figure class=\"wp-block-image is-resized\"><a href=\"http:\/\/media.husbilenfrida.se\/2019\/05\/1-St-Ro\u0308r.png\"><img decoding=\"async\" src=\"http:\/\/media.husbilenfrida.se\/2019\/05\/1-St-Ro\u0308r-492x1024.png\" alt=\"\" class=\"wp-image-3456\" height=\"600\" srcset=\"https:\/\/media.husbilenfrida.se\/2019\/05\/1-St-Ro\u0308r-492x1024.png 492w, https:\/\/media.husbilenfrida.se\/2019\/05\/1-St-Ro\u0308r-144x300.png 144w, https:\/\/media.husbilenfrida.se\/2019\/05\/1-St-Ro\u0308r.png 698w\" sizes=\"(max-width: 492px) 85vw, 492px\" \/><\/a><\/figure>\n\n\n\n<p>D\u00e5 l\u00e4mnade vi Gr\u00f6nh\u00f6gen f\u00f6r denna g\u00e5ng och \u00e5kte norrut p\u00e5 \u00d6land mot St R\u00f6r.<\/p>\n\n\n\n<figure class=\"wp-block-image is-resized\"><a href=\"http:\/\/media.husbilenfrida.se\/2019\/05\/1-DSC05932.jpg\"><img decoding=\"async\" src=\"http:\/\/media.husbilenfrida.se\/2019\/05\/1-DSC05932-1024x684.jpg\" alt=\"\" class=\"wp-image-3453\" width=\"600\" srcset=\"https:\/\/media.husbilenfrida.se\/2019\/05\/1-DSC05932-1024x684.jpg 1024w, https:\/\/media.husbilenfrida.se\/2019\/05\/1-DSC05932-300x200.jpg 300w, https:\/\/media.husbilenfrida.se\/2019\/05\/1-DSC05932-768x513.jpg 768w, https:\/\/media.husbilenfrida.se\/2019\/05\/1-DSC05932-1200x801.jpg 1200w\" sizes=\"(max-width: 709px) 85vw, (max-width: 909px) 67vw, (max-width: 1362px) 62vw, 840px\" \/><\/a><\/figure>\n\n\n\n<figure class=\"wp-block-image is-resized\"><a href=\"http:\/\/media.husbilenfrida.se\/2019\/05\/1-DSC05935.jpg\"><img decoding=\"async\" src=\"http:\/\/media.husbilenfrida.se\/2019\/05\/1-DSC05935-1024x684.jpg\" alt=\"\" class=\"wp-image-3454\" width=\"600\" srcset=\"https:\/\/media.husbilenfrida.se\/2019\/05\/1-DSC05935-1024x684.jpg 1024w, https:\/\/media.husbilenfrida.se\/2019\/05\/1-DSC05935-300x200.jpg 300w, https:\/\/media.husbilenfrida.se\/2019\/05\/1-DSC05935-768x513.jpg 768w, https:\/\/media.husbilenfrida.se\/2019\/05\/1-DSC05935-1200x801.jpg 1200w\" sizes=\"(max-width: 709px) 85vw, (max-width: 909px) 67vw, (max-width: 1362px) 62vw, 840px\" \/><\/a><\/figure>\n\n\n\n<p>Vi stannade till vid Eckelsudde f\u00f6r ev f\u00e5gelspaning men det bl\u00e5ste f\u00f6r h\u00e5rt s\u00e5 det blev bara f\u00f6rmiddagsfika i husbilen och span genom vindrutan.  Vi tr\u00e4ffade ett par d\u00e4r som pratade sig varma f\u00f6r goda Kroppkakor vid Arontorp. S\u00e5 vi nappade p\u00e5 den kroken och slog till med ett bes\u00f6k.<\/p>\n\n\n\n<figure class=\"wp-block-image is-resized\"><a href=\"blob:https:\/\/husbilenfrida.se\/f4390f6a-79ac-4645-8387-64db81101856\"><img loading=\"lazy\" decoding=\"async\" src=\"http:\/\/media.husbilenfrida.se\/2019\/05\/1-IMG_7310-1-860x1024.jpg\" alt=\"\" class=\"wp-image-3484\" width=\"600\" height=\"600\"\/><\/a><\/figure>\n\n\n\n<figure class=\"wp-block-image is-resized\"><a href=\"http:\/\/media.husbilenfrida.se\/2019\/05\/1-IMG_7311.jpg\"><img decoding=\"async\" src=\"http:\/\/media.husbilenfrida.se\/2019\/05\/1-IMG_7311-1024x905.jpg\" alt=\"\" class=\"wp-image-3458\" width=\"600\" srcset=\"https:\/\/media.husbilenfrida.se\/2019\/05\/1-IMG_7311-1024x905.jpg 1024w, https:\/\/media.husbilenfrida.se\/2019\/05\/1-IMG_7311-300x265.jpg 300w, https:\/\/media.husbilenfrida.se\/2019\/05\/1-IMG_7311-768x679.jpg 768w, https:\/\/media.husbilenfrida.se\/2019\/05\/1-IMG_7311-1200x1061.jpg 1200w, https:\/\/media.husbilenfrida.se\/2019\/05\/1-IMG_7311.jpg 1810w\" sizes=\"(max-width: 709px) 85vw, (max-width: 909px) 67vw, (max-width: 1362px) 62vw, 840px\" \/><\/a><\/figure>\n\n\n\n<p>Och det \u00e5ngrar vi inte, 3 st Kroppkakor med lingonsylt och gr\u00e4dde&#8230;efter det intr\u00e4ffade en sl\u00e4ng av paltkoma&#8230;<\/p>\n\n\n\n<p>N\u00e4sta stopp blev vid Algutsrum g\u00e5rdsbutik f\u00f6r ink\u00f6p av f\u00e4rsk sparris.<\/p>\n\n\n\n<figure class=\"wp-block-image is-resized\"><a href=\"http:\/\/media.husbilenfrida.se\/2019\/05\/1-DSC01630.jpg\"><img decoding=\"async\" src=\"http:\/\/media.husbilenfrida.se\/2019\/05\/1-DSC01630-1024x683.jpg\" alt=\"\" class=\"wp-image-3459\" width=\"600\" srcset=\"https:\/\/media.husbilenfrida.se\/2019\/05\/1-DSC01630-1024x683.jpg 1024w, https:\/\/media.husbilenfrida.se\/2019\/05\/1-DSC01630-300x200.jpg 300w, https:\/\/media.husbilenfrida.se\/2019\/05\/1-DSC01630-768x512.jpg 768w, https:\/\/media.husbilenfrida.se\/2019\/05\/1-DSC01630-1200x800.jpg 1200w\" sizes=\"(max-width: 709px) 85vw, (max-width: 909px) 67vw, (max-width: 1362px) 62vw, 840px\" \/><\/a><\/figure>\n\n\n\n<figure class=\"wp-block-image is-resized\"><a href=\"http:\/\/media.husbilenfrida.se\/2019\/05\/1-DSC01629.jpg\"><img decoding=\"async\" src=\"http:\/\/media.husbilenfrida.se\/2019\/05\/1-DSC01629-1024x683.jpg\" alt=\"\" class=\"wp-image-3461\" width=\"600\" srcset=\"https:\/\/media.husbilenfrida.se\/2019\/05\/1-DSC01629-1024x683.jpg 1024w, https:\/\/media.husbilenfrida.se\/2019\/05\/1-DSC01629-300x200.jpg 300w, https:\/\/media.husbilenfrida.se\/2019\/05\/1-DSC01629-768x512.jpg 768w, https:\/\/media.husbilenfrida.se\/2019\/05\/1-DSC01629-1200x800.jpg 1200w\" sizes=\"(max-width: 709px) 85vw, (max-width: 909px) 67vw, (max-width: 1362px) 62vw, 840px\" \/><\/a><\/figure>\n\n\n\n<p>Nu st\u00e5r vi vid St R\u00f6r och njuter av den sista eftermiddagen\/kv\u00e4llen f\u00f6r den h\u00e4r g\u00e5ngen p\u00e5 underbara \u00d6land.<\/p>\n\n\n\n<figure class=\"wp-block-image is-resized\"><a href=\"http:\/\/media.husbilenfrida.se\/2019\/05\/1-DSC05940.jpg\"><img decoding=\"async\" src=\"http:\/\/media.husbilenfrida.se\/2019\/05\/1-DSC05940-1024x684.jpg\" alt=\"\" class=\"wp-image-3463\" width=\"600\" srcset=\"https:\/\/media.husbilenfrida.se\/2019\/05\/1-DSC05940-1024x684.jpg 1024w, https:\/\/media.husbilenfrida.se\/2019\/05\/1-DSC05940-300x200.jpg 300w, https:\/\/media.husbilenfrida.se\/2019\/05\/1-DSC05940-768x513.jpg 768w, https:\/\/media.husbilenfrida.se\/2019\/05\/1-DSC05940-1200x801.jpg 1200w\" sizes=\"(max-width: 709px) 85vw, (max-width: 909px) 67vw, (max-width: 1362px) 62vw, 840px\" \/><\/a><\/figure>\n\n\n\n<figure class=\"wp-block-image is-resized\"><a href=\"http:\/\/media.husbilenfrida.se\/2019\/05\/1-DSC05941.jpg\"><img decoding=\"async\" src=\"http:\/\/media.husbilenfrida.se\/2019\/05\/1-DSC05941-1024x684.jpg\" alt=\"\" class=\"wp-image-3464\" width=\"600\" srcset=\"https:\/\/media.husbilenfrida.se\/2019\/05\/1-DSC05941-1024x684.jpg 1024w, https:\/\/media.husbilenfrida.se\/2019\/05\/1-DSC05941-300x200.jpg 300w, https:\/\/media.husbilenfrida.se\/2019\/05\/1-DSC05941-768x513.jpg 768w, https:\/\/media.husbilenfrida.se\/2019\/05\/1-DSC05941-1200x801.jpg 1200w\" sizes=\"(max-width: 709px) 85vw, (max-width: 909px) 67vw, (max-width: 1362px) 62vw, 840px\" \/><\/a><\/figure>\n\n\n\n<figure class=\"wp-block-image is-resized\"><a href=\"http:\/\/media.husbilenfrida.se\/2019\/05\/1-DSC05947.jpg\"><img decoding=\"async\" src=\"http:\/\/media.husbilenfrida.se\/2019\/05\/1-DSC05947-1024x684.jpg\" alt=\"\" class=\"wp-image-3467\" width=\"600\" srcset=\"https:\/\/media.husbilenfrida.se\/2019\/05\/1-DSC05947-1024x684.jpg 1024w, https:\/\/media.husbilenfrida.se\/2019\/05\/1-DSC05947-300x200.jpg 300w, https:\/\/media.husbilenfrida.se\/2019\/05\/1-DSC05947-768x513.jpg 768w, https:\/\/media.husbilenfrida.se\/2019\/05\/1-DSC05947-1200x801.jpg 1200w\" sizes=\"(max-width: 709px) 85vw, (max-width: 909px) 67vw, (max-width: 1362px) 62vw, 840px\" \/><\/a><\/figure>\n\n\n\n<figure class=\"wp-block-image is-resized\"><a href=\"http:\/\/media.husbilenfrida.se\/2019\/05\/1-DSC01625.jpg\"><img decoding=\"async\" src=\"http:\/\/media.husbilenfrida.se\/2019\/05\/1-DSC01625-1024x683.jpg\" alt=\"\" class=\"wp-image-3477\" width=\"600\" srcset=\"https:\/\/media.husbilenfrida.se\/2019\/05\/1-DSC01625-1024x683.jpg 1024w, https:\/\/media.husbilenfrida.se\/2019\/05\/1-DSC01625-300x200.jpg 300w, https:\/\/media.husbilenfrida.se\/2019\/05\/1-DSC01625-768x512.jpg 768w, https:\/\/media.husbilenfrida.se\/2019\/05\/1-DSC01625-1200x801.jpg 1200w\" sizes=\"(max-width: 709px) 85vw, (max-width: 909px) 67vw, (max-width: 1362px) 62vw, 840px\" \/><\/a><figcaption>Bl\u00e5a syrener har b\u00f6rjat blomma, men de vita \u00e4r bara knoppiga.<\/figcaption><\/figure>\n\n\n\n<figure class=\"wp-block-image is-resized\"><a href=\"http:\/\/media.husbilenfrida.se\/2019\/05\/1-DSC05946.jpg\"><img decoding=\"async\" src=\"http:\/\/media.husbilenfrida.se\/2019\/05\/1-DSC05946-1024x684.jpg\" alt=\"\" class=\"wp-image-3469\" width=\"600\" srcset=\"https:\/\/media.husbilenfrida.se\/2019\/05\/1-DSC05946-1024x684.jpg 1024w, https:\/\/media.husbilenfrida.se\/2019\/05\/1-DSC05946-300x200.jpg 300w, https:\/\/media.husbilenfrida.se\/2019\/05\/1-DSC05946-768x513.jpg 768w, https:\/\/media.husbilenfrida.se\/2019\/05\/1-DSC05946-1200x802.jpg 1200w\" sizes=\"(max-width: 709px) 85vw, (max-width: 909px) 67vw, (max-width: 1362px) 62vw, 840px\" \/><\/a><\/figure>\n\n\n\n<figure class=\"wp-block-image is-resized\"><a href=\"http:\/\/media.husbilenfrida.se\/2019\/05\/1-DSC05949.jpg\"><img decoding=\"async\" src=\"http:\/\/media.husbilenfrida.se\/2019\/05\/1-DSC05949-1024x680.jpg\" alt=\"\" class=\"wp-image-3470\" width=\"600\" srcset=\"https:\/\/media.husbilenfrida.se\/2019\/05\/1-DSC05949-1024x680.jpg 1024w, https:\/\/media.husbilenfrida.se\/2019\/05\/1-DSC05949-300x199.jpg 300w, https:\/\/media.husbilenfrida.se\/2019\/05\/1-DSC05949-768x510.jpg 768w, https:\/\/media.husbilenfrida.se\/2019\/05\/1-DSC05949-1200x797.jpg 1200w\" sizes=\"(max-width: 709px) 85vw, (max-width: 909px) 67vw, (max-width: 1362px) 62vw, 840px\" \/><\/a><\/figure>\n\n\n\n<figure class=\"wp-block-image is-resized\"><a href=\"http:\/\/media.husbilenfrida.se\/2019\/05\/1-DSC05954.jpg\"><img decoding=\"async\" src=\"http:\/\/media.husbilenfrida.se\/2019\/05\/1-DSC05954-1024x684.jpg\" alt=\"\" class=\"wp-image-3472\" width=\"600\" srcset=\"https:\/\/media.husbilenfrida.se\/2019\/05\/1-DSC05954-1024x684.jpg 1024w, https:\/\/media.husbilenfrida.se\/2019\/05\/1-DSC05954-300x200.jpg 300w, https:\/\/media.husbilenfrida.se\/2019\/05\/1-DSC05954-768x513.jpg 768w, https:\/\/media.husbilenfrida.se\/2019\/05\/1-DSC05954-1200x801.jpg 1200w\" sizes=\"(max-width: 709px) 85vw, (max-width: 909px) 67vw, (max-width: 1362px) 62vw, 840px\" \/><\/a><\/figure>\n\n\n\n<p>Oj vad det bl\u00e5ser i dag&#8230; s\u00e5 Ann \u00e4r mer vild och galen \u00e4n vanligt&#8230;<\/p>\n\n\n\n<figure class=\"wp-block-image is-resized\"><a href=\"http:\/\/media.husbilenfrida.se\/2019\/05\/1-Ann-vild-och-galen-DSC05961.jpg\"><img decoding=\"async\" src=\"http:\/\/media.husbilenfrida.se\/2019\/05\/1-Ann-vild-och-galen-DSC05961-1024x684.jpg\" alt=\"\" class=\"wp-image-3474\" width=\"600\" srcset=\"https:\/\/media.husbilenfrida.se\/2019\/05\/1-Ann-vild-och-galen-DSC05961-1024x684.jpg 1024w, https:\/\/media.husbilenfrida.se\/2019\/05\/1-Ann-vild-och-galen-DSC05961-300x200.jpg 300w, https:\/\/media.husbilenfrida.se\/2019\/05\/1-Ann-vild-och-galen-DSC05961-768x513.jpg 768w, https:\/\/media.husbilenfrida.se\/2019\/05\/1-Ann-vild-och-galen-DSC05961-1200x801.jpg 1200w\" sizes=\"(max-width: 709px) 85vw, (max-width: 909px) 67vw, (max-width: 1362px) 62vw, 840px\" \/><\/a><\/figure>\n\n\n\n<p>Aprop\u00e5 filmen med &#8221;Plankan&#8221;: Det h\u00e4r s\u00e5g det ut att g\u00e5 bra i alla fall!<\/p>\n\n\n\n<figure class=\"wp-block-image is-resized\"><a href=\"http:\/\/media.husbilenfrida.se\/2019\/05\/1-DSC05943.jpg\"><img decoding=\"async\" src=\"http:\/\/media.husbilenfrida.se\/2019\/05\/1-DSC05943-1024x684.jpg\" alt=\"\" class=\"wp-image-3476\" width=\"600\" srcset=\"https:\/\/media.husbilenfrida.se\/2019\/05\/1-DSC05943-1024x684.jpg 1024w, https:\/\/media.husbilenfrida.se\/2019\/05\/1-DSC05943-300x200.jpg 300w, https:\/\/media.husbilenfrida.se\/2019\/05\/1-DSC05943-768x513.jpg 768w, https:\/\/media.husbilenfrida.se\/2019\/05\/1-DSC05943-1200x801.jpg 1200w\" sizes=\"(max-width: 709px) 85vw, (max-width: 909px) 67vw, (max-width: 1362px) 62vw, 840px\" \/><\/a><\/figure>\n","protected":false},"excerpt":{"rendered":"<p>D\u00e5 l\u00e4mnade vi Gr\u00f6nh\u00f6gen f\u00f6r denna g\u00e5ng och \u00e5kte norrut p\u00e5 \u00d6land mot St R\u00f6r. Vi stannade till vid Eckelsudde f\u00f6r ev f\u00e5gelspaning men det bl\u00e5ste f\u00f6r h\u00e5rt s\u00e5 det blev bara f\u00f6rmiddagsfika i husbilen och span genom vindrutan. Vi tr\u00e4ffade ett par d\u00e4r som pratade sig varma f\u00f6r goda Kroppkakor vid Arontorp. S\u00e5 vi &hellip; <a href=\"https:\/\/husbilenfrida.se\/?p=3452\" class=\"more-link\">Forts\u00e4tt l\u00e4sa<span class=\"screen-reader-text\"> \u201d190516 fr\u00e5n Gr\u00f6nh\u00f6gen till St R\u00f6r.\u201d<\/span><\/a><\/p>\n","protected":false},"author":1,"featured_media":0,"comment_status":"open","ping_status":"closed","sticky":false,"template":"","format":"standard","meta":{"footnotes":""},"categories":[1],"tags":[],"class_list":["post-3452","post","type-post","status-publish","format-standard","hentry","category-uncategorized"],"_links":{"self":[{"href":"https:\/\/husbilenfrida.se\/index.php?rest_route=\/wp\/v2\/posts\/3452","targetHints":{"allow":["GET"]}}],"collection":[{"href":"https:\/\/husbilenfrida.se\/index.php?rest_route=\/wp\/v2\/posts"}],"about":[{"href":"https:\/\/husbilenfrida.se\/index.php?rest_route=\/wp\/v2\/types\/post"}],"author":[{"embeddable":true,"href":"https:\/\/husbilenfrida.se\/index.php?rest_route=\/wp\/v2\/users\/1"}],"replies":[{"embeddable":true,"href":"https:\/\/husbilenfrida.se\/index.php?rest_route=%2Fwp%2Fv2%2Fcomments&post=3452"}],"version-history":[{"count":19,"href":"https:\/\/husbilenfrida.se\/index.php?rest_route=\/wp\/v2\/posts\/3452\/revisions"}],"predecessor-version":[{"id":3835,"href":"https:\/\/husbilenfrida.se\/index.php?rest_route=\/wp\/v2\/posts\/3452\/revisions\/3835"}],"wp:attachment":[{"href":"https:\/\/husbilenfrida.se\/index.php?rest_route=%2Fwp%2Fv2%2Fmedia&parent=3452"}],"wp:term":[{"taxonomy":"category","embeddable":true,"href":"https:\/\/husbilenfrida.se\/index.php?rest_route=%2Fwp%2Fv2%2Fcategories&post=3452"},{"taxonomy":"post_tag","embeddable":true,"href":"https:\/\/husbilenfrida.se\/index.php?rest_route=%2Fwp%2Fv2%2Ftags&post=3452"}],"curies":[{"name":"wp","href":"https:\/\/api.w.org\/{rel}","templated":true}]}}