{"id":3236,"date":"2019-05-12T19:57:27","date_gmt":"2019-05-12T19:57:27","guid":{"rendered":"http:\/\/husbilenfrida.se\/?p=3236"},"modified":"2019-05-12T20:08:04","modified_gmt":"2019-05-12T20:08:04","slug":"190511-12-blomstermala-och-resa-till-st-ror-oland","status":"publish","type":"post","link":"https:\/\/husbilenfrida.se\/?p=3236","title":{"rendered":"190511 &#038; 12 Blomsterm\u00e5la och vidare till St R\u00f6r, \u00d6land."},"content":{"rendered":"\n<figure class=\"wp-block-image is-resized\"><a href=\"http:\/\/media.husbilenfrida.se\/2019\/05\/1-St-ro\u0308r.png\"><img decoding=\"async\" src=\"http:\/\/media.husbilenfrida.se\/2019\/05\/1-St-ro\u0308r-748x1024.png\" alt=\"\" class=\"wp-image-3250\" height=\"600\" srcset=\"https:\/\/media.husbilenfrida.se\/2019\/05\/1-St-ro\u0308r-748x1024.png 748w, https:\/\/media.husbilenfrida.se\/2019\/05\/1-St-ro\u0308r-219x300.png 219w, https:\/\/media.husbilenfrida.se\/2019\/05\/1-St-ro\u0308r-768x1051.png 768w, https:\/\/media.husbilenfrida.se\/2019\/05\/1-St-ro\u0308r.png 1096w\" sizes=\"(max-width: 709px) 85vw, (max-width: 909px) 67vw, (max-width: 984px) 61vw, (max-width: 1362px) 45vw, 600px\" \/><\/a><\/figure>\n\n\n\n<p>Vi \u00e5kte fr\u00e5n N\u00e4vekvarn f\u00f6r att ta f\u00e4rjan \u00f6ver Br\u00e5viken mot Blomsterm\u00e5la och till v\u00e5r f\u00f6rv\u00e5ning fick vi vid f\u00e4rjel\u00e4get se den, i Sverige, ovanliga Praktejdern.<\/p>\n\n\n\n<p>F\u00f6rekomst i Sverige (fr\u00e5n Wikipedia):<br>Arten \u00e4r ovanlig i Sverige, men ses regelbundet under perioden mars till maj.\u00a0Den ses oftast i flockar med vanlig ejder men p\u00e5\u00a0Gotland\u00a0observerades 1986 en ren flock p\u00e5 21 f\u00e5glar, varav 14 honor. Antalet observationer \u00f6kade mot slutet av 1980-talet d\u00e5 det \u00e5rligen observerades n\u00e4rmare 100 individer, fr\u00e4mst kring Sveriges s\u00f6dra kuster. Vanligast observeras hanar i Sverige, vilket nog beror p\u00e5 att honor \u00e4r sv\u00e5rare att urskilja fr\u00e5n vanlig ejder.<\/p>\n\n\n\n<figure class=\"wp-block-image is-resized\"><a href=\"http:\/\/media.husbilenfrida.se\/2019\/05\/1-DSC01317.jpg\"><img decoding=\"async\" src=\"http:\/\/media.husbilenfrida.se\/2019\/05\/1-DSC01317-1024x631.jpg\" alt=\"\" class=\"wp-image-3237\" width=\"600\" srcset=\"https:\/\/media.husbilenfrida.se\/2019\/05\/1-DSC01317-1024x631.jpg 1024w, https:\/\/media.husbilenfrida.se\/2019\/05\/1-DSC01317-300x185.jpg 300w, https:\/\/media.husbilenfrida.se\/2019\/05\/1-DSC01317-768x473.jpg 768w, https:\/\/media.husbilenfrida.se\/2019\/05\/1-DSC01317-1200x739.jpg 1200w\" sizes=\"(max-width: 709px) 85vw, (max-width: 909px) 67vw, (max-width: 1362px) 62vw, 840px\" \/><\/a><\/figure>\n\n\n\n<figure class=\"wp-block-image is-resized\"><a href=\"http:\/\/media.husbilenfrida.se\/2019\/05\/1-DSC01341.jpg\"><img decoding=\"async\" src=\"http:\/\/media.husbilenfrida.se\/2019\/05\/1-DSC01341-1024x682.jpg\" alt=\"\" class=\"wp-image-3238\" width=\"600\" srcset=\"https:\/\/media.husbilenfrida.se\/2019\/05\/1-DSC01341-1024x682.jpg 1024w, https:\/\/media.husbilenfrida.se\/2019\/05\/1-DSC01341-300x200.jpg 300w, https:\/\/media.husbilenfrida.se\/2019\/05\/1-DSC01341-768x512.jpg 768w, https:\/\/media.husbilenfrida.se\/2019\/05\/1-DSC01341-1200x800.jpg 1200w\" sizes=\"(max-width: 709px) 85vw, (max-width: 909px) 67vw, (max-width: 1362px) 62vw, 840px\" \/><\/a><\/figure>\n\n\n\n<figure class=\"wp-block-image is-resized\"><a href=\"http:\/\/media.husbilenfrida.se\/2019\/05\/1-DSC01342.jpg\"><img decoding=\"async\" src=\"http:\/\/media.husbilenfrida.se\/2019\/05\/1-DSC01342-1024x683.jpg\" alt=\"\" class=\"wp-image-3239\" width=\"600\" srcset=\"https:\/\/media.husbilenfrida.se\/2019\/05\/1-DSC01342-1024x683.jpg 1024w, https:\/\/media.husbilenfrida.se\/2019\/05\/1-DSC01342-300x200.jpg 300w, https:\/\/media.husbilenfrida.se\/2019\/05\/1-DSC01342-768x512.jpg 768w, https:\/\/media.husbilenfrida.se\/2019\/05\/1-DSC01342-1200x800.jpg 1200w\" sizes=\"(max-width: 709px) 85vw, (max-width: 909px) 67vw, (max-width: 1362px) 62vw, 840px\" \/><\/a><\/figure>\n\n\n\n<p>I Blomsterm\u00e5la har vi en alldeles egen (n\u00e4stan) st\u00e4llplats hos v\u00e5ra goda v\u00e4nner;  Ca och Nic och vi tillbringade en trevlig kv\u00e4ll hos dem med god mat som alltid mysigt sm\u00e5prat&#8230;<br>&#8230;i dag gjorde vi en utflykt tillsammans med Ca och Nic till L\u00f6v\u00f6 Naturreservat vid Timmernabben.<\/p>\n\n\n\n<figure class=\"wp-block-image is-resized\"><a href=\"http:\/\/media.husbilenfrida.se\/2019\/05\/0-DSC05728.jpg\"><img decoding=\"async\" src=\"http:\/\/media.husbilenfrida.se\/2019\/05\/0-DSC05728-1024x686.jpg\" alt=\"\" class=\"wp-image-3240\" width=\"600\" srcset=\"https:\/\/media.husbilenfrida.se\/2019\/05\/0-DSC05728-1024x686.jpg 1024w, https:\/\/media.husbilenfrida.se\/2019\/05\/0-DSC05728-300x201.jpg 300w, https:\/\/media.husbilenfrida.se\/2019\/05\/0-DSC05728-768x514.jpg 768w, https:\/\/media.husbilenfrida.se\/2019\/05\/0-DSC05728-1200x803.jpg 1200w\" sizes=\"(max-width: 709px) 85vw, (max-width: 909px) 67vw, (max-width: 1362px) 62vw, 840px\" \/><\/a><\/figure>\n\n\n\n<figure class=\"wp-block-image is-resized\"><a href=\"http:\/\/media.husbilenfrida.se\/2019\/05\/0a-DSC05681.jpg\"><img decoding=\"async\" src=\"http:\/\/media.husbilenfrida.se\/2019\/05\/0a-DSC05681-1024x691.jpg\" alt=\"\" class=\"wp-image-3241\" width=\"600\" srcset=\"https:\/\/media.husbilenfrida.se\/2019\/05\/0a-DSC05681-1024x691.jpg 1024w, https:\/\/media.husbilenfrida.se\/2019\/05\/0a-DSC05681-300x203.jpg 300w, https:\/\/media.husbilenfrida.se\/2019\/05\/0a-DSC05681-768x518.jpg 768w, https:\/\/media.husbilenfrida.se\/2019\/05\/0a-DSC05681-1200x810.jpg 1200w\" sizes=\"(max-width: 709px) 85vw, (max-width: 909px) 67vw, (max-width: 1362px) 62vw, 840px\" \/><\/a><\/figure>\n\n\n\n<figure class=\"wp-block-image is-resized\"><a href=\"http:\/\/media.husbilenfrida.se\/2019\/05\/0a-DSC05695.jpg\"><img decoding=\"async\" src=\"http:\/\/media.husbilenfrida.se\/2019\/05\/0a-DSC05695-1024x684.jpg\" alt=\"\" class=\"wp-image-3242\" width=\"600\" srcset=\"https:\/\/media.husbilenfrida.se\/2019\/05\/0a-DSC05695-1024x684.jpg 1024w, https:\/\/media.husbilenfrida.se\/2019\/05\/0a-DSC05695-300x200.jpg 300w, https:\/\/media.husbilenfrida.se\/2019\/05\/0a-DSC05695-768x513.jpg 768w, https:\/\/media.husbilenfrida.se\/2019\/05\/0a-DSC05695-1200x801.jpg 1200w\" sizes=\"(max-width: 709px) 85vw, (max-width: 909px) 67vw, (max-width: 1362px) 62vw, 840px\" \/><\/a><\/figure>\n\n\n\n<figure class=\"wp-block-image is-resized\"><a href=\"http:\/\/media.husbilenfrida.se\/2019\/05\/0b-DSC01584.jpg\"><img decoding=\"async\" src=\"http:\/\/media.husbilenfrida.se\/2019\/05\/0b-DSC01584-1024x683.jpg\" alt=\"\" class=\"wp-image-3243\" width=\"600\" srcset=\"https:\/\/media.husbilenfrida.se\/2019\/05\/0b-DSC01584-1024x683.jpg 1024w, https:\/\/media.husbilenfrida.se\/2019\/05\/0b-DSC01584-300x200.jpg 300w, https:\/\/media.husbilenfrida.se\/2019\/05\/0b-DSC01584-768x512.jpg 768w, https:\/\/media.husbilenfrida.se\/2019\/05\/0b-DSC01584-1200x801.jpg 1200w\" sizes=\"(max-width: 709px) 85vw, (max-width: 909px) 67vw, (max-width: 1362px) 62vw, 840px\" \/><\/a><\/figure>\n\n\n\n<figure class=\"wp-block-image is-resized\"><a href=\"http:\/\/media.husbilenfrida.se\/2019\/05\/0c-DSC01583.jpg\"><img decoding=\"async\" src=\"http:\/\/media.husbilenfrida.se\/2019\/05\/0c-DSC01583-1024x682.jpg\" alt=\"\" class=\"wp-image-3244\" width=\"600\" srcset=\"https:\/\/media.husbilenfrida.se\/2019\/05\/0c-DSC01583-1024x682.jpg 1024w, https:\/\/media.husbilenfrida.se\/2019\/05\/0c-DSC01583-300x200.jpg 300w, https:\/\/media.husbilenfrida.se\/2019\/05\/0c-DSC01583-768x512.jpg 768w, https:\/\/media.husbilenfrida.se\/2019\/05\/0c-DSC01583-1200x800.jpg 1200w\" sizes=\"(max-width: 709px) 85vw, (max-width: 909px) 67vw, (max-width: 1362px) 62vw, 840px\" \/><\/a><\/figure>\n\n\n\n<figure class=\"wp-block-image is-resized\"><a href=\"http:\/\/media.husbilenfrida.se\/2019\/05\/0d-DSC01585.jpg\"><img decoding=\"async\" src=\"http:\/\/media.husbilenfrida.se\/2019\/05\/0d-DSC01585-746x1024.jpg\" alt=\"\" class=\"wp-image-3245\" height=\"600\" srcset=\"https:\/\/media.husbilenfrida.se\/2019\/05\/0d-DSC01585-746x1024.jpg 746w, https:\/\/media.husbilenfrida.se\/2019\/05\/0d-DSC01585-218x300.jpg 218w, https:\/\/media.husbilenfrida.se\/2019\/05\/0d-DSC01585-768x1055.jpg 768w, https:\/\/media.husbilenfrida.se\/2019\/05\/0d-DSC01585.jpg 1165w\" sizes=\"(max-width: 709px) 85vw, (max-width: 909px) 67vw, (max-width: 984px) 61vw, (max-width: 1362px) 45vw, 600px\" \/><\/a><\/figure>\n\n\n\n<figure class=\"wp-block-image is-resized\"><a href=\"http:\/\/media.husbilenfrida.se\/2019\/05\/0e-DSC05691.jpg\"><img decoding=\"async\" src=\"http:\/\/media.husbilenfrida.se\/2019\/05\/0e-DSC05691-1024x684.jpg\" alt=\"\" class=\"wp-image-3246\" width=\"600\" srcset=\"https:\/\/media.husbilenfrida.se\/2019\/05\/0e-DSC05691-1024x684.jpg 1024w, https:\/\/media.husbilenfrida.se\/2019\/05\/0e-DSC05691-300x200.jpg 300w, https:\/\/media.husbilenfrida.se\/2019\/05\/0e-DSC05691-768x513.jpg 768w, https:\/\/media.husbilenfrida.se\/2019\/05\/0e-DSC05691-1200x801.jpg 1200w\" sizes=\"(max-width: 709px) 85vw, (max-width: 909px) 67vw, (max-width: 1362px) 62vw, 840px\" \/><\/a><\/figure>\n\n\n\n<figure class=\"wp-block-image is-resized\"><a href=\"http:\/\/media.husbilenfrida.se\/2019\/05\/0f-DSC05710.jpg\"><img decoding=\"async\" src=\"http:\/\/media.husbilenfrida.se\/2019\/05\/0f-DSC05710-1024x684.jpg\" alt=\"\" class=\"wp-image-3247\" width=\"600\" srcset=\"https:\/\/media.husbilenfrida.se\/2019\/05\/0f-DSC05710-1024x684.jpg 1024w, https:\/\/media.husbilenfrida.se\/2019\/05\/0f-DSC05710-300x200.jpg 300w, https:\/\/media.husbilenfrida.se\/2019\/05\/0f-DSC05710-768x513.jpg 768w, https:\/\/media.husbilenfrida.se\/2019\/05\/0f-DSC05710-1200x801.jpg 1200w\" sizes=\"(max-width: 709px) 85vw, (max-width: 909px) 67vw, (max-width: 1362px) 62vw, 840px\" \/><\/a><\/figure>\n\n\n\n<p>Fika med goda mackor med bl.a. stekt \u00e4gg satt fint i den h\u00e4rliga f\u00f6rsommargr\u00f6nskan.<\/p>\n\n\n\n<figure class=\"wp-block-image is-resized\"><a href=\"http:\/\/media.husbilenfrida.se\/2019\/05\/0g-DSC05711.jpg\"><img decoding=\"async\" src=\"http:\/\/media.husbilenfrida.se\/2019\/05\/0g-DSC05711-1024x684.jpg\" alt=\"\" class=\"wp-image-3248\" width=\"600\" srcset=\"https:\/\/media.husbilenfrida.se\/2019\/05\/0g-DSC05711-1024x684.jpg 1024w, https:\/\/media.husbilenfrida.se\/2019\/05\/0g-DSC05711-300x200.jpg 300w, https:\/\/media.husbilenfrida.se\/2019\/05\/0g-DSC05711-768x513.jpg 768w, https:\/\/media.husbilenfrida.se\/2019\/05\/0g-DSC05711-1200x801.jpg 1200w\" sizes=\"(max-width: 709px) 85vw, (max-width: 909px) 67vw, (max-width: 1362px) 62vw, 840px\" \/><\/a><\/figure>\n\n\n\n<figure class=\"wp-block-image is-resized\"><a href=\"http:\/\/media.husbilenfrida.se\/2019\/05\/0h-DSC05722.jpg\"><img decoding=\"async\" src=\"http:\/\/media.husbilenfrida.se\/2019\/05\/0h-DSC05722-1024x684.jpg\" alt=\"\" class=\"wp-image-3249\" width=\"600\" srcset=\"https:\/\/media.husbilenfrida.se\/2019\/05\/0h-DSC05722-1024x684.jpg 1024w, https:\/\/media.husbilenfrida.se\/2019\/05\/0h-DSC05722-300x200.jpg 300w, https:\/\/media.husbilenfrida.se\/2019\/05\/0h-DSC05722-768x513.jpg 768w, https:\/\/media.husbilenfrida.se\/2019\/05\/0h-DSC05722-1200x801.jpg 1200w\" sizes=\"(max-width: 709px) 85vw, (max-width: 909px) 67vw, (max-width: 1362px) 62vw, 840px\" \/><\/a><\/figure>\n\n\n","protected":false},"excerpt":{"rendered":"<p>Vi \u00e5kte fr\u00e5n N\u00e4vekvarn f\u00f6r att ta f\u00e4rjan \u00f6ver Br\u00e5viken mot Blomsterm\u00e5la och till v\u00e5r f\u00f6rv\u00e5ning fick vi vid f\u00e4rjel\u00e4get se den, i Sverige, ovanliga Praktejdern. F\u00f6rekomst i Sverige (fr\u00e5n Wikipedia):Arten \u00e4r ovanlig i Sverige, men ses regelbundet under perioden mars till maj.\u00a0Den ses oftast i flockar med vanlig ejder men p\u00e5\u00a0Gotland\u00a0observerades 1986 en ren &hellip; <a href=\"https:\/\/husbilenfrida.se\/?p=3236\" class=\"more-link\">Forts\u00e4tt l\u00e4sa<span class=\"screen-reader-text\"> \u201d190511 &#038; 12 Blomsterm\u00e5la och vidare till St R\u00f6r, \u00d6land.\u201d<\/span><\/a><\/p>\n","protected":false},"author":1,"featured_media":0,"comment_status":"open","ping_status":"closed","sticky":false,"template":"","format":"standard","meta":{"footnotes":""},"categories":[1],"tags":[],"class_list":["post-3236","post","type-post","status-publish","format-standard","hentry","category-uncategorized"],"_links":{"self":[{"href":"https:\/\/husbilenfrida.se\/index.php?rest_route=\/wp\/v2\/posts\/3236","targetHints":{"allow":["GET"]}}],"collection":[{"href":"https:\/\/husbilenfrida.se\/index.php?rest_route=\/wp\/v2\/posts"}],"about":[{"href":"https:\/\/husbilenfrida.se\/index.php?rest_route=\/wp\/v2\/types\/post"}],"author":[{"embeddable":true,"href":"https:\/\/husbilenfrida.se\/index.php?rest_route=\/wp\/v2\/users\/1"}],"replies":[{"embeddable":true,"href":"https:\/\/husbilenfrida.se\/index.php?rest_route=%2Fwp%2Fv2%2Fcomments&post=3236"}],"version-history":[{"count":5,"href":"https:\/\/husbilenfrida.se\/index.php?rest_route=\/wp\/v2\/posts\/3236\/revisions"}],"predecessor-version":[{"id":3255,"href":"https:\/\/husbilenfrida.se\/index.php?rest_route=\/wp\/v2\/posts\/3236\/revisions\/3255"}],"wp:attachment":[{"href":"https:\/\/husbilenfrida.se\/index.php?rest_route=%2Fwp%2Fv2%2Fmedia&parent=3236"}],"wp:term":[{"taxonomy":"category","embeddable":true,"href":"https:\/\/husbilenfrida.se\/index.php?rest_route=%2Fwp%2Fv2%2Fcategories&post=3236"},{"taxonomy":"post_tag","embeddable":true,"href":"https:\/\/husbilenfrida.se\/index.php?rest_route=%2Fwp%2Fv2%2Ftags&post=3236"}],"curies":[{"name":"wp","href":"https:\/\/api.w.org\/{rel}","templated":true}]}}