{"id":3203,"date":"2019-05-10T15:05:52","date_gmt":"2019-05-10T15:05:52","guid":{"rendered":"http:\/\/husbilenfrida.se\/?p=3203"},"modified":"2019-05-10T15:43:25","modified_gmt":"2019-05-10T15:43:25","slug":"190510-frida-ute-pa-nya-aventyr-navekvarn","status":"publish","type":"post","link":"https:\/\/husbilenfrida.se\/?p=3203","title":{"rendered":"190510 Nu \u00e4r Frida ute p\u00e5 nya \u00e4ventyr, N\u00e4vekvarn&#8230;"},"content":{"rendered":"\n<figure class=\"wp-block-image is-resized\"><a href=\"http:\/\/media.husbilenfrida.se\/2019\/05\/Na\u0308vekvarn-1.png\"><img decoding=\"async\" src=\"http:\/\/media.husbilenfrida.se\/2019\/05\/Na\u0308vekvarn-1-1024x952.png\" alt=\"\" class=\"wp-image-3204\" width=\"600\" srcset=\"https:\/\/media.husbilenfrida.se\/2019\/05\/Na\u0308vekvarn-1-1024x952.png 1024w, https:\/\/media.husbilenfrida.se\/2019\/05\/Na\u0308vekvarn-1-300x279.png 300w, https:\/\/media.husbilenfrida.se\/2019\/05\/Na\u0308vekvarn-1-768x714.png 768w, https:\/\/media.husbilenfrida.se\/2019\/05\/Na\u0308vekvarn-1-1200x1115.png 1200w, https:\/\/media.husbilenfrida.se\/2019\/05\/Na\u0308vekvarn-1.png 1416w\" sizes=\"(max-width: 709px) 85vw, (max-width: 909px) 67vw, (max-width: 1362px) 62vw, 840px\" \/><\/a><\/figure>\n\n\n\n<p>Efter ett par veckors &#8221;hemmafix&#8221; s\u00e5 rullar Frida igen&#8230;<\/p>\n\n\n\n<figure class=\"wp-block-image is-resized\"><a href=\"http:\/\/media.husbilenfrida.se\/2019\/05\/0-DSC01498.jpg\"><img decoding=\"async\" src=\"http:\/\/media.husbilenfrida.se\/2019\/05\/0-DSC01498-1024x683.jpg\" alt=\"\" class=\"wp-image-3206\" width=\"600\" srcset=\"https:\/\/media.husbilenfrida.se\/2019\/05\/0-DSC01498.jpg 1024w, https:\/\/media.husbilenfrida.se\/2019\/05\/0-DSC01498-300x200.jpg 300w, https:\/\/media.husbilenfrida.se\/2019\/05\/0-DSC01498-768x512.jpg 768w\" sizes=\"(max-width: 709px) 85vw, (max-width: 909px) 67vw, (max-width: 1362px) 62vw, 840px\" \/><\/a><\/figure>\n\n\n\n<p>Dagens etappm\u00e5l blev fina N\u00e4vekvarn vid Br\u00e5viken&#8230;<\/p>\n\n\n\n<figure class=\"wp-block-image is-resized\"><a href=\"http:\/\/media.husbilenfrida.se\/2019\/05\/0a-DSC05639.jpg\"><img decoding=\"async\" src=\"http:\/\/media.husbilenfrida.se\/2019\/05\/0a-DSC05639-1024x642.jpg\" alt=\"\" class=\"wp-image-3208\" width=\"600\" srcset=\"https:\/\/media.husbilenfrida.se\/2019\/05\/0a-DSC05639.jpg 1024w, https:\/\/media.husbilenfrida.se\/2019\/05\/0a-DSC05639-300x188.jpg 300w, https:\/\/media.husbilenfrida.se\/2019\/05\/0a-DSC05639-768x482.jpg 768w\" sizes=\"(max-width: 709px) 85vw, (max-width: 909px) 67vw, (max-width: 1362px) 62vw, 840px\" \/><\/a><\/figure>\n\n\n\n<p>En sp\u00e5ng\/bro ut till en \u00f6, den s\u00e5g inbjudande ut och visade sig vara en del av S\u00f6rmlandsleden&#8230;<\/p>\n\n\n\n<figure class=\"wp-block-image is-resized\"><a href=\"http:\/\/media.husbilenfrida.se\/2019\/05\/0b-DSC05642.jpg\"><img decoding=\"async\" src=\"http:\/\/media.husbilenfrida.se\/2019\/05\/0b-DSC05642-1024x684.jpg\" alt=\"\" class=\"wp-image-3210\" width=\"600\" srcset=\"https:\/\/media.husbilenfrida.se\/2019\/05\/0b-DSC05642.jpg 1024w, https:\/\/media.husbilenfrida.se\/2019\/05\/0b-DSC05642-300x200.jpg 300w, https:\/\/media.husbilenfrida.se\/2019\/05\/0b-DSC05642-768x513.jpg 768w\" sizes=\"(max-width: 709px) 85vw, (max-width: 909px) 67vw, (max-width: 1362px) 62vw, 840px\" \/><\/a><\/figure>\n\n\n\n<p>&#8230; aha, det \u00e4r h\u00e4r \u00c4lvorna bor!<\/p>\n\n\n\n<figure class=\"wp-block-image is-resized\"><a href=\"http:\/\/media.husbilenfrida.se\/2019\/05\/0c-DSC05647.jpg\"><img decoding=\"async\" src=\"http:\/\/media.husbilenfrida.se\/2019\/05\/0c-DSC05647-1024x684.jpg\" alt=\"\" class=\"wp-image-3212\" width=\"600\" srcset=\"https:\/\/media.husbilenfrida.se\/2019\/05\/0c-DSC05647.jpg 1024w, https:\/\/media.husbilenfrida.se\/2019\/05\/0c-DSC05647-300x200.jpg 300w, https:\/\/media.husbilenfrida.se\/2019\/05\/0c-DSC05647-768x513.jpg 768w\" sizes=\"(max-width: 709px) 85vw, (max-width: 909px) 67vw, (max-width: 1362px) 62vw, 840px\" \/><\/a><\/figure>\n\n\n\n<p>V\u00e5r spaning resulterade inte i n\u00e5got m\u00f6te med \u00c4lvor men n\u00e5got som<\/p>\n\n\n\n<figure class=\"wp-block-image is-resized\"><a href=\"http:\/\/media.husbilenfrida.se\/2019\/05\/1-DSC01518.jpg\"><img decoding=\"async\" src=\"http:\/\/media.husbilenfrida.se\/2019\/05\/1-DSC01518-1024x645.jpg\" alt=\"\" class=\"wp-image-3213\" width=\"600\" srcset=\"https:\/\/media.husbilenfrida.se\/2019\/05\/1-DSC01518.jpg 1024w, https:\/\/media.husbilenfrida.se\/2019\/05\/1-DSC01518-300x189.jpg 300w, https:\/\/media.husbilenfrida.se\/2019\/05\/1-DSC01518-768x484.jpg 768w\" sizes=\"(max-width: 709px) 85vw, (max-width: 909px) 67vw, (max-width: 1362px) 62vw, 840px\" \/><\/a><\/figure>\n\n\n\n<p>visade sig minst lika himmelskt: Ejdrar! Vi har saknat deras mjuka kuttrande l\u00e4te de g\u00e5nger vi har varit ute i sk\u00e4rg\u00e5rden de senaste \u00e5ren. Hoppas att de f\u00e5r m\u00e5nga livskraftiga kullar i \u00e5r! Att f\u00e5 se gudingar \u00e4r ocks\u00e5 extra trevligt &#8211; de hade ju oftast f\u00f6rsvunnit ut till havs p\u00e5 den tiden vi seglade i sk\u00e4rg\u00e5rden under somrarna.<\/p>\n\n\n\n<figure class=\"wp-block-image is-resized\"><a href=\"http:\/\/media.husbilenfrida.se\/2019\/05\/1-DSC01519.jpg\"><img decoding=\"async\" src=\"http:\/\/media.husbilenfrida.se\/2019\/05\/1-DSC01519-683x1024.jpg\" alt=\"\" class=\"wp-image-3215\" height=\"600\" srcset=\"https:\/\/media.husbilenfrida.se\/2019\/05\/1-DSC01519-683x1024.jpg 683w, https:\/\/media.husbilenfrida.se\/2019\/05\/1-DSC01519-200x300.jpg 200w, https:\/\/media.husbilenfrida.se\/2019\/05\/1-DSC01519-768x1152.jpg 768w, https:\/\/media.husbilenfrida.se\/2019\/05\/1-DSC01519.jpg 1024w\" sizes=\"(max-width: 709px) 85vw, (max-width: 909px) 67vw, (max-width: 984px) 61vw, (max-width: 1362px) 45vw, 600px\" \/><\/a><\/figure>\n\n\n\n<figure class=\"wp-block-image is-resized\"><a href=\"http:\/\/media.husbilenfrida.se\/2019\/05\/1-DSC05643.jpg\"><img decoding=\"async\" src=\"http:\/\/media.husbilenfrida.se\/2019\/05\/1-DSC05643-1024x685.jpg\" alt=\"\" class=\"wp-image-3217\" width=\"600\" srcset=\"https:\/\/media.husbilenfrida.se\/2019\/05\/1-DSC05643.jpg 1024w, https:\/\/media.husbilenfrida.se\/2019\/05\/1-DSC05643-300x201.jpg 300w, https:\/\/media.husbilenfrida.se\/2019\/05\/1-DSC05643-768x514.jpg 768w\" sizes=\"(max-width: 709px) 85vw, (max-width: 909px) 67vw, (max-width: 1362px) 62vw, 840px\" \/><\/a><\/figure>\n\n\n\n<p>H\u00e4ggen b\u00f6rjar blomma och vi kunde ana doften.<\/p>\n\n\n\n<figure class=\"wp-block-image is-resized\"><a href=\"http:\/\/media.husbilenfrida.se\/2019\/05\/1-DSC05644.jpg\"><img decoding=\"async\" src=\"http:\/\/media.husbilenfrida.se\/2019\/05\/1-DSC05644-1024x684.jpg\" alt=\"\" class=\"wp-image-3218\" width=\"600\" srcset=\"https:\/\/media.husbilenfrida.se\/2019\/05\/1-DSC05644.jpg 1024w, https:\/\/media.husbilenfrida.se\/2019\/05\/1-DSC05644-300x200.jpg 300w, https:\/\/media.husbilenfrida.se\/2019\/05\/1-DSC05644-768x513.jpg 768w\" sizes=\"(max-width: 709px) 85vw, (max-width: 909px) 67vw, (max-width: 1362px) 62vw, 840px\" \/><\/a><\/figure>\n\n\n\n<p>En b\u00e5t som minner om svunna tider d\u00e5 fisket var en viktig inkomstk\u00e4lla, vid sidan om arbetet p\u00e5 bruket, i omr\u00e5det.<\/p>\n\n\n\n<p><\/p>\n\n\n\n<figure class=\"wp-block-image is-resized\"><a href=\"http:\/\/media.husbilenfrida.se\/2019\/05\/1-DSC05651.jpg\"><img decoding=\"async\" src=\"http:\/\/media.husbilenfrida.se\/2019\/05\/1-DSC05651-1024x684.jpg\" alt=\"\" class=\"wp-image-3219\" width=\"600\" srcset=\"https:\/\/media.husbilenfrida.se\/2019\/05\/1-DSC05651.jpg 1024w, https:\/\/media.husbilenfrida.se\/2019\/05\/1-DSC05651-300x200.jpg 300w, https:\/\/media.husbilenfrida.se\/2019\/05\/1-DSC05651-768x513.jpg 768w\" sizes=\"(max-width: 709px) 85vw, (max-width: 909px) 67vw, (max-width: 1362px) 62vw, 840px\" \/><\/a><\/figure>\n\n\n\n<figure class=\"wp-block-image is-resized\"><a href=\"http:\/\/media.husbilenfrida.se\/2019\/05\/1-DSC05652.jpg\"><img decoding=\"async\" src=\"http:\/\/media.husbilenfrida.se\/2019\/05\/1-DSC05652-1024x684.jpg\" alt=\"\" class=\"wp-image-3221\" width=\"600\" srcset=\"https:\/\/media.husbilenfrida.se\/2019\/05\/1-DSC05652.jpg 1024w, https:\/\/media.husbilenfrida.se\/2019\/05\/1-DSC05652-300x200.jpg 300w, https:\/\/media.husbilenfrida.se\/2019\/05\/1-DSC05652-768x513.jpg 768w\" sizes=\"(max-width: 709px) 85vw, (max-width: 909px) 67vw, (max-width: 1362px) 62vw, 840px\" \/><\/a><\/figure>\n\n\n\n<figure class=\"wp-block-image is-resized\"><a href=\"http:\/\/media.husbilenfrida.se\/2019\/05\/1-DSC05657.jpg\"><img decoding=\"async\" src=\"http:\/\/media.husbilenfrida.se\/2019\/05\/1-DSC05657-1024x684.jpg\" alt=\"\" class=\"wp-image-3223\" width=\"600\" srcset=\"https:\/\/media.husbilenfrida.se\/2019\/05\/1-DSC05657.jpg 1024w, https:\/\/media.husbilenfrida.se\/2019\/05\/1-DSC05657-300x200.jpg 300w, https:\/\/media.husbilenfrida.se\/2019\/05\/1-DSC05657-768x513.jpg 768w\" sizes=\"(max-width: 709px) 85vw, (max-width: 909px) 67vw, (max-width: 1362px) 62vw, 840px\" \/><\/a><\/figure>\n\n\n\n<figure class=\"wp-block-image is-resized\"><a href=\"http:\/\/media.husbilenfrida.se\/2019\/05\/1-DSC05659.jpg\"><img decoding=\"async\" src=\"http:\/\/media.husbilenfrida.se\/2019\/05\/1-DSC05659-1024x684.jpg\" alt=\"\" class=\"wp-image-3225\" width=\"600\" srcset=\"https:\/\/media.husbilenfrida.se\/2019\/05\/1-DSC05659.jpg 1024w, https:\/\/media.husbilenfrida.se\/2019\/05\/1-DSC05659-300x200.jpg 300w, https:\/\/media.husbilenfrida.se\/2019\/05\/1-DSC05659-768x513.jpg 768w\" sizes=\"(max-width: 709px) 85vw, (max-width: 909px) 67vw, (max-width: 1362px) 62vw, 840px\" \/><\/a><\/figure>\n\n\n\n<figure class=\"wp-block-image is-resized\"><a href=\"http:\/\/media.husbilenfrida.se\/2019\/05\/1-DSC05663.jpg\"><img decoding=\"async\" src=\"http:\/\/media.husbilenfrida.se\/2019\/05\/1-DSC05663-1024x684.jpg\" alt=\"\" class=\"wp-image-3227\" width=\"600\" srcset=\"https:\/\/media.husbilenfrida.se\/2019\/05\/1-DSC05663.jpg 1024w, https:\/\/media.husbilenfrida.se\/2019\/05\/1-DSC05663-300x200.jpg 300w, https:\/\/media.husbilenfrida.se\/2019\/05\/1-DSC05663-768x513.jpg 768w\" sizes=\"(max-width: 709px) 85vw, (max-width: 909px) 67vw, (max-width: 1362px) 62vw, 840px\" \/><\/a><\/figure>\n\n\n\n<figure class=\"wp-block-image is-resized\"><a href=\"http:\/\/media.husbilenfrida.se\/2019\/05\/1-DSC05665.jpg\"><img decoding=\"async\" src=\"http:\/\/media.husbilenfrida.se\/2019\/05\/1-DSC05665-1024x684.jpg\" alt=\"\" class=\"wp-image-3228\" width=\"600\" srcset=\"https:\/\/media.husbilenfrida.se\/2019\/05\/1-DSC05665.jpg 1024w, https:\/\/media.husbilenfrida.se\/2019\/05\/1-DSC05665-300x200.jpg 300w, https:\/\/media.husbilenfrida.se\/2019\/05\/1-DSC05665-768x513.jpg 768w\" sizes=\"(max-width: 709px) 85vw, (max-width: 909px) 67vw, (max-width: 1362px) 62vw, 840px\" \/><\/a><\/figure>\n","protected":false},"excerpt":{"rendered":"<p>Efter ett par veckors &#8221;hemmafix&#8221; s\u00e5 rullar Frida igen&#8230; Dagens etappm\u00e5l blev fina N\u00e4vekvarn vid Br\u00e5viken&#8230; En sp\u00e5ng\/bro ut till en \u00f6, den s\u00e5g inbjudande ut och visade sig vara en del av S\u00f6rmlandsleden&#8230; &#8230; aha, det \u00e4r h\u00e4r \u00c4lvorna bor! V\u00e5r spaning resulterade inte i n\u00e5got m\u00f6te med \u00c4lvor men n\u00e5got som visade sig &hellip; <a href=\"https:\/\/husbilenfrida.se\/?p=3203\" class=\"more-link\">Forts\u00e4tt l\u00e4sa<span class=\"screen-reader-text\"> \u201d190510 Nu \u00e4r Frida ute p\u00e5 nya \u00e4ventyr, N\u00e4vekvarn&#8230;\u201d<\/span><\/a><\/p>\n","protected":false},"author":1,"featured_media":0,"comment_status":"open","ping_status":"closed","sticky":false,"template":"","format":"standard","meta":{"footnotes":""},"categories":[1],"tags":[],"class_list":["post-3203","post","type-post","status-publish","format-standard","hentry","category-uncategorized"],"_links":{"self":[{"href":"https:\/\/husbilenfrida.se\/index.php?rest_route=\/wp\/v2\/posts\/3203","targetHints":{"allow":["GET"]}}],"collection":[{"href":"https:\/\/husbilenfrida.se\/index.php?rest_route=\/wp\/v2\/posts"}],"about":[{"href":"https:\/\/husbilenfrida.se\/index.php?rest_route=\/wp\/v2\/types\/post"}],"author":[{"embeddable":true,"href":"https:\/\/husbilenfrida.se\/index.php?rest_route=\/wp\/v2\/users\/1"}],"replies":[{"embeddable":true,"href":"https:\/\/husbilenfrida.se\/index.php?rest_route=%2Fwp%2Fv2%2Fcomments&post=3203"}],"version-history":[{"count":16,"href":"https:\/\/husbilenfrida.se\/index.php?rest_route=\/wp\/v2\/posts\/3203\/revisions"}],"predecessor-version":[{"id":3235,"href":"https:\/\/husbilenfrida.se\/index.php?rest_route=\/wp\/v2\/posts\/3203\/revisions\/3235"}],"wp:attachment":[{"href":"https:\/\/husbilenfrida.se\/index.php?rest_route=%2Fwp%2Fv2%2Fmedia&parent=3203"}],"wp:term":[{"taxonomy":"category","embeddable":true,"href":"https:\/\/husbilenfrida.se\/index.php?rest_route=%2Fwp%2Fv2%2Fcategories&post=3203"},{"taxonomy":"post_tag","embeddable":true,"href":"https:\/\/husbilenfrida.se\/index.php?rest_route=%2Fwp%2Fv2%2Ftags&post=3203"}],"curies":[{"name":"wp","href":"https:\/\/api.w.org\/{rel}","templated":true}]}}