{"id":320,"date":"2017-12-20T14:54:41","date_gmt":"2017-12-20T14:54:41","guid":{"rendered":"http:\/\/husbilenfrida.se\/?p=320"},"modified":"2018-01-01T12:57:53","modified_gmt":"2018-01-01T12:57:53","slug":"170821-askersund","status":"publish","type":"post","link":"https:\/\/husbilenfrida.se\/?p=320","title":{"rendered":"170821 Askersund"},"content":{"rendered":"<p><span style=\"font-family: arial, helvetica, sans-serif;\"><strong>En mulen dag vid fina st\u00e4llplatsen i Askersund.<br \/>\n<\/strong>(Klicka p\u00e5 bilderna f\u00f6r f\u00f6rstoring)<\/span><\/p>\n<p><a href=\"http:\/\/media.husbilenfrida.se\/2017\/12\/1-1024-DSC02636.jpg\"><img loading=\"lazy\" decoding=\"async\" class=\"aligncenter wp-image-323\" src=\"http:\/\/media.husbilenfrida.se\/2017\/12\/1-1024-DSC02636-200x300.jpg\" alt=\"\" width=\"400\" height=\"600\" srcset=\"https:\/\/media.husbilenfrida.se\/2017\/12\/1-1024-DSC02636-200x300.jpg 200w, https:\/\/media.husbilenfrida.se\/2017\/12\/1-1024-DSC02636.jpg 683w\" sizes=\"auto, (max-width: 400px) 85vw, 400px\" \/><\/a>Bilder fr\u00e5n promenaden innan vi startade f\u00e4rden hem\u00e5t.<a href=\"http:\/\/media.husbilenfrida.se\/2017\/12\/1-1024-DSC02639.jpg\"><img loading=\"lazy\" decoding=\"async\" class=\"alignnone wp-image-324\" src=\"http:\/\/media.husbilenfrida.se\/2017\/12\/1-1024-DSC02639-300x200.jpg\" alt=\"\" width=\"600\" height=\"400\" srcset=\"https:\/\/media.husbilenfrida.se\/2017\/12\/1-1024-DSC02639-300x200.jpg 300w, https:\/\/media.husbilenfrida.se\/2017\/12\/1-1024-DSC02639-768x512.jpg 768w, https:\/\/media.husbilenfrida.se\/2017\/12\/1-1024-DSC02639.jpg 1024w\" sizes=\"auto, (max-width: 709px) 85vw, (max-width: 909px) 67vw, (max-width: 984px) 61vw, (max-width: 1362px) 45vw, 600px\" \/><\/a><\/p>\n<p><a href=\"http:\/\/media.husbilenfrida.se\/2017\/12\/1-1024-DSC02634.jpg\"><img loading=\"lazy\" decoding=\"async\" class=\"alignnone wp-image-321\" src=\"http:\/\/media.husbilenfrida.se\/2017\/12\/1-1024-DSC02634-300x200.jpg\" alt=\"\" width=\"600\" height=\"400\" srcset=\"https:\/\/media.husbilenfrida.se\/2017\/12\/1-1024-DSC02634-300x200.jpg 300w, https:\/\/media.husbilenfrida.se\/2017\/12\/1-1024-DSC02634-768x512.jpg 768w, https:\/\/media.husbilenfrida.se\/2017\/12\/1-1024-DSC02634.jpg 1024w\" sizes=\"auto, (max-width: 709px) 85vw, (max-width: 909px) 67vw, (max-width: 984px) 61vw, (max-width: 1362px) 45vw, 600px\" \/><br \/>\n<\/a> <a href=\"http:\/\/media.husbilenfrida.se\/2017\/12\/1-1024-DSC02635.jpg\"><img loading=\"lazy\" decoding=\"async\" class=\"alignnone wp-image-322\" src=\"http:\/\/media.husbilenfrida.se\/2017\/12\/1-1024-DSC02635-300x200.jpg\" alt=\"\" width=\"600\" height=\"400\" srcset=\"https:\/\/media.husbilenfrida.se\/2017\/12\/1-1024-DSC02635-300x200.jpg 300w, https:\/\/media.husbilenfrida.se\/2017\/12\/1-1024-DSC02635-768x512.jpg 768w, https:\/\/media.husbilenfrida.se\/2017\/12\/1-1024-DSC02635.jpg 1024w\" sizes=\"auto, (max-width: 709px) 85vw, (max-width: 909px) 67vw, (max-width: 984px) 61vw, (max-width: 1362px) 45vw, 600px\" \/><\/a><\/p>\n","protected":false},"excerpt":{"rendered":"<p>En mulen dag vid fina st\u00e4llplatsen i Askersund. (Klicka p\u00e5 bilderna f\u00f6r f\u00f6rstoring) Bilder fr\u00e5n promenaden innan vi startade f\u00e4rden hem\u00e5t.<\/p>\n","protected":false},"author":1,"featured_media":0,"comment_status":"open","ping_status":"closed","sticky":false,"template":"","format":"standard","meta":{"footnotes":""},"categories":[1],"tags":[],"class_list":["post-320","post","type-post","status-publish","format-standard","hentry","category-uncategorized"],"_links":{"self":[{"href":"https:\/\/husbilenfrida.se\/index.php?rest_route=\/wp\/v2\/posts\/320","targetHints":{"allow":["GET"]}}],"collection":[{"href":"https:\/\/husbilenfrida.se\/index.php?rest_route=\/wp\/v2\/posts"}],"about":[{"href":"https:\/\/husbilenfrida.se\/index.php?rest_route=\/wp\/v2\/types\/post"}],"author":[{"embeddable":true,"href":"https:\/\/husbilenfrida.se\/index.php?rest_route=\/wp\/v2\/users\/1"}],"replies":[{"embeddable":true,"href":"https:\/\/husbilenfrida.se\/index.php?rest_route=%2Fwp%2Fv2%2Fcomments&post=320"}],"version-history":[{"count":5,"href":"https:\/\/husbilenfrida.se\/index.php?rest_route=\/wp\/v2\/posts\/320\/revisions"}],"predecessor-version":[{"id":801,"href":"https:\/\/husbilenfrida.se\/index.php?rest_route=\/wp\/v2\/posts\/320\/revisions\/801"}],"wp:attachment":[{"href":"https:\/\/husbilenfrida.se\/index.php?rest_route=%2Fwp%2Fv2%2Fmedia&parent=320"}],"wp:term":[{"taxonomy":"category","embeddable":true,"href":"https:\/\/husbilenfrida.se\/index.php?rest_route=%2Fwp%2Fv2%2Fcategories&post=320"},{"taxonomy":"post_tag","embeddable":true,"href":"https:\/\/husbilenfrida.se\/index.php?rest_route=%2Fwp%2Fv2%2Ftags&post=320"}],"curies":[{"name":"wp","href":"https:\/\/api.w.org\/{rel}","templated":true}]}}