{"id":2229,"date":"2018-09-29T16:42:09","date_gmt":"2018-09-29T16:42:09","guid":{"rendered":"http:\/\/husbilenfrida.se\/?p=2229"},"modified":"2018-10-11T17:58:51","modified_gmt":"2018-10-11T17:58:51","slug":"180929-ernst-moseldalen","status":"publish","type":"post","link":"https:\/\/husbilenfrida.se\/?p=2229","title":{"rendered":"180929 Ernst (Moseldalen)"},"content":{"rendered":"<p>Vi vaknade till \u00e4nnu en dimmig morgon men som vanligt l\u00e4ttade dimman av solens v\u00e4rme.<a href=\"http:\/\/media.husbilenfrida.se\/2018\/09\/0-DSC04926.jpg\"><img loading=\"lazy\" decoding=\"async\" class=\"aligncenter wp-image-2237\" src=\"http:\/\/media.husbilenfrida.se\/2018\/09\/0-DSC04926-200x300.jpg\" alt=\"\" width=\"400\" height=\"600\" srcset=\"https:\/\/media.husbilenfrida.se\/2018\/09\/0-DSC04926-200x300.jpg 200w, https:\/\/media.husbilenfrida.se\/2018\/09\/0-DSC04926-768x1152.jpg 768w, https:\/\/media.husbilenfrida.se\/2018\/09\/0-DSC04926-683x1024.jpg 683w, https:\/\/media.husbilenfrida.se\/2018\/09\/0-DSC04926.jpg 1000w\" sizes=\"auto, (max-width: 400px) 85vw, 400px\" \/><\/a><\/p>\n<p><a href=\"http:\/\/media.husbilenfrida.se\/2018\/09\/1-DSC04920.jpg\"><img loading=\"lazy\" decoding=\"async\" class=\"alignnone wp-image-2238\" src=\"http:\/\/media.husbilenfrida.se\/2018\/09\/1-DSC04920-300x200.jpg\" alt=\"\" width=\"600\" height=\"400\" srcset=\"https:\/\/media.husbilenfrida.se\/2018\/09\/1-DSC04920-300x200.jpg 300w, https:\/\/media.husbilenfrida.se\/2018\/09\/1-DSC04920-768x512.jpg 768w, https:\/\/media.husbilenfrida.se\/2018\/09\/1-DSC04920-1024x683.jpg 1024w, https:\/\/media.husbilenfrida.se\/2018\/09\/1-DSC04920-1200x800.jpg 1200w, https:\/\/media.husbilenfrida.se\/2018\/09\/1-DSC04920.jpg 1500w\" sizes=\"auto, (max-width: 709px) 85vw, (max-width: 909px) 67vw, (max-width: 984px) 61vw, (max-width: 1362px) 45vw, 600px\" \/><\/a><\/p>\n<p><a href=\"http:\/\/media.husbilenfrida.se\/2018\/09\/2-DSC04919.jpg\"><img loading=\"lazy\" decoding=\"async\" class=\"alignnone wp-image-2239\" src=\"http:\/\/media.husbilenfrida.se\/2018\/09\/2-DSC04919-300x200.jpg\" alt=\"\" width=\"600\" height=\"400\" srcset=\"https:\/\/media.husbilenfrida.se\/2018\/09\/2-DSC04919-300x200.jpg 300w, https:\/\/media.husbilenfrida.se\/2018\/09\/2-DSC04919-768x512.jpg 768w, https:\/\/media.husbilenfrida.se\/2018\/09\/2-DSC04919-1024x683.jpg 1024w, https:\/\/media.husbilenfrida.se\/2018\/09\/2-DSC04919-1200x800.jpg 1200w, https:\/\/media.husbilenfrida.se\/2018\/09\/2-DSC04919.jpg 1500w\" sizes=\"auto, (max-width: 709px) 85vw, (max-width: 909px) 67vw, (max-width: 984px) 61vw, (max-width: 1362px) 45vw, 600px\" \/><\/a><\/p>\n<p><a href=\"http:\/\/media.husbilenfrida.se\/2018\/09\/3-DSC04922.jpg\"><img loading=\"lazy\" decoding=\"async\" class=\"alignnone wp-image-2240\" src=\"http:\/\/media.husbilenfrida.se\/2018\/09\/3-DSC04922-300x200.jpg\" alt=\"\" width=\"600\" height=\"400\" srcset=\"https:\/\/media.husbilenfrida.se\/2018\/09\/3-DSC04922-300x200.jpg 300w, https:\/\/media.husbilenfrida.se\/2018\/09\/3-DSC04922-768x512.jpg 768w, https:\/\/media.husbilenfrida.se\/2018\/09\/3-DSC04922-1024x683.jpg 1024w, https:\/\/media.husbilenfrida.se\/2018\/09\/3-DSC04922-1200x800.jpg 1200w, https:\/\/media.husbilenfrida.se\/2018\/09\/3-DSC04922.jpg 1500w\" sizes=\"auto, (max-width: 709px) 85vw, (max-width: 909px) 67vw, (max-width: 984px) 61vw, (max-width: 1362px) 45vw, 600px\" \/><\/a><\/p>\n<p>Vinfesten vi letade efter ig\u00e5r visade sig vara i Ellenz grannby Poltersdorf. Dit gick dagens cykeltur.<a href=\"http:\/\/media.husbilenfrida.se\/2018\/09\/5-DSC04928.jpg\"><img loading=\"lazy\" decoding=\"async\" class=\"alignnone wp-image-2241\" src=\"http:\/\/media.husbilenfrida.se\/2018\/09\/5-DSC04928-300x200.jpg\" alt=\"\" width=\"600\" height=\"400\" srcset=\"https:\/\/media.husbilenfrida.se\/2018\/09\/5-DSC04928-300x200.jpg 300w, https:\/\/media.husbilenfrida.se\/2018\/09\/5-DSC04928-768x512.jpg 768w, https:\/\/media.husbilenfrida.se\/2018\/09\/5-DSC04928-1024x683.jpg 1024w, https:\/\/media.husbilenfrida.se\/2018\/09\/5-DSC04928-1200x800.jpg 1200w, https:\/\/media.husbilenfrida.se\/2018\/09\/5-DSC04928.jpg 1500w\" sizes=\"auto, (max-width: 709px) 85vw, (max-width: 909px) 67vw, (max-width: 984px) 61vw, (max-width: 1362px) 45vw, 600px\" \/><\/a><\/p>\n<p>Pumpor p\u00e5minner om Sk\u00f6rdefesten p\u00e5 \u00d6land som ocks\u00e5 \u00e4r den h\u00e4r helgen &#8211; den missar vi i \u00e5r &#8211; men att strosa h\u00e4r i solen och v\u00e4rmen \u00e4r minst lika mysigt.<a href=\"http:\/\/media.husbilenfrida.se\/2018\/09\/5-DSC04938.jpg\"><img loading=\"lazy\" decoding=\"async\" class=\"alignnone wp-image-2242\" src=\"http:\/\/media.husbilenfrida.se\/2018\/09\/5-DSC04938-300x200.jpg\" alt=\"\" width=\"600\" height=\"400\" srcset=\"https:\/\/media.husbilenfrida.se\/2018\/09\/5-DSC04938-300x200.jpg 300w, https:\/\/media.husbilenfrida.se\/2018\/09\/5-DSC04938-768x512.jpg 768w, https:\/\/media.husbilenfrida.se\/2018\/09\/5-DSC04938-1024x683.jpg 1024w, https:\/\/media.husbilenfrida.se\/2018\/09\/5-DSC04938-1200x800.jpg 1200w, https:\/\/media.husbilenfrida.se\/2018\/09\/5-DSC04938.jpg 1500w\" sizes=\"auto, (max-width: 709px) 85vw, (max-width: 909px) 67vw, (max-width: 984px) 61vw, (max-width: 1362px) 45vw, 600px\" \/><\/a><\/p>\n<p>Kommersen var i full g\u00e5ng med hantverk och knallar och att f\u00e5 k\u00f6pa valn\u00f6tter av glada skolbarn var trevligt.<a href=\"http:\/\/media.husbilenfrida.se\/2018\/09\/5-DSC04940.jpg\"><img loading=\"lazy\" decoding=\"async\" class=\"alignnone wp-image-2243\" src=\"http:\/\/media.husbilenfrida.se\/2018\/09\/5-DSC04940-300x200.jpg\" alt=\"\" width=\"600\" height=\"400\" srcset=\"https:\/\/media.husbilenfrida.se\/2018\/09\/5-DSC04940-300x200.jpg 300w, https:\/\/media.husbilenfrida.se\/2018\/09\/5-DSC04940-768x512.jpg 768w, https:\/\/media.husbilenfrida.se\/2018\/09\/5-DSC04940-1024x683.jpg 1024w, https:\/\/media.husbilenfrida.se\/2018\/09\/5-DSC04940-1200x800.jpg 1200w, https:\/\/media.husbilenfrida.se\/2018\/09\/5-DSC04940.jpg 1500w\" sizes=\"auto, (max-width: 709px) 85vw, (max-width: 909px) 67vw, (max-width: 984px) 61vw, (max-width: 1362px) 45vw, 600px\" \/><\/a><\/p>\n<p>Hela byn var i farten och umg\u00e4nget grannar och v\u00e4nner emellan var livligt. och glatt.<a href=\"http:\/\/media.husbilenfrida.se\/2018\/09\/5-DSC04948.jpg\"><img loading=\"lazy\" decoding=\"async\" class=\"alignnone wp-image-2244\" src=\"http:\/\/media.husbilenfrida.se\/2018\/09\/5-DSC04948-300x200.jpg\" alt=\"\" width=\"600\" height=\"400\" srcset=\"https:\/\/media.husbilenfrida.se\/2018\/09\/5-DSC04948-300x200.jpg 300w, https:\/\/media.husbilenfrida.se\/2018\/09\/5-DSC04948-768x512.jpg 768w, https:\/\/media.husbilenfrida.se\/2018\/09\/5-DSC04948-1024x683.jpg 1024w, https:\/\/media.husbilenfrida.se\/2018\/09\/5-DSC04948-1200x800.jpg 1200w, https:\/\/media.husbilenfrida.se\/2018\/09\/5-DSC04948.jpg 1500w\" sizes=\"auto, (max-width: 709px) 85vw, (max-width: 909px) 67vw, (max-width: 984px) 61vw, (max-width: 1362px) 45vw, 600px\" \/><\/a><\/p>\n<p><a href=\"http:\/\/media.husbilenfrida.se\/2018\/09\/5-DSC04950.jpg\"><img loading=\"lazy\" decoding=\"async\" class=\"alignnone wp-image-2245\" src=\"http:\/\/media.husbilenfrida.se\/2018\/09\/5-DSC04950-300x200.jpg\" alt=\"\" width=\"600\" height=\"400\" srcset=\"https:\/\/media.husbilenfrida.se\/2018\/09\/5-DSC04950-300x200.jpg 300w, https:\/\/media.husbilenfrida.se\/2018\/09\/5-DSC04950-768x512.jpg 768w, https:\/\/media.husbilenfrida.se\/2018\/09\/5-DSC04950-1024x683.jpg 1024w, https:\/\/media.husbilenfrida.se\/2018\/09\/5-DSC04950-1200x800.jpg 1200w, https:\/\/media.husbilenfrida.se\/2018\/09\/5-DSC04950.jpg 1500w\" sizes=\"auto, (max-width: 709px) 85vw, (max-width: 909px) 67vw, (max-width: 984px) 61vw, (max-width: 1362px) 45vw, 600px\" \/><\/a><\/p>\n<p><a href=\"http:\/\/media.husbilenfrida.se\/2018\/09\/5-DSC04954.jpg\"><img loading=\"lazy\" decoding=\"async\" class=\"alignnone wp-image-2246\" src=\"http:\/\/media.husbilenfrida.se\/2018\/09\/5-DSC04954-300x200.jpg\" alt=\"\" width=\"600\" height=\"400\" srcset=\"https:\/\/media.husbilenfrida.se\/2018\/09\/5-DSC04954-300x200.jpg 300w, https:\/\/media.husbilenfrida.se\/2018\/09\/5-DSC04954-768x512.jpg 768w, https:\/\/media.husbilenfrida.se\/2018\/09\/5-DSC04954-1024x683.jpg 1024w, https:\/\/media.husbilenfrida.se\/2018\/09\/5-DSC04954-1200x800.jpg 1200w, https:\/\/media.husbilenfrida.se\/2018\/09\/5-DSC04954.jpg 1500w\" sizes=\"auto, (max-width: 709px) 85vw, (max-width: 909px) 67vw, (max-width: 984px) 61vw, (max-width: 1362px) 45vw, 600px\" \/><\/a><\/p>\n<p>Ja s\u00e5 m\u00e5ste vi ha lite i magen &#8211; och p\u00e5 n\u00e5got s\u00e4tt g\u00e5r det alltid att g\u00f6ra sig f\u00f6rst\u00e5dd \u00e4ven om det \u00e4r si och s\u00e5 med tyskan.<a href=\"http:\/\/media.husbilenfrida.se\/2018\/09\/5-DSC04958.jpg\"><img loading=\"lazy\" decoding=\"async\" class=\"alignnone wp-image-2247\" src=\"http:\/\/media.husbilenfrida.se\/2018\/09\/5-DSC04958-300x200.jpg\" alt=\"\" width=\"600\" height=\"400\" srcset=\"https:\/\/media.husbilenfrida.se\/2018\/09\/5-DSC04958-300x200.jpg 300w, https:\/\/media.husbilenfrida.se\/2018\/09\/5-DSC04958-768x512.jpg 768w, https:\/\/media.husbilenfrida.se\/2018\/09\/5-DSC04958-1024x683.jpg 1024w, https:\/\/media.husbilenfrida.se\/2018\/09\/5-DSC04958-1200x800.jpg 1200w, https:\/\/media.husbilenfrida.se\/2018\/09\/5-DSC04958.jpg 1500w\" sizes=\"auto, (max-width: 709px) 85vw, (max-width: 909px) 67vw, (max-width: 984px) 61vw, (max-width: 1362px) 45vw, 600px\" \/><\/a><\/p>\n<p>Det blev en j\u00e4ttegod marinerad och grillad k\u00f6ttbit med l\u00f6ksky och potatissallad!\u00a0<a href=\"http:\/\/media.husbilenfrida.se\/2018\/09\/5-DSC04963.jpg\"><img loading=\"lazy\" decoding=\"async\" class=\"aligncenter wp-image-2248\" src=\"http:\/\/media.husbilenfrida.se\/2018\/09\/5-DSC04963-293x300.jpg\" alt=\"\" width=\"586\" height=\"600\" srcset=\"https:\/\/media.husbilenfrida.se\/2018\/09\/5-DSC04963-293x300.jpg 293w, https:\/\/media.husbilenfrida.se\/2018\/09\/5-DSC04963-768x787.jpg 768w, https:\/\/media.husbilenfrida.se\/2018\/09\/5-DSC04963-999x1024.jpg 999w, https:\/\/media.husbilenfrida.se\/2018\/09\/5-DSC04963-1200x1230.jpg 1200w, https:\/\/media.husbilenfrida.se\/2018\/09\/5-DSC04963.jpg 1464w\" sizes=\"auto, (max-width: 586px) 85vw, 586px\" \/><\/a><\/p>\n<p>Efter lunchen gick vi till n\u00e4sta vinbonde och provade vinet d\u00e4r &#8211; ost och vindruvor smakade fint till.<a href=\"http:\/\/media.husbilenfrida.se\/2018\/09\/5-DSC04973.jpg\"><img loading=\"lazy\" decoding=\"async\" class=\"alignnone wp-image-2249\" src=\"http:\/\/media.husbilenfrida.se\/2018\/09\/5-DSC04973-300x200.jpg\" alt=\"\" width=\"600\" height=\"400\" srcset=\"https:\/\/media.husbilenfrida.se\/2018\/09\/5-DSC04973-300x200.jpg 300w, https:\/\/media.husbilenfrida.se\/2018\/09\/5-DSC04973-768x512.jpg 768w, https:\/\/media.husbilenfrida.se\/2018\/09\/5-DSC04973-1024x683.jpg 1024w, https:\/\/media.husbilenfrida.se\/2018\/09\/5-DSC04973-1200x800.jpg 1200w, https:\/\/media.husbilenfrida.se\/2018\/09\/5-DSC04973.jpg 1500w\" sizes=\"auto, (max-width: 709px) 85vw, (max-width: 909px) 67vw, (max-width: 984px) 61vw, (max-width: 1362px) 45vw, 600px\" \/><\/a><\/p>\n<p><a href=\"http:\/\/media.husbilenfrida.se\/2018\/09\/5-DSC04974.jpg\"><img loading=\"lazy\" decoding=\"async\" class=\"alignnone wp-image-2250\" src=\"http:\/\/media.husbilenfrida.se\/2018\/09\/5-DSC04974-300x200.jpg\" alt=\"\" width=\"600\" height=\"400\" srcset=\"https:\/\/media.husbilenfrida.se\/2018\/09\/5-DSC04974-300x200.jpg 300w, https:\/\/media.husbilenfrida.se\/2018\/09\/5-DSC04974-768x512.jpg 768w, https:\/\/media.husbilenfrida.se\/2018\/09\/5-DSC04974-1024x683.jpg 1024w, https:\/\/media.husbilenfrida.se\/2018\/09\/5-DSC04974-1200x800.jpg 1200w, https:\/\/media.husbilenfrida.se\/2018\/09\/5-DSC04974.jpg 1500w\" sizes=\"auto, (max-width: 709px) 85vw, (max-width: 909px) 67vw, (max-width: 984px) 61vw, (max-width: 1362px) 45vw, 600px\" \/><\/a><\/p>\n<p><a href=\"http:\/\/media.husbilenfrida.se\/2018\/09\/5-DSC04977.jpg\"><img loading=\"lazy\" decoding=\"async\" class=\"alignnone wp-image-2251\" src=\"http:\/\/media.husbilenfrida.se\/2018\/09\/5-DSC04977-300x200.jpg\" alt=\"\" width=\"600\" height=\"400\" srcset=\"https:\/\/media.husbilenfrida.se\/2018\/09\/5-DSC04977-300x200.jpg 300w, https:\/\/media.husbilenfrida.se\/2018\/09\/5-DSC04977-768x512.jpg 768w, https:\/\/media.husbilenfrida.se\/2018\/09\/5-DSC04977-1024x683.jpg 1024w, https:\/\/media.husbilenfrida.se\/2018\/09\/5-DSC04977-1200x800.jpg 1200w, https:\/\/media.husbilenfrida.se\/2018\/09\/5-DSC04977.jpg 1500w\" sizes=\"auto, (max-width: 709px) 85vw, (max-width: 909px) 67vw, (max-width: 984px) 61vw, (max-width: 1362px) 45vw, 600px\" \/><\/a><\/p>\n<p>Lite traditionell tysk umpa, pumpa musik h\u00f6r till en vin- och gatufest. Men de hade en bred repertoar och n\u00e4r de spelade &#8221;Gabriellas Song&#8221; blev vi\u00a0 positivt \u00f6verraskade.<br \/>\n<a href=\"https:\/\/youtu.be\/JWG2sVManpY\">S\u00e5r h\u00e4r l\u00e4t det&#8230;<\/a><br \/>\n<a href=\"http:\/\/media.husbilenfrida.se\/2018\/09\/5-DSC04985.jpg\"><img loading=\"lazy\" decoding=\"async\" class=\"alignnone wp-image-2252\" src=\"http:\/\/media.husbilenfrida.se\/2018\/09\/5-DSC04985-300x200.jpg\" alt=\"\" width=\"600\" height=\"400\" srcset=\"https:\/\/media.husbilenfrida.se\/2018\/09\/5-DSC04985-300x200.jpg 300w, https:\/\/media.husbilenfrida.se\/2018\/09\/5-DSC04985-768x512.jpg 768w, https:\/\/media.husbilenfrida.se\/2018\/09\/5-DSC04985-1024x683.jpg 1024w, https:\/\/media.husbilenfrida.se\/2018\/09\/5-DSC04985-1200x800.jpg 1200w, https:\/\/media.husbilenfrida.se\/2018\/09\/5-DSC04985.jpg 1500w\" sizes=\"auto, (max-width: 709px) 85vw, (max-width: 909px) 67vw, (max-width: 984px) 61vw, (max-width: 1362px) 45vw, 600px\" \/><\/a><\/p>\n<p>Kaffe och en smarrig t\u00e5rtbit slank sen ner hos n\u00e4sta vinbonde.<a href=\"http:\/\/media.husbilenfrida.se\/2018\/09\/5-DSC04998.jpg\"><img loading=\"lazy\" decoding=\"async\" class=\"aligncenter wp-image-2254\" src=\"http:\/\/media.husbilenfrida.se\/2018\/09\/5-DSC04998-265x300.jpg\" alt=\"\" width=\"530\" height=\"600\" srcset=\"https:\/\/media.husbilenfrida.se\/2018\/09\/5-DSC04998-265x300.jpg 265w, https:\/\/media.husbilenfrida.se\/2018\/09\/5-DSC04998-768x869.jpg 768w, https:\/\/media.husbilenfrida.se\/2018\/09\/5-DSC04998-905x1024.jpg 905w, https:\/\/media.husbilenfrida.se\/2018\/09\/5-DSC04998-1200x1358.jpg 1200w, https:\/\/media.husbilenfrida.se\/2018\/09\/5-DSC04998.jpg 1325w\" sizes=\"auto, (max-width: 530px) 85vw, 530px\" \/><\/a><\/p>\n<p>Ja, sen var det dags att sl\u00e4cka t\u00f6rsten hos en fj\u00e4rde vinbonde &#8211; vi m\u00e5ste ju styrka oss innan cykelturen tillbaka till Ernst! Men f\u00f6rst lite mer umpa bumpamusik &#8211; \u00e4ven den h\u00e4r orkestern hade en trevlig repertoar och leddes av en taktfast dam.<a href=\"http:\/\/media.husbilenfrida.se\/2018\/09\/5-DSC05006.jpg\"><img loading=\"lazy\" decoding=\"async\" class=\"aligncenter wp-image-2255\" src=\"http:\/\/media.husbilenfrida.se\/2018\/09\/5-DSC05006-226x300.jpg\" alt=\"\" width=\"452\" height=\"600\" srcset=\"https:\/\/media.husbilenfrida.se\/2018\/09\/5-DSC05006-226x300.jpg 226w, https:\/\/media.husbilenfrida.se\/2018\/09\/5-DSC05006-768x1020.jpg 768w, https:\/\/media.husbilenfrida.se\/2018\/09\/5-DSC05006-771x1024.jpg 771w, https:\/\/media.husbilenfrida.se\/2018\/09\/5-DSC05006.jpg 1129w\" sizes=\"auto, (max-width: 452px) 85vw, 452px\" \/><\/a><a href=\"http:\/\/media.husbilenfrida.se\/2018\/09\/5-DSC04993.jpg\"><img loading=\"lazy\" decoding=\"async\" class=\"alignnone wp-image-2253\" src=\"http:\/\/media.husbilenfrida.se\/2018\/09\/5-DSC04993-300x202.jpg\" alt=\"\" width=\"600\" height=\"404\" srcset=\"https:\/\/media.husbilenfrida.se\/2018\/09\/5-DSC04993-300x202.jpg 300w, https:\/\/media.husbilenfrida.se\/2018\/09\/5-DSC04993-768x517.jpg 768w, https:\/\/media.husbilenfrida.se\/2018\/09\/5-DSC04993-1024x689.jpg 1024w, https:\/\/media.husbilenfrida.se\/2018\/09\/5-DSC04993-1200x807.jpg 1200w, https:\/\/media.husbilenfrida.se\/2018\/09\/5-DSC04993.jpg 1500w\" sizes=\"auto, (max-width: 709px) 85vw, (max-width: 909px) 67vw, (max-width: 984px) 61vw, (max-width: 1362px) 45vw, 600px\" \/><\/a><\/p>\n<p><a href=\"http:\/\/media.husbilenfrida.se\/2018\/09\/5-DSC05009.jpg\"><img loading=\"lazy\" decoding=\"async\" class=\"alignnone wp-image-2256\" src=\"http:\/\/media.husbilenfrida.se\/2018\/09\/5-DSC05009-300x200.jpg\" alt=\"\" width=\"600\" height=\"400\" srcset=\"https:\/\/media.husbilenfrida.se\/2018\/09\/5-DSC05009-300x200.jpg 300w, https:\/\/media.husbilenfrida.se\/2018\/09\/5-DSC05009-768x512.jpg 768w, https:\/\/media.husbilenfrida.se\/2018\/09\/5-DSC05009-1024x683.jpg 1024w, https:\/\/media.husbilenfrida.se\/2018\/09\/5-DSC05009-1200x800.jpg 1200w, https:\/\/media.husbilenfrida.se\/2018\/09\/5-DSC05009.jpg 1500w\" sizes=\"auto, (max-width: 709px) 85vw, (max-width: 909px) 67vw, (max-width: 984px) 61vw, (max-width: 1362px) 45vw, 600px\" \/><\/a><\/p>\n<p><a href=\"http:\/\/media.husbilenfrida.se\/2018\/09\/5-DSC05012.jpg\"><img loading=\"lazy\" decoding=\"async\" class=\"alignnone wp-image-2257\" src=\"http:\/\/media.husbilenfrida.se\/2018\/09\/5-DSC05012-300x200.jpg\" alt=\"\" width=\"600\" height=\"400\" srcset=\"https:\/\/media.husbilenfrida.se\/2018\/09\/5-DSC05012-300x200.jpg 300w, https:\/\/media.husbilenfrida.se\/2018\/09\/5-DSC05012-768x512.jpg 768w, https:\/\/media.husbilenfrida.se\/2018\/09\/5-DSC05012-1024x683.jpg 1024w, https:\/\/media.husbilenfrida.se\/2018\/09\/5-DSC05012-1200x800.jpg 1200w, https:\/\/media.husbilenfrida.se\/2018\/09\/5-DSC05012.jpg 1500w\" sizes=\"auto, (max-width: 709px) 85vw, (max-width: 909px) 67vw, (max-width: 984px) 61vw, (max-width: 1362px) 45vw, 600px\" \/><\/a>F\u00f6r er som undrar s\u00e5 kom vi,\u00a0 m\u00e4tta och bel\u00e5tna, v\u00e4lbeh\u00e5llna tillbaka till Frida.<\/p>\n","protected":false},"excerpt":{"rendered":"<p>Vi vaknade till \u00e4nnu en dimmig morgon men som vanligt l\u00e4ttade dimman av solens v\u00e4rme. Vinfesten vi letade efter ig\u00e5r visade sig vara i Ellenz grannby Poltersdorf. Dit gick dagens cykeltur. Pumpor p\u00e5minner om Sk\u00f6rdefesten p\u00e5 \u00d6land som ocks\u00e5 \u00e4r den h\u00e4r helgen &#8211; den missar vi i \u00e5r &#8211; men att strosa h\u00e4r i &hellip; <a href=\"https:\/\/husbilenfrida.se\/?p=2229\" class=\"more-link\">Forts\u00e4tt l\u00e4sa<span class=\"screen-reader-text\"> \u201d180929 Ernst (Moseldalen)\u201d<\/span><\/a><\/p>\n","protected":false},"author":1,"featured_media":0,"comment_status":"open","ping_status":"closed","sticky":false,"template":"","format":"standard","meta":{"footnotes":""},"categories":[1],"tags":[],"class_list":["post-2229","post","type-post","status-publish","format-standard","hentry","category-uncategorized"],"_links":{"self":[{"href":"https:\/\/husbilenfrida.se\/index.php?rest_route=\/wp\/v2\/posts\/2229","targetHints":{"allow":["GET"]}}],"collection":[{"href":"https:\/\/husbilenfrida.se\/index.php?rest_route=\/wp\/v2\/posts"}],"about":[{"href":"https:\/\/husbilenfrida.se\/index.php?rest_route=\/wp\/v2\/types\/post"}],"author":[{"embeddable":true,"href":"https:\/\/husbilenfrida.se\/index.php?rest_route=\/wp\/v2\/users\/1"}],"replies":[{"embeddable":true,"href":"https:\/\/husbilenfrida.se\/index.php?rest_route=%2Fwp%2Fv2%2Fcomments&post=2229"}],"version-history":[{"count":20,"href":"https:\/\/husbilenfrida.se\/index.php?rest_route=\/wp\/v2\/posts\/2229\/revisions"}],"predecessor-version":[{"id":2516,"href":"https:\/\/husbilenfrida.se\/index.php?rest_route=\/wp\/v2\/posts\/2229\/revisions\/2516"}],"wp:attachment":[{"href":"https:\/\/husbilenfrida.se\/index.php?rest_route=%2Fwp%2Fv2%2Fmedia&parent=2229"}],"wp:term":[{"taxonomy":"category","embeddable":true,"href":"https:\/\/husbilenfrida.se\/index.php?rest_route=%2Fwp%2Fv2%2Fcategories&post=2229"},{"taxonomy":"post_tag","embeddable":true,"href":"https:\/\/husbilenfrida.se\/index.php?rest_route=%2Fwp%2Fv2%2Ftags&post=2229"}],"curies":[{"name":"wp","href":"https:\/\/api.w.org\/{rel}","templated":true}]}}