{"id":2041,"date":"2018-09-25T15:18:18","date_gmt":"2018-09-25T15:18:18","guid":{"rendered":"http:\/\/husbilenfrida.se\/?p=2041"},"modified":"2018-10-11T18:23:01","modified_gmt":"2018-10-11T18:23:01","slug":"180924-trier-moseldalen","status":"publish","type":"post","link":"https:\/\/husbilenfrida.se\/?p=2041","title":{"rendered":"180924 Trier (Moseldalen)"},"content":{"rendered":"<p><a href=\"http:\/\/media.husbilenfrida.se\/2018\/09\/0-Triel.png\"><img loading=\"lazy\" decoding=\"async\" class=\"alignnone wp-image-2042\" src=\"http:\/\/media.husbilenfrida.se\/2018\/09\/0-Triel-300x171.png\" alt=\"\" width=\"600\" height=\"341\" srcset=\"https:\/\/media.husbilenfrida.se\/2018\/09\/0-Triel-300x171.png 300w, https:\/\/media.husbilenfrida.se\/2018\/09\/0-Triel-768x437.png 768w, https:\/\/media.husbilenfrida.se\/2018\/09\/0-Triel-1024x582.png 1024w, https:\/\/media.husbilenfrida.se\/2018\/09\/0-Triel-1200x682.png 1200w, https:\/\/media.husbilenfrida.se\/2018\/09\/0-Triel.png 1484w\" sizes=\"auto, (max-width: 709px) 85vw, (max-width: 909px) 67vw, (max-width: 984px) 61vw, (max-width: 1362px) 45vw, 600px\" \/><\/a><\/p>\n<p>Efter en regnig och bl\u00e5sig s\u00f6ndag vaknade vi till ett str\u00e5lande solsken.<a href=\"http:\/\/media.husbilenfrida.se\/2018\/09\/1-DSC04593.jpg\"><img loading=\"lazy\" decoding=\"async\" class=\"alignnone wp-image-2043\" src=\"http:\/\/media.husbilenfrida.se\/2018\/09\/1-DSC04593-300x200.jpg\" alt=\"\" width=\"600\" height=\"400\" srcset=\"https:\/\/media.husbilenfrida.se\/2018\/09\/1-DSC04593-300x200.jpg 300w, https:\/\/media.husbilenfrida.se\/2018\/09\/1-DSC04593-768x512.jpg 768w, https:\/\/media.husbilenfrida.se\/2018\/09\/1-DSC04593-1024x683.jpg 1024w, https:\/\/media.husbilenfrida.se\/2018\/09\/1-DSC04593-1200x800.jpg 1200w, https:\/\/media.husbilenfrida.se\/2018\/09\/1-DSC04593.jpg 1500w\" sizes=\"auto, (max-width: 709px) 85vw, (max-width: 909px) 67vw, (max-width: 984px) 61vw, (max-width: 1362px) 45vw, 600px\" \/><\/a><\/p>\n<p><a href=\"http:\/\/media.husbilenfrida.se\/2018\/09\/1-DSC04596.jpg\"><img loading=\"lazy\" decoding=\"async\" class=\"alignnone wp-image-2044\" src=\"http:\/\/media.husbilenfrida.se\/2018\/09\/1-DSC04596-300x200.jpg\" alt=\"\" width=\"600\" height=\"400\" srcset=\"https:\/\/media.husbilenfrida.se\/2018\/09\/1-DSC04596-300x200.jpg 300w, https:\/\/media.husbilenfrida.se\/2018\/09\/1-DSC04596-768x512.jpg 768w, https:\/\/media.husbilenfrida.se\/2018\/09\/1-DSC04596-1024x683.jpg 1024w, https:\/\/media.husbilenfrida.se\/2018\/09\/1-DSC04596-1200x800.jpg 1200w, https:\/\/media.husbilenfrida.se\/2018\/09\/1-DSC04596.jpg 1500w\" sizes=\"auto, (max-width: 709px) 85vw, (max-width: 909px) 67vw, (max-width: 984px) 61vw, (max-width: 1362px) 45vw, 600px\" \/><\/a><\/p>\n<p><a href=\"http:\/\/media.husbilenfrida.se\/2018\/09\/1-DSC04599.jpg\"><img loading=\"lazy\" decoding=\"async\" class=\"alignnone wp-image-2045\" src=\"http:\/\/media.husbilenfrida.se\/2018\/09\/1-DSC04599-300x200.jpg\" alt=\"\" width=\"600\" height=\"400\" srcset=\"https:\/\/media.husbilenfrida.se\/2018\/09\/1-DSC04599-300x200.jpg 300w, https:\/\/media.husbilenfrida.se\/2018\/09\/1-DSC04599-768x512.jpg 768w, https:\/\/media.husbilenfrida.se\/2018\/09\/1-DSC04599-1024x683.jpg 1024w, https:\/\/media.husbilenfrida.se\/2018\/09\/1-DSC04599-1200x800.jpg 1200w, https:\/\/media.husbilenfrida.se\/2018\/09\/1-DSC04599.jpg 1500w\" sizes=\"auto, (max-width: 709px) 85vw, (max-width: 909px) 67vw, (max-width: 984px) 61vw, (max-width: 1362px) 45vw, 600px\" \/><\/a><\/p>\n<p>Dagens m\u00e5l var den gamla staden, Trier. \u2013Ett &#8221;m\u00e5ste&#8221; att se i Trier \u00e4r Romerbr\u00fccke &#8211; Tysklands \u00e4ldsta bro\u00a0med en bas fr\u00e5n 100-talet av stenp\u00e5lverk djupt inb\u00e4ddade i flodb\u00e4dden. Dess valv och k\u00f6rbana byggdes av r\u00f6da tegelstenar p\u00e5 1700-talet, d\u00e5 bron fungerade som entr\u00e9 till staden.<a href=\"http:\/\/media.husbilenfrida.se\/2018\/09\/1-DSC04603.jpg\"><img loading=\"lazy\" decoding=\"async\" class=\"alignnone wp-image-2046\" src=\"http:\/\/media.husbilenfrida.se\/2018\/09\/1-DSC04603-300x200.jpg\" alt=\"\" width=\"600\" height=\"400\" srcset=\"https:\/\/media.husbilenfrida.se\/2018\/09\/1-DSC04603-300x200.jpg 300w, https:\/\/media.husbilenfrida.se\/2018\/09\/1-DSC04603-768x512.jpg 768w, https:\/\/media.husbilenfrida.se\/2018\/09\/1-DSC04603-1024x683.jpg 1024w, https:\/\/media.husbilenfrida.se\/2018\/09\/1-DSC04603-1200x800.jpg 1200w, https:\/\/media.husbilenfrida.se\/2018\/09\/1-DSC04603.jpg 1500w\" sizes=\"auto, (max-width: 709px) 85vw, (max-width: 909px) 67vw, (max-width: 984px) 61vw, (max-width: 1362px) 45vw, 600px\" \/><\/a><\/p>\n<p>Fr\u00e5n kr\u00f6net p\u00e5 Romerbr\u00fccke.<a href=\"http:\/\/media.husbilenfrida.se\/2018\/09\/1-DSC04605.jpg\"><img loading=\"lazy\" decoding=\"async\" class=\"alignnone wp-image-2047\" src=\"http:\/\/media.husbilenfrida.se\/2018\/09\/1-DSC04605-300x200.jpg\" alt=\"\" width=\"600\" height=\"400\" srcset=\"https:\/\/media.husbilenfrida.se\/2018\/09\/1-DSC04605-300x200.jpg 300w, https:\/\/media.husbilenfrida.se\/2018\/09\/1-DSC04605-768x512.jpg 768w, https:\/\/media.husbilenfrida.se\/2018\/09\/1-DSC04605-1024x683.jpg 1024w, https:\/\/media.husbilenfrida.se\/2018\/09\/1-DSC04605-1200x800.jpg 1200w, https:\/\/media.husbilenfrida.se\/2018\/09\/1-DSC04605.jpg 1500w\" sizes=\"auto, (max-width: 709px) 85vw, (max-width: 909px) 67vw, (max-width: 984px) 61vw, (max-width: 1362px) 45vw, 600px\" \/><\/a><\/p>\n<p><a href=\"http:\/\/media.husbilenfrida.se\/2018\/09\/1-DSC04606.jpg\"><img loading=\"lazy\" decoding=\"async\" class=\"alignnone wp-image-2048\" src=\"http:\/\/media.husbilenfrida.se\/2018\/09\/1-DSC04606-300x200.jpg\" alt=\"\" width=\"600\" height=\"400\" srcset=\"https:\/\/media.husbilenfrida.se\/2018\/09\/1-DSC04606-300x200.jpg 300w, https:\/\/media.husbilenfrida.se\/2018\/09\/1-DSC04606-768x512.jpg 768w, https:\/\/media.husbilenfrida.se\/2018\/09\/1-DSC04606-1024x683.jpg 1024w, https:\/\/media.husbilenfrida.se\/2018\/09\/1-DSC04606-1200x800.jpg 1200w, https:\/\/media.husbilenfrida.se\/2018\/09\/1-DSC04606.jpg 1500w\" sizes=\"auto, (max-width: 709px) 85vw, (max-width: 909px) 67vw, (max-width: 984px) 61vw, (max-width: 1362px) 45vw, 600px\" \/><\/a><\/p>\n<p><a href=\"http:\/\/media.husbilenfrida.se\/2018\/09\/1-DSC04608.jpg\"><img loading=\"lazy\" decoding=\"async\" class=\"alignnone wp-image-2049\" src=\"http:\/\/media.husbilenfrida.se\/2018\/09\/1-DSC04608-300x200.jpg\" alt=\"\" width=\"600\" height=\"400\" srcset=\"https:\/\/media.husbilenfrida.se\/2018\/09\/1-DSC04608-300x200.jpg 300w, https:\/\/media.husbilenfrida.se\/2018\/09\/1-DSC04608-768x512.jpg 768w, https:\/\/media.husbilenfrida.se\/2018\/09\/1-DSC04608-1024x683.jpg 1024w, https:\/\/media.husbilenfrida.se\/2018\/09\/1-DSC04608.jpg 1094w\" sizes=\"auto, (max-width: 709px) 85vw, (max-width: 909px) 67vw, (max-width: 984px) 61vw, (max-width: 1362px) 45vw, 600px\" \/><\/a><\/p>\n<p>Karl Marx f\u00f6ddes i Trier 1818 f\u00f6r 100 \u00e5r sedan. H\u00e4r \u00e4r &#8221;Karl Marx house&#8221;.<a href=\"http:\/\/media.husbilenfrida.se\/2018\/09\/1-DSC04612.jpg\"><img loading=\"lazy\" decoding=\"async\" class=\"alignnone wp-image-2050\" src=\"http:\/\/media.husbilenfrida.se\/2018\/09\/1-DSC04612-300x200.jpg\" alt=\"\" width=\"600\" height=\"400\" srcset=\"https:\/\/media.husbilenfrida.se\/2018\/09\/1-DSC04612-300x200.jpg 300w, https:\/\/media.husbilenfrida.se\/2018\/09\/1-DSC04612-768x512.jpg 768w, https:\/\/media.husbilenfrida.se\/2018\/09\/1-DSC04612-1024x683.jpg 1024w, https:\/\/media.husbilenfrida.se\/2018\/09\/1-DSC04612-1200x800.jpg 1200w, https:\/\/media.husbilenfrida.se\/2018\/09\/1-DSC04612.jpg 1500w\" sizes=\"auto, (max-width: 709px) 85vw, (max-width: 909px) 67vw, (max-width: 984px) 61vw, (max-width: 1362px) 45vw, 600px\" \/><\/a><\/p>\n<p><a href=\"http:\/\/media.husbilenfrida.se\/2018\/09\/1-DSC04613.jpg\"><img loading=\"lazy\" decoding=\"async\" class=\"aligncenter wp-image-2051\" src=\"http:\/\/media.husbilenfrida.se\/2018\/09\/1-DSC04613-254x300.jpg\" alt=\"\" width=\"508\" height=\"600\" srcset=\"https:\/\/media.husbilenfrida.se\/2018\/09\/1-DSC04613-254x300.jpg 254w, https:\/\/media.husbilenfrida.se\/2018\/09\/1-DSC04613-768x908.jpg 768w, https:\/\/media.husbilenfrida.se\/2018\/09\/1-DSC04613-866x1024.jpg 866w, https:\/\/media.husbilenfrida.se\/2018\/09\/1-DSC04613-1200x1418.jpg 1200w, https:\/\/media.husbilenfrida.se\/2018\/09\/1-DSC04613.jpg 1269w\" sizes=\"auto, (max-width: 508px) 85vw, 508px\" \/><\/a><\/p>\n<p><a href=\"http:\/\/media.husbilenfrida.se\/2018\/09\/1-DSC04614.jpg\"><img loading=\"lazy\" decoding=\"async\" class=\"aligncenter wp-image-2052\" src=\"http:\/\/media.husbilenfrida.se\/2018\/09\/1-DSC04614-219x300.jpg\" alt=\"\" width=\"439\" height=\"600\" srcset=\"https:\/\/media.husbilenfrida.se\/2018\/09\/1-DSC04614-219x300.jpg 219w, https:\/\/media.husbilenfrida.se\/2018\/09\/1-DSC04614-768x1050.jpg 768w, https:\/\/media.husbilenfrida.se\/2018\/09\/1-DSC04614-749x1024.jpg 749w, https:\/\/media.husbilenfrida.se\/2018\/09\/1-DSC04614.jpg 1097w\" sizes=\"auto, (max-width: 439px) 85vw, 439px\" \/><\/a> <a href=\"http:\/\/media.husbilenfrida.se\/2018\/09\/1-DSC04615.jpg\"><img loading=\"lazy\" decoding=\"async\" class=\"alignnone wp-image-2053\" src=\"http:\/\/media.husbilenfrida.se\/2018\/09\/1-DSC04615-300x200.jpg\" alt=\"\" width=\"600\" height=\"400\" srcset=\"https:\/\/media.husbilenfrida.se\/2018\/09\/1-DSC04615-300x200.jpg 300w, https:\/\/media.husbilenfrida.se\/2018\/09\/1-DSC04615-768x512.jpg 768w, https:\/\/media.husbilenfrida.se\/2018\/09\/1-DSC04615-1024x683.jpg 1024w, https:\/\/media.husbilenfrida.se\/2018\/09\/1-DSC04615-1200x800.jpg 1200w, https:\/\/media.husbilenfrida.se\/2018\/09\/1-DSC04615.jpg 1500w\" sizes=\"auto, (max-width: 709px) 85vw, (max-width: 909px) 67vw, (max-width: 984px) 61vw, (max-width: 1362px) 45vw, 600px\" \/><\/a><\/p>\n<p>Gatudekorationer i Trier.<a href=\"http:\/\/media.husbilenfrida.se\/2018\/09\/1-DSC04623.jpg\"><img loading=\"lazy\" decoding=\"async\" class=\"alignnone wp-image-2054\" src=\"http:\/\/media.husbilenfrida.se\/2018\/09\/1-DSC04623-300x200.jpg\" alt=\"\" width=\"600\" height=\"400\" srcset=\"https:\/\/media.husbilenfrida.se\/2018\/09\/1-DSC04623-300x200.jpg 300w, https:\/\/media.husbilenfrida.se\/2018\/09\/1-DSC04623-768x512.jpg 768w, https:\/\/media.husbilenfrida.se\/2018\/09\/1-DSC04623-1024x683.jpg 1024w, https:\/\/media.husbilenfrida.se\/2018\/09\/1-DSC04623-1200x800.jpg 1200w, https:\/\/media.husbilenfrida.se\/2018\/09\/1-DSC04623.jpg 1500w\" sizes=\"auto, (max-width: 709px) 85vw, (max-width: 909px) 67vw, (max-width: 984px) 61vw, (max-width: 1362px) 45vw, 600px\" \/><\/a><\/p>\n<p><a href=\"http:\/\/media.husbilenfrida.se\/2018\/09\/1-DSC04626.jpg\"><img loading=\"lazy\" decoding=\"async\" class=\"alignnone wp-image-2055\" src=\"http:\/\/media.husbilenfrida.se\/2018\/09\/1-DSC04626-300x200.jpg\" alt=\"\" width=\"600\" height=\"400\" srcset=\"https:\/\/media.husbilenfrida.se\/2018\/09\/1-DSC04626-300x200.jpg 300w, https:\/\/media.husbilenfrida.se\/2018\/09\/1-DSC04626-768x512.jpg 768w, https:\/\/media.husbilenfrida.se\/2018\/09\/1-DSC04626-1024x683.jpg 1024w, https:\/\/media.husbilenfrida.se\/2018\/09\/1-DSC04626-1200x800.jpg 1200w, https:\/\/media.husbilenfrida.se\/2018\/09\/1-DSC04626.jpg 1500w\" sizes=\"auto, (max-width: 709px) 85vw, (max-width: 909px) 67vw, (max-width: 984px) 61vw, (max-width: 1362px) 45vw, 600px\" \/><\/a><\/p>\n<p>Delar av &#8221;Moselgruppen&#8221; samlad i Trier.<br \/>\n<a href=\"http:\/\/media.husbilenfrida.se\/2018\/09\/1-DSC04640.jpg\"><img loading=\"lazy\" decoding=\"async\" class=\"alignnone wp-image-2056\" src=\"http:\/\/media.husbilenfrida.se\/2018\/09\/1-DSC04640-300x200.jpg\" alt=\"\" width=\"600\" height=\"400\" srcset=\"https:\/\/media.husbilenfrida.se\/2018\/09\/1-DSC04640-300x200.jpg 300w, https:\/\/media.husbilenfrida.se\/2018\/09\/1-DSC04640-768x512.jpg 768w, https:\/\/media.husbilenfrida.se\/2018\/09\/1-DSC04640-1024x683.jpg 1024w, https:\/\/media.husbilenfrida.se\/2018\/09\/1-DSC04640-1200x800.jpg 1200w\" sizes=\"auto, (max-width: 709px) 85vw, (max-width: 909px) 67vw, (max-width: 984px) 61vw, (max-width: 1362px) 45vw, 600px\" \/><\/a><\/p>\n<p><a href=\"http:\/\/media.husbilenfrida.se\/2018\/09\/1-DSC04644.jpg\"><img loading=\"lazy\" decoding=\"async\" class=\"alignnone wp-image-2057\" src=\"http:\/\/media.husbilenfrida.se\/2018\/09\/1-DSC04644-300x200.jpg\" alt=\"\" width=\"600\" height=\"400\" srcset=\"https:\/\/media.husbilenfrida.se\/2018\/09\/1-DSC04644-300x200.jpg 300w, https:\/\/media.husbilenfrida.se\/2018\/09\/1-DSC04644-768x512.jpg 768w, https:\/\/media.husbilenfrida.se\/2018\/09\/1-DSC04644-1024x683.jpg 1024w, https:\/\/media.husbilenfrida.se\/2018\/09\/1-DSC04644-1200x800.jpg 1200w, https:\/\/media.husbilenfrida.se\/2018\/09\/1-DSC04644.jpg 1500w\" sizes=\"auto, (max-width: 709px) 85vw, (max-width: 909px) 67vw, (max-width: 984px) 61vw, (max-width: 1362px) 45vw, 600px\" \/><\/a><\/p>\n<p><a href=\"http:\/\/media.husbilenfrida.se\/2018\/09\/1-DSC04645.jpg\"><img loading=\"lazy\" decoding=\"async\" class=\"aligncenter wp-image-2058\" src=\"http:\/\/media.husbilenfrida.se\/2018\/09\/1-DSC04645-200x300.jpg\" alt=\"\" width=\"400\" height=\"600\" srcset=\"https:\/\/media.husbilenfrida.se\/2018\/09\/1-DSC04645-200x300.jpg 200w, https:\/\/media.husbilenfrida.se\/2018\/09\/1-DSC04645-768x1152.jpg 768w, https:\/\/media.husbilenfrida.se\/2018\/09\/1-DSC04645-683x1024.jpg 683w, https:\/\/media.husbilenfrida.se\/2018\/09\/1-DSC04645.jpg 1000w\" sizes=\"auto, (max-width: 400px) 85vw, 400px\" \/><\/a><\/p>\n<p>Porta Nigra &#8211; fr\u00e5n Wikipedia: &#8221;<i>Svarta porten<\/i>, \u00e4r en\u00a0romersk\u00a0stadsport\u00a0i\u00a0Trier. Den uppf\u00f6rdes i gr\u00e5\u00a0sandsten\u00a0fr\u00e5n \u00e5r 186 till 200 e.Kr.<br \/>\nUnder\u00a0romartiden\u00a0var Porta Nigra en av stadens fyra portar: Porta Nigra i norr, Porta Alba i \u00f6ster, Porta Media i s\u00f6der och Porta Inclyta i v\u00e4ster. Av dessa \u00e5terst\u00e5r idag endast Porta Nigra.&#8221;<a href=\"http:\/\/media.husbilenfrida.se\/2018\/09\/1-DSC04648.jpg\"><img loading=\"lazy\" decoding=\"async\" class=\"alignnone wp-image-2059\" src=\"http:\/\/media.husbilenfrida.se\/2018\/09\/1-DSC04648-300x200.jpg\" alt=\"\" width=\"600\" height=\"400\" srcset=\"https:\/\/media.husbilenfrida.se\/2018\/09\/1-DSC04648-300x200.jpg 300w, https:\/\/media.husbilenfrida.se\/2018\/09\/1-DSC04648-768x512.jpg 768w, https:\/\/media.husbilenfrida.se\/2018\/09\/1-DSC04648-1024x683.jpg 1024w, https:\/\/media.husbilenfrida.se\/2018\/09\/1-DSC04648-1200x800.jpg 1200w, https:\/\/media.husbilenfrida.se\/2018\/09\/1-DSC04648.jpg 1500w\" sizes=\"auto, (max-width: 709px) 85vw, (max-width: 909px) 67vw, (max-width: 984px) 61vw, (max-width: 1362px) 45vw, 600px\" \/><\/a><\/p>\n<p><a href=\"http:\/\/media.husbilenfrida.se\/2018\/09\/1-DSC04651.jpg\"><img loading=\"lazy\" decoding=\"async\" class=\"alignnone wp-image-2060\" src=\"http:\/\/media.husbilenfrida.se\/2018\/09\/1-DSC04651-300x200.jpg\" alt=\"\" width=\"600\" height=\"400\" srcset=\"https:\/\/media.husbilenfrida.se\/2018\/09\/1-DSC04651-300x200.jpg 300w, https:\/\/media.husbilenfrida.se\/2018\/09\/1-DSC04651-768x512.jpg 768w, https:\/\/media.husbilenfrida.se\/2018\/09\/1-DSC04651-1024x683.jpg 1024w, https:\/\/media.husbilenfrida.se\/2018\/09\/1-DSC04651-1200x800.jpg 1200w\" sizes=\"auto, (max-width: 709px) 85vw, (max-width: 909px) 67vw, (max-width: 984px) 61vw, (max-width: 1362px) 45vw, 600px\" \/><\/a><\/p>\n<p>Sista kv\u00e4llen med g\u00e4nget. Efter Trier skildes v\u00e5ra v\u00e4gar \u00e5t. Wivianne och Benny fortsatte s\u00f6derut f\u00f6r att tillbringa vintern i Spanien. Vi stannade kvar i Moseldalen f\u00f6r att uppt\u00e4cka mera och resten av g\u00e4nget p\u00e5b\u00f6rjade resan hem.<a href=\"http:\/\/media.husbilenfrida.se\/2018\/09\/1-DSC04661.jpg\"><img loading=\"lazy\" decoding=\"async\" class=\"alignnone wp-image-2061\" src=\"http:\/\/media.husbilenfrida.se\/2018\/09\/1-DSC04661-300x200.jpg\" alt=\"\" width=\"600\" height=\"400\" srcset=\"https:\/\/media.husbilenfrida.se\/2018\/09\/1-DSC04661-300x200.jpg 300w, https:\/\/media.husbilenfrida.se\/2018\/09\/1-DSC04661-768x512.jpg 768w, https:\/\/media.husbilenfrida.se\/2018\/09\/1-DSC04661-1024x683.jpg 1024w, https:\/\/media.husbilenfrida.se\/2018\/09\/1-DSC04661-1200x800.jpg 1200w, https:\/\/media.husbilenfrida.se\/2018\/09\/1-DSC04661.jpg 1500w\" sizes=\"auto, (max-width: 709px) 85vw, (max-width: 909px) 67vw, (max-width: 984px) 61vw, (max-width: 1362px) 45vw, 600px\" \/><\/a><\/p>\n<p><a href=\"http:\/\/media.husbilenfrida.se\/2018\/09\/1-DSC04663.jpg\"><img loading=\"lazy\" decoding=\"async\" class=\"aligncenter wp-image-2062\" src=\"http:\/\/media.husbilenfrida.se\/2018\/09\/1-DSC04663-200x300.jpg\" alt=\"\" width=\"400\" height=\"600\" srcset=\"https:\/\/media.husbilenfrida.se\/2018\/09\/1-DSC04663-200x300.jpg 200w, https:\/\/media.husbilenfrida.se\/2018\/09\/1-DSC04663-768x1152.jpg 768w, https:\/\/media.husbilenfrida.se\/2018\/09\/1-DSC04663-683x1024.jpg 683w, https:\/\/media.husbilenfrida.se\/2018\/09\/1-DSC04663.jpg 1000w\" sizes=\"auto, (max-width: 400px) 85vw, 400px\" \/><\/a><\/p>\n<p><a href=\"http:\/\/media.husbilenfrida.se\/2018\/09\/1-DSC04664.jpg\"><img loading=\"lazy\" decoding=\"async\" class=\"alignnone wp-image-2063\" src=\"http:\/\/media.husbilenfrida.se\/2018\/09\/1-DSC04664-300x200.jpg\" alt=\"\" width=\"600\" height=\"400\" srcset=\"https:\/\/media.husbilenfrida.se\/2018\/09\/1-DSC04664-300x200.jpg 300w, https:\/\/media.husbilenfrida.se\/2018\/09\/1-DSC04664-768x512.jpg 768w, https:\/\/media.husbilenfrida.se\/2018\/09\/1-DSC04664-1024x683.jpg 1024w, https:\/\/media.husbilenfrida.se\/2018\/09\/1-DSC04664-1200x800.jpg 1200w, https:\/\/media.husbilenfrida.se\/2018\/09\/1-DSC04664.jpg 1500w\" sizes=\"auto, (max-width: 709px) 85vw, (max-width: 909px) 67vw, (max-width: 984px) 61vw, (max-width: 1362px) 45vw, 600px\" \/><\/a><\/p>\n","protected":false},"excerpt":{"rendered":"<p>Efter en regnig och bl\u00e5sig s\u00f6ndag vaknade vi till ett str\u00e5lande solsken. Dagens m\u00e5l var den gamla staden, Trier. \u2013Ett &#8221;m\u00e5ste&#8221; att se i Trier \u00e4r Romerbr\u00fccke &#8211; Tysklands \u00e4ldsta bro\u00a0med en bas fr\u00e5n 100-talet av stenp\u00e5lverk djupt inb\u00e4ddade i flodb\u00e4dden. Dess valv och k\u00f6rbana byggdes av r\u00f6da tegelstenar p\u00e5 1700-talet, d\u00e5 bron fungerade som &hellip; <a href=\"https:\/\/husbilenfrida.se\/?p=2041\" class=\"more-link\">Forts\u00e4tt l\u00e4sa<span class=\"screen-reader-text\"> \u201d180924 Trier (Moseldalen)\u201d<\/span><\/a><\/p>\n","protected":false},"author":1,"featured_media":0,"comment_status":"open","ping_status":"closed","sticky":false,"template":"","format":"standard","meta":{"footnotes":""},"categories":[1],"tags":[],"class_list":["post-2041","post","type-post","status-publish","format-standard","hentry","category-uncategorized"],"_links":{"self":[{"href":"https:\/\/husbilenfrida.se\/index.php?rest_route=\/wp\/v2\/posts\/2041","targetHints":{"allow":["GET"]}}],"collection":[{"href":"https:\/\/husbilenfrida.se\/index.php?rest_route=\/wp\/v2\/posts"}],"about":[{"href":"https:\/\/husbilenfrida.se\/index.php?rest_route=\/wp\/v2\/types\/post"}],"author":[{"embeddable":true,"href":"https:\/\/husbilenfrida.se\/index.php?rest_route=\/wp\/v2\/users\/1"}],"replies":[{"embeddable":true,"href":"https:\/\/husbilenfrida.se\/index.php?rest_route=%2Fwp%2Fv2%2Fcomments&post=2041"}],"version-history":[{"count":8,"href":"https:\/\/husbilenfrida.se\/index.php?rest_route=\/wp\/v2\/posts\/2041\/revisions"}],"predecessor-version":[{"id":2520,"href":"https:\/\/husbilenfrida.se\/index.php?rest_route=\/wp\/v2\/posts\/2041\/revisions\/2520"}],"wp:attachment":[{"href":"https:\/\/husbilenfrida.se\/index.php?rest_route=%2Fwp%2Fv2%2Fmedia&parent=2041"}],"wp:term":[{"taxonomy":"category","embeddable":true,"href":"https:\/\/husbilenfrida.se\/index.php?rest_route=%2Fwp%2Fv2%2Fcategories&post=2041"},{"taxonomy":"post_tag","embeddable":true,"href":"https:\/\/husbilenfrida.se\/index.php?rest_route=%2Fwp%2Fv2%2Ftags&post=2041"}],"curies":[{"name":"wp","href":"https:\/\/api.w.org\/{rel}","templated":true}]}}