{"id":1972,"date":"2018-09-23T07:25:00","date_gmt":"2018-09-23T07:25:00","guid":{"rendered":"http:\/\/husbilenfrida.se\/?p=1972"},"modified":"2018-10-11T18:26:25","modified_gmt":"2018-10-11T18:26:25","slug":"180922-bernkastel-moseldalen","status":"publish","type":"post","link":"https:\/\/husbilenfrida.se\/?p=1972","title":{"rendered":"180922 Bernkastel (Moseldalen)"},"content":{"rendered":"<p>P\u00e5 f\u00f6rmiddagens cykeltur uppt\u00e4ckte vi det h\u00e4r alternativet till husbil&#8230;<a href=\"http:\/\/media.husbilenfrida.se\/2018\/09\/1-DSC04499.jpg\"><img loading=\"lazy\" decoding=\"async\" class=\"alignnone wp-image-1973\" src=\"http:\/\/media.husbilenfrida.se\/2018\/09\/1-DSC04499-300x200.jpg\" alt=\"\" width=\"600\" height=\"400\" srcset=\"https:\/\/media.husbilenfrida.se\/2018\/09\/1-DSC04499-300x200.jpg 300w, https:\/\/media.husbilenfrida.se\/2018\/09\/1-DSC04499-768x512.jpg 768w, https:\/\/media.husbilenfrida.se\/2018\/09\/1-DSC04499-1024x683.jpg 1024w, https:\/\/media.husbilenfrida.se\/2018\/09\/1-DSC04499-1200x800.jpg 1200w, https:\/\/media.husbilenfrida.se\/2018\/09\/1-DSC04499.jpg 1500w\" sizes=\"auto, (max-width: 709px) 85vw, (max-width: 909px) 67vw, (max-width: 984px) 61vw, (max-width: 1362px) 45vw, 600px\" \/><\/a><\/p>\n<p>&#8230; men vi byter nog inte bort v\u00e5ran Frida<a href=\"http:\/\/media.husbilenfrida.se\/2018\/09\/1-DSC04500.jpg\"><img loading=\"lazy\" decoding=\"async\" class=\"alignnone wp-image-1974\" src=\"http:\/\/media.husbilenfrida.se\/2018\/09\/1-DSC04500-300x217.jpg\" alt=\"\" width=\"600\" height=\"434\" srcset=\"https:\/\/media.husbilenfrida.se\/2018\/09\/1-DSC04500-300x217.jpg 300w, https:\/\/media.husbilenfrida.se\/2018\/09\/1-DSC04500-768x556.jpg 768w, https:\/\/media.husbilenfrida.se\/2018\/09\/1-DSC04500-1024x741.jpg 1024w, https:\/\/media.husbilenfrida.se\/2018\/09\/1-DSC04500-1200x869.jpg 1200w, https:\/\/media.husbilenfrida.se\/2018\/09\/1-DSC04500.jpg 1500w\" sizes=\"auto, (max-width: 709px) 85vw, (max-width: 909px) 67vw, (max-width: 984px) 61vw, (max-width: 1362px) 45vw, 600px\" \/><\/a><\/p>\n<p><a href=\"http:\/\/media.husbilenfrida.se\/2018\/09\/2-DSC04502.jpg\"><img loading=\"lazy\" decoding=\"async\" class=\"alignnone wp-image-1975\" src=\"http:\/\/media.husbilenfrida.se\/2018\/09\/2-DSC04502-300x200.jpg\" alt=\"\" width=\"600\" height=\"400\" srcset=\"https:\/\/media.husbilenfrida.se\/2018\/09\/2-DSC04502-300x200.jpg 300w, https:\/\/media.husbilenfrida.se\/2018\/09\/2-DSC04502-768x512.jpg 768w, https:\/\/media.husbilenfrida.se\/2018\/09\/2-DSC04502-1024x683.jpg 1024w, https:\/\/media.husbilenfrida.se\/2018\/09\/2-DSC04502-1200x800.jpg 1200w, https:\/\/media.husbilenfrida.se\/2018\/09\/2-DSC04502.jpg 1500w\" sizes=\"auto, (max-width: 709px) 85vw, (max-width: 909px) 67vw, (max-width: 984px) 61vw, (max-width: 1362px) 45vw, 600px\" \/><\/a><\/p>\n<p>Ving\u00e5rden &#8221;Wehlener Sonnenuhr&#8221; har flera solur p\u00e5 bergen runt omkring sina odlingar, och de verkar g\u00e5 r\u00e4tt ocks\u00e5&#8230;<a href=\"http:\/\/media.husbilenfrida.se\/2018\/09\/2-IMG_6795.jpg\"><img loading=\"lazy\" decoding=\"async\" class=\"alignnone wp-image-1976\" src=\"http:\/\/media.husbilenfrida.se\/2018\/09\/2-IMG_6795-300x225.jpg\" alt=\"\" width=\"600\" height=\"450\" srcset=\"https:\/\/media.husbilenfrida.se\/2018\/09\/2-IMG_6795-300x225.jpg 300w, https:\/\/media.husbilenfrida.se\/2018\/09\/2-IMG_6795-768x576.jpg 768w, https:\/\/media.husbilenfrida.se\/2018\/09\/2-IMG_6795-1024x768.jpg 1024w, https:\/\/media.husbilenfrida.se\/2018\/09\/2-IMG_6795-1200x900.jpg 1200w, https:\/\/media.husbilenfrida.se\/2018\/09\/2-IMG_6795.jpg 1500w\" sizes=\"auto, (max-width: 709px) 85vw, (max-width: 909px) 67vw, (max-width: 984px) 61vw, (max-width: 1362px) 45vw, 600px\" \/><\/a><\/p>\n<p>H\u00e4r \u00e4r det full fart p\u00e5 vindruvsplockningen. Enligt lokala vinodlare s\u00e5 ligger sk\u00f6rden i \u00e5r n\u00e5gra veckor tidigare \u00e4n vanligt pga av den varma och torra sommaren. Men vinplantorna har inte lidit n\u00e5gon skada, tv\u00e4rtom det blir en riklig och bra sk\u00f6rd h\u00e4r i \u00e5r och man tror p\u00e5 fina kvalit\u00e9er. Vinplantorna har r\u00f6tter som str\u00e4cker sig sju meter ner i jorden och kan p\u00e5 det viset tillgodog\u00f6ra sig\u00a0 det grundvatten som finns d\u00e4r.<a href=\"http:\/\/media.husbilenfrida.se\/2018\/09\/2a-DSC04508.jpg\"><img loading=\"lazy\" decoding=\"async\" class=\"alignnone wp-image-1977\" src=\"http:\/\/media.husbilenfrida.se\/2018\/09\/2a-DSC04508-300x200.jpg\" alt=\"\" width=\"600\" height=\"400\" srcset=\"https:\/\/media.husbilenfrida.se\/2018\/09\/2a-DSC04508-300x200.jpg 300w, https:\/\/media.husbilenfrida.se\/2018\/09\/2a-DSC04508-768x512.jpg 768w, https:\/\/media.husbilenfrida.se\/2018\/09\/2a-DSC04508-1024x683.jpg 1024w, https:\/\/media.husbilenfrida.se\/2018\/09\/2a-DSC04508-1200x800.jpg 1200w, https:\/\/media.husbilenfrida.se\/2018\/09\/2a-DSC04508.jpg 1500w\" sizes=\"auto, (max-width: 709px) 85vw, (max-width: 909px) 67vw, (max-width: 984px) 61vw, (max-width: 1362px) 45vw, 600px\" \/><\/a><\/p>\n<p><a href=\"http:\/\/media.husbilenfrida.se\/2018\/09\/2b-DSC04514.jpg\"><img loading=\"lazy\" decoding=\"async\" class=\"aligncenter wp-image-1978\" src=\"http:\/\/media.husbilenfrida.se\/2018\/09\/2b-DSC04514-200x300.jpg\" alt=\"\" width=\"400\" height=\"600\" srcset=\"https:\/\/media.husbilenfrida.se\/2018\/09\/2b-DSC04514-200x300.jpg 200w, https:\/\/media.husbilenfrida.se\/2018\/09\/2b-DSC04514-768x1152.jpg 768w, https:\/\/media.husbilenfrida.se\/2018\/09\/2b-DSC04514-683x1024.jpg 683w, https:\/\/media.husbilenfrida.se\/2018\/09\/2b-DSC04514.jpg 1000w\" sizes=\"auto, (max-width: 400px) 85vw, 400px\" \/><\/a> <a href=\"http:\/\/media.husbilenfrida.se\/2018\/09\/2c-DSC04511.jpg\"><img loading=\"lazy\" decoding=\"async\" class=\"alignnone wp-image-1979\" src=\"http:\/\/media.husbilenfrida.se\/2018\/09\/2c-DSC04511-300x200.jpg\" alt=\"\" width=\"600\" height=\"400\" srcset=\"https:\/\/media.husbilenfrida.se\/2018\/09\/2c-DSC04511-300x200.jpg 300w, https:\/\/media.husbilenfrida.se\/2018\/09\/2c-DSC04511-768x513.jpg 768w, https:\/\/media.husbilenfrida.se\/2018\/09\/2c-DSC04511-1024x683.jpg 1024w, https:\/\/media.husbilenfrida.se\/2018\/09\/2c-DSC04511-1200x801.jpg 1200w, https:\/\/media.husbilenfrida.se\/2018\/09\/2c-DSC04511.jpg 1500w\" sizes=\"auto, (max-width: 709px) 85vw, (max-width: 909px) 67vw, (max-width: 984px) 61vw, (max-width: 1362px) 45vw, 600px\" \/><\/a><\/p>\n<p><a href=\"http:\/\/media.husbilenfrida.se\/2018\/09\/2d-DSC04517.jpg\"><img loading=\"lazy\" decoding=\"async\" class=\"alignnone wp-image-1980\" src=\"http:\/\/media.husbilenfrida.se\/2018\/09\/2d-DSC04517-300x200.jpg\" alt=\"\" width=\"600\" height=\"400\" srcset=\"https:\/\/media.husbilenfrida.se\/2018\/09\/2d-DSC04517-300x200.jpg 300w, https:\/\/media.husbilenfrida.se\/2018\/09\/2d-DSC04517-768x512.jpg 768w, https:\/\/media.husbilenfrida.se\/2018\/09\/2d-DSC04517-1024x683.jpg 1024w, https:\/\/media.husbilenfrida.se\/2018\/09\/2d-DSC04517-1200x800.jpg 1200w, https:\/\/media.husbilenfrida.se\/2018\/09\/2d-DSC04517.jpg 1500w\" sizes=\"auto, (max-width: 709px) 85vw, (max-width: 909px) 67vw, (max-width: 984px) 61vw, (max-width: 1362px) 45vw, 600px\" \/><\/a><\/p>\n<p>Under eftermiddagen tog vi en tur med cyklarna in till Bernkastel&#8230;<a href=\"http:\/\/media.husbilenfrida.se\/2018\/09\/10-DSC04523.jpg\"><img loading=\"lazy\" decoding=\"async\" class=\"alignnone wp-image-1981\" src=\"http:\/\/media.husbilenfrida.se\/2018\/09\/10-DSC04523-300x200.jpg\" alt=\"\" width=\"600\" height=\"400\" srcset=\"https:\/\/media.husbilenfrida.se\/2018\/09\/10-DSC04523-300x200.jpg 300w, https:\/\/media.husbilenfrida.se\/2018\/09\/10-DSC04523-768x512.jpg 768w, https:\/\/media.husbilenfrida.se\/2018\/09\/10-DSC04523-1024x683.jpg 1024w, https:\/\/media.husbilenfrida.se\/2018\/09\/10-DSC04523-1200x800.jpg 1200w, https:\/\/media.husbilenfrida.se\/2018\/09\/10-DSC04523.jpg 1500w\" sizes=\"auto, (max-width: 709px) 85vw, (max-width: 909px) 67vw, (max-width: 984px) 61vw, (max-width: 1362px) 45vw, 600px\" \/><\/a><\/p>\n<p><a href=\"http:\/\/media.husbilenfrida.se\/2018\/09\/10a-DSC04524.jpg\"><img loading=\"lazy\" decoding=\"async\" class=\"aligncenter wp-image-1982\" src=\"http:\/\/media.husbilenfrida.se\/2018\/09\/10a-DSC04524-200x300.jpg\" alt=\"\" width=\"400\" height=\"600\" srcset=\"https:\/\/media.husbilenfrida.se\/2018\/09\/10a-DSC04524-200x300.jpg 200w, https:\/\/media.husbilenfrida.se\/2018\/09\/10a-DSC04524-768x1152.jpg 768w, https:\/\/media.husbilenfrida.se\/2018\/09\/10a-DSC04524-683x1024.jpg 683w, https:\/\/media.husbilenfrida.se\/2018\/09\/10a-DSC04524.jpg 1000w\" sizes=\"auto, (max-width: 400px) 85vw, 400px\" \/><\/a> <a href=\"http:\/\/media.husbilenfrida.se\/2018\/09\/10b-DSC04526.jpg\"><img loading=\"lazy\" decoding=\"async\" class=\"alignnone wp-image-1983\" src=\"http:\/\/media.husbilenfrida.se\/2018\/09\/10b-DSC04526-300x200.jpg\" alt=\"\" width=\"600\" height=\"400\" srcset=\"https:\/\/media.husbilenfrida.se\/2018\/09\/10b-DSC04526-300x200.jpg 300w, https:\/\/media.husbilenfrida.se\/2018\/09\/10b-DSC04526-768x512.jpg 768w, https:\/\/media.husbilenfrida.se\/2018\/09\/10b-DSC04526-1024x683.jpg 1024w, https:\/\/media.husbilenfrida.se\/2018\/09\/10b-DSC04526-1200x800.jpg 1200w, https:\/\/media.husbilenfrida.se\/2018\/09\/10b-DSC04526.jpg 1500w\" sizes=\"auto, (max-width: 709px) 85vw, (max-width: 909px) 67vw, (max-width: 984px) 61vw, (max-width: 1362px) 45vw, 600px\" \/><\/a><\/p>\n<p><a href=\"http:\/\/media.husbilenfrida.se\/2018\/09\/10c-DSC04527.jpg\"><img loading=\"lazy\" decoding=\"async\" class=\"alignnone wp-image-1984\" src=\"http:\/\/media.husbilenfrida.se\/2018\/09\/10c-DSC04527-300x200.jpg\" alt=\"\" width=\"600\" height=\"400\" srcset=\"https:\/\/media.husbilenfrida.se\/2018\/09\/10c-DSC04527-300x200.jpg 300w, https:\/\/media.husbilenfrida.se\/2018\/09\/10c-DSC04527-768x512.jpg 768w, https:\/\/media.husbilenfrida.se\/2018\/09\/10c-DSC04527-1024x683.jpg 1024w, https:\/\/media.husbilenfrida.se\/2018\/09\/10c-DSC04527-1200x800.jpg 1200w, https:\/\/media.husbilenfrida.se\/2018\/09\/10c-DSC04527.jpg 1500w\" sizes=\"auto, (max-width: 709px) 85vw, (max-width: 909px) 67vw, (max-width: 984px) 61vw, (max-width: 1362px) 45vw, 600px\" \/><\/a><\/p>\n<p>Vi fick ta del av folkvimlet och l\u00f6rdagsunderh\u00e5llningen i form av bl\u00e5sorkestrar\/storband&#8230;<a href=\"http:\/\/media.husbilenfrida.se\/2018\/09\/10d-DSC04533.jpg\"><img loading=\"lazy\" decoding=\"async\" class=\"alignnone wp-image-1985\" src=\"http:\/\/media.husbilenfrida.se\/2018\/09\/10d-DSC04533-300x206.jpg\" alt=\"\" width=\"600\" height=\"412\" srcset=\"https:\/\/media.husbilenfrida.se\/2018\/09\/10d-DSC04533-300x206.jpg 300w, https:\/\/media.husbilenfrida.se\/2018\/09\/10d-DSC04533-768x527.jpg 768w, https:\/\/media.husbilenfrida.se\/2018\/09\/10d-DSC04533-1024x702.jpg 1024w, https:\/\/media.husbilenfrida.se\/2018\/09\/10d-DSC04533-1200x823.jpg 1200w, https:\/\/media.husbilenfrida.se\/2018\/09\/10d-DSC04533.jpg 1500w\" sizes=\"auto, (max-width: 709px) 85vw, (max-width: 909px) 67vw, (max-width: 984px) 61vw, (max-width: 1362px) 45vw, 600px\" \/><\/a><\/p>\n<p><a href=\"http:\/\/media.husbilenfrida.se\/2018\/09\/10e-DSC04541.jpg\"><img loading=\"lazy\" decoding=\"async\" class=\"alignnone wp-image-1986\" src=\"http:\/\/media.husbilenfrida.se\/2018\/09\/10e-DSC04541-300x200.jpg\" alt=\"\" width=\"600\" height=\"400\" srcset=\"https:\/\/media.husbilenfrida.se\/2018\/09\/10e-DSC04541-300x200.jpg 300w, https:\/\/media.husbilenfrida.se\/2018\/09\/10e-DSC04541-768x512.jpg 768w, https:\/\/media.husbilenfrida.se\/2018\/09\/10e-DSC04541-1024x683.jpg 1024w, https:\/\/media.husbilenfrida.se\/2018\/09\/10e-DSC04541-1200x800.jpg 1200w, https:\/\/media.husbilenfrida.se\/2018\/09\/10e-DSC04541.jpg 1500w\" sizes=\"auto, (max-width: 709px) 85vw, (max-width: 909px) 67vw, (max-width: 984px) 61vw, (max-width: 1362px) 45vw, 600px\" \/><\/a><\/p>\n<p>..och en del passade p\u00e5 att tv\u00e4tta f\u00f6nster under l\u00f6rdagsunderh\u00e5llningen &#8211;\u00a0 det \u00e4r s\u00e4kert trevligare att st\u00e4da till tonerna av lite glad musik!<a href=\"http:\/\/media.husbilenfrida.se\/2018\/09\/10f-DSC04542.jpg\"><img loading=\"lazy\" decoding=\"async\" class=\"aligncenter wp-image-1987\" src=\"http:\/\/media.husbilenfrida.se\/2018\/09\/10f-DSC04542-200x300.jpg\" alt=\"\" width=\"400\" height=\"600\" srcset=\"https:\/\/media.husbilenfrida.se\/2018\/09\/10f-DSC04542-200x300.jpg 200w, https:\/\/media.husbilenfrida.se\/2018\/09\/10f-DSC04542-768x1152.jpg 768w, https:\/\/media.husbilenfrida.se\/2018\/09\/10f-DSC04542-683x1024.jpg 683w, https:\/\/media.husbilenfrida.se\/2018\/09\/10f-DSC04542.jpg 1000w\" sizes=\"auto, (max-width: 400px) 85vw, 400px\" \/><\/a> Lunchmacka och cappuccino smakade bra i vimlet..<a href=\"http:\/\/media.husbilenfrida.se\/2018\/09\/10g-DSC04544.jpg\"><img loading=\"lazy\" decoding=\"async\" class=\"alignnone wp-image-1988\" src=\"http:\/\/media.husbilenfrida.se\/2018\/09\/10g-DSC04544-300x200.jpg\" alt=\"\" width=\"600\" height=\"400\" srcset=\"https:\/\/media.husbilenfrida.se\/2018\/09\/10g-DSC04544-300x200.jpg 300w, https:\/\/media.husbilenfrida.se\/2018\/09\/10g-DSC04544-768x512.jpg 768w, https:\/\/media.husbilenfrida.se\/2018\/09\/10g-DSC04544-1024x683.jpg 1024w, https:\/\/media.husbilenfrida.se\/2018\/09\/10g-DSC04544-1200x800.jpg 1200w, https:\/\/media.husbilenfrida.se\/2018\/09\/10g-DSC04544.jpg 1500w\" sizes=\"auto, (max-width: 709px) 85vw, (max-width: 909px) 67vw, (max-width: 984px) 61vw, (max-width: 1362px) 45vw, 600px\" \/><\/a><\/p>\n<p><a href=\"http:\/\/media.husbilenfrida.se\/2018\/09\/10h-DSC04547.jpg\"><img loading=\"lazy\" decoding=\"async\" class=\"alignnone wp-image-1989\" src=\"http:\/\/media.husbilenfrida.se\/2018\/09\/10h-DSC04547-300x200.jpg\" alt=\"\" width=\"600\" height=\"400\" srcset=\"https:\/\/media.husbilenfrida.se\/2018\/09\/10h-DSC04547-300x200.jpg 300w, https:\/\/media.husbilenfrida.se\/2018\/09\/10h-DSC04547-768x512.jpg 768w, https:\/\/media.husbilenfrida.se\/2018\/09\/10h-DSC04547-1024x683.jpg 1024w, https:\/\/media.husbilenfrida.se\/2018\/09\/10h-DSC04547-1200x800.jpg 1200w, https:\/\/media.husbilenfrida.se\/2018\/09\/10h-DSC04547.jpg 1500w\" sizes=\"auto, (max-width: 709px) 85vw, (max-width: 909px) 67vw, (max-width: 984px) 61vw, (max-width: 1362px) 45vw, 600px\" \/><\/a><\/p>\n<p><a href=\"http:\/\/media.husbilenfrida.se\/2018\/09\/10i-DSC04548.jpg\"><img loading=\"lazy\" decoding=\"async\" class=\"aligncenter wp-image-1990\" src=\"http:\/\/media.husbilenfrida.se\/2018\/09\/10i-DSC04548-200x300.jpg\" alt=\"\" width=\"400\" height=\"600\" srcset=\"https:\/\/media.husbilenfrida.se\/2018\/09\/10i-DSC04548-200x300.jpg 200w, https:\/\/media.husbilenfrida.se\/2018\/09\/10i-DSC04548-768x1152.jpg 768w, https:\/\/media.husbilenfrida.se\/2018\/09\/10i-DSC04548-683x1024.jpg 683w, https:\/\/media.husbilenfrida.se\/2018\/09\/10i-DSC04548.jpg 1000w\" sizes=\"auto, (max-width: 400px) 85vw, 400px\" \/><\/a> P\u00c5 eftermiddagen tog &#8221;grabbarna&#8221; en tuffare cykeltur upp bland vinodlingarna &#8211; de m\u00e5ste ju testa elcyklarnas kapacitet! Det blev nog en test av deras egen kondition ocks\u00e5 &#8230;<a href=\"http:\/\/media.husbilenfrida.se\/2018\/09\/20-DSC04579.jpg\"><img loading=\"lazy\" decoding=\"async\" class=\"alignnone wp-image-1991\" src=\"http:\/\/media.husbilenfrida.se\/2018\/09\/20-DSC04579-300x200.jpg\" alt=\"\" width=\"600\" height=\"400\" srcset=\"https:\/\/media.husbilenfrida.se\/2018\/09\/20-DSC04579-300x200.jpg 300w, https:\/\/media.husbilenfrida.se\/2018\/09\/20-DSC04579-768x512.jpg 768w, https:\/\/media.husbilenfrida.se\/2018\/09\/20-DSC04579-1024x683.jpg 1024w, https:\/\/media.husbilenfrida.se\/2018\/09\/20-DSC04579-1200x800.jpg 1200w, https:\/\/media.husbilenfrida.se\/2018\/09\/20-DSC04579.jpg 1500w\" sizes=\"auto, (max-width: 709px) 85vw, (max-width: 909px) 67vw, (max-width: 984px) 61vw, (max-width: 1362px) 45vw, 600px\" \/><\/a><\/p>\n<p><a href=\"http:\/\/media.husbilenfrida.se\/2018\/09\/20a-DSC04577.jpg\"><img loading=\"lazy\" decoding=\"async\" class=\"alignnone wp-image-1992\" src=\"http:\/\/media.husbilenfrida.se\/2018\/09\/20a-DSC04577-300x200.jpg\" alt=\"\" width=\"600\" height=\"400\" srcset=\"https:\/\/media.husbilenfrida.se\/2018\/09\/20a-DSC04577-300x200.jpg 300w, https:\/\/media.husbilenfrida.se\/2018\/09\/20a-DSC04577-768x512.jpg 768w, https:\/\/media.husbilenfrida.se\/2018\/09\/20a-DSC04577-1024x683.jpg 1024w, https:\/\/media.husbilenfrida.se\/2018\/09\/20a-DSC04577-1200x800.jpg 1200w, https:\/\/media.husbilenfrida.se\/2018\/09\/20a-DSC04577.jpg 1500w\" sizes=\"auto, (max-width: 709px) 85vw, (max-width: 909px) 67vw, (max-width: 984px) 61vw, (max-width: 1362px) 45vw, 600px\" \/><\/a><\/p>\n<p>Den fina utsikten var m\u00f6dan v\u00e4rd konstaterade dom&#8230;.<a href=\"http:\/\/media.husbilenfrida.se\/2018\/09\/20b-DSC04576.jpg\"><img loading=\"lazy\" decoding=\"async\" class=\"alignnone wp-image-1993\" src=\"http:\/\/media.husbilenfrida.se\/2018\/09\/20b-DSC04576-300x200.jpg\" alt=\"\" width=\"600\" height=\"400\" srcset=\"https:\/\/media.husbilenfrida.se\/2018\/09\/20b-DSC04576-300x200.jpg 300w, https:\/\/media.husbilenfrida.se\/2018\/09\/20b-DSC04576-768x512.jpg 768w, https:\/\/media.husbilenfrida.se\/2018\/09\/20b-DSC04576-1024x683.jpg 1024w, https:\/\/media.husbilenfrida.se\/2018\/09\/20b-DSC04576-1200x800.jpg 1200w, https:\/\/media.husbilenfrida.se\/2018\/09\/20b-DSC04576.jpg 1500w\" sizes=\"auto, (max-width: 709px) 85vw, (max-width: 909px) 67vw, (max-width: 984px) 61vw, (max-width: 1362px) 45vw, 600px\" \/><\/a><\/p>\n<p><a href=\"http:\/\/media.husbilenfrida.se\/2018\/09\/20c-DSC04563.jpg\"><img loading=\"lazy\" decoding=\"async\" class=\"alignnone wp-image-1994\" src=\"http:\/\/media.husbilenfrida.se\/2018\/09\/20c-DSC04563-300x200.jpg\" alt=\"\" width=\"600\" height=\"400\" srcset=\"https:\/\/media.husbilenfrida.se\/2018\/09\/20c-DSC04563-300x200.jpg 300w, https:\/\/media.husbilenfrida.se\/2018\/09\/20c-DSC04563-768x512.jpg 768w, https:\/\/media.husbilenfrida.se\/2018\/09\/20c-DSC04563-1024x683.jpg 1024w, https:\/\/media.husbilenfrida.se\/2018\/09\/20c-DSC04563-1200x800.jpg 1200w, https:\/\/media.husbilenfrida.se\/2018\/09\/20c-DSC04563.jpg 1500w\" sizes=\"auto, (max-width: 709px) 85vw, (max-width: 909px) 67vw, (max-width: 984px) 61vw, (max-width: 1362px) 45vw, 600px\" \/><\/a><\/p>\n<p><a href=\"http:\/\/media.husbilenfrida.se\/2018\/09\/20d-DSC04553.jpg\"><img loading=\"lazy\" decoding=\"async\" class=\"alignnone wp-image-1995\" src=\"http:\/\/media.husbilenfrida.se\/2018\/09\/20d-DSC04553-300x200.jpg\" alt=\"\" width=\"600\" height=\"400\" srcset=\"https:\/\/media.husbilenfrida.se\/2018\/09\/20d-DSC04553-300x200.jpg 300w, https:\/\/media.husbilenfrida.se\/2018\/09\/20d-DSC04553-768x512.jpg 768w, https:\/\/media.husbilenfrida.se\/2018\/09\/20d-DSC04553-1024x683.jpg 1024w, https:\/\/media.husbilenfrida.se\/2018\/09\/20d-DSC04553-1200x800.jpg 1200w, https:\/\/media.husbilenfrida.se\/2018\/09\/20d-DSC04553.jpg 1500w\" sizes=\"auto, (max-width: 709px) 85vw, (max-width: 909px) 67vw, (max-width: 984px) 61vw, (max-width: 1362px) 45vw, 600px\" \/><\/a>Och senare p\u00e5 kv\u00e4llen \u00e5t vi en god middag p\u00e5 Josefshof &#8211; innehavaren har danskt ursprung och pratade lite svenska vilket gjorde det l\u00e4ttare f\u00f6r oss att best\u00e4lla gott vin, \u00f6l, Wienerschnitzel med champinjons\u00e5s eller Forell med tillbeh\u00f6r f\u00f6r dem som f\u00f6redrog det.<\/p>\n","protected":false},"excerpt":{"rendered":"<p>P\u00e5 f\u00f6rmiddagens cykeltur uppt\u00e4ckte vi det h\u00e4r alternativet till husbil&#8230; &#8230; men vi byter nog inte bort v\u00e5ran Frida Ving\u00e5rden &#8221;Wehlener Sonnenuhr&#8221; har flera solur p\u00e5 bergen runt omkring sina odlingar, och de verkar g\u00e5 r\u00e4tt ocks\u00e5&#8230; H\u00e4r \u00e4r det full fart p\u00e5 vindruvsplockningen. Enligt lokala vinodlare s\u00e5 ligger sk\u00f6rden i \u00e5r n\u00e5gra veckor tidigare &hellip; <a href=\"https:\/\/husbilenfrida.se\/?p=1972\" class=\"more-link\">Forts\u00e4tt l\u00e4sa<span class=\"screen-reader-text\"> \u201d180922 Bernkastel (Moseldalen)\u201d<\/span><\/a><\/p>\n","protected":false},"author":1,"featured_media":0,"comment_status":"open","ping_status":"closed","sticky":false,"template":"","format":"standard","meta":{"footnotes":""},"categories":[1],"tags":[],"class_list":["post-1972","post","type-post","status-publish","format-standard","hentry","category-uncategorized"],"_links":{"self":[{"href":"https:\/\/husbilenfrida.se\/index.php?rest_route=\/wp\/v2\/posts\/1972","targetHints":{"allow":["GET"]}}],"collection":[{"href":"https:\/\/husbilenfrida.se\/index.php?rest_route=\/wp\/v2\/posts"}],"about":[{"href":"https:\/\/husbilenfrida.se\/index.php?rest_route=\/wp\/v2\/types\/post"}],"author":[{"embeddable":true,"href":"https:\/\/husbilenfrida.se\/index.php?rest_route=\/wp\/v2\/users\/1"}],"replies":[{"embeddable":true,"href":"https:\/\/husbilenfrida.se\/index.php?rest_route=%2Fwp%2Fv2%2Fcomments&post=1972"}],"version-history":[{"count":12,"href":"https:\/\/husbilenfrida.se\/index.php?rest_route=\/wp\/v2\/posts\/1972\/revisions"}],"predecessor-version":[{"id":2521,"href":"https:\/\/husbilenfrida.se\/index.php?rest_route=\/wp\/v2\/posts\/1972\/revisions\/2521"}],"wp:attachment":[{"href":"https:\/\/husbilenfrida.se\/index.php?rest_route=%2Fwp%2Fv2%2Fmedia&parent=1972"}],"wp:term":[{"taxonomy":"category","embeddable":true,"href":"https:\/\/husbilenfrida.se\/index.php?rest_route=%2Fwp%2Fv2%2Fcategories&post=1972"},{"taxonomy":"post_tag","embeddable":true,"href":"https:\/\/husbilenfrida.se\/index.php?rest_route=%2Fwp%2Fv2%2Ftags&post=1972"}],"curies":[{"name":"wp","href":"https:\/\/api.w.org\/{rel}","templated":true}]}}