{"id":1887,"date":"2018-09-21T09:59:09","date_gmt":"2018-09-21T09:59:09","guid":{"rendered":"http:\/\/husbilenfrida.se\/?p=1887"},"modified":"2018-10-11T19:56:17","modified_gmt":"2018-10-11T19:56:17","slug":"180918-bernkastel-moseldalen","status":"publish","type":"post","link":"https:\/\/husbilenfrida.se\/?p=1887","title":{"rendered":"180918 Bernkastel (Moseldalen)"},"content":{"rendered":"<p><a href=\"http:\/\/media.husbilenfrida.se\/2018\/09\/Bernkasel.png\"><img loading=\"lazy\" decoding=\"async\" class=\"aligncenter wp-image-1911\" src=\"http:\/\/media.husbilenfrida.se\/2018\/09\/Bernkasel-277x300.png\" alt=\"\" width=\"554\" height=\"600\" srcset=\"https:\/\/media.husbilenfrida.se\/2018\/09\/Bernkasel-277x300.png 277w, https:\/\/media.husbilenfrida.se\/2018\/09\/Bernkasel-768x832.png 768w, https:\/\/media.husbilenfrida.se\/2018\/09\/Bernkasel.png 796w\" sizes=\"auto, (max-width: 554px) 85vw, 554px\" \/><\/a><\/p>\n<p>Nu har vi\u00a0landat i Graach, strax utanf\u00f6r Bernkastel. Vi stannar \u00f6ver helgen och tar det lite lugnt s\u00e5 att vi kan &#8221;bara vara&#8221; och utforska n\u00e4romr\u00e5det lite mer noggrant.<a href=\"http:\/\/media.husbilenfrida.se\/2018\/09\/1-DSC04400.jpg\"><img loading=\"lazy\" decoding=\"async\" class=\"alignnone wp-image-1895\" src=\"http:\/\/media.husbilenfrida.se\/2018\/09\/1-DSC04400-300x200.jpg\" alt=\"\" width=\"600\" height=\"400\" srcset=\"https:\/\/media.husbilenfrida.se\/2018\/09\/1-DSC04400-300x200.jpg 300w, https:\/\/media.husbilenfrida.se\/2018\/09\/1-DSC04400-768x512.jpg 768w, https:\/\/media.husbilenfrida.se\/2018\/09\/1-DSC04400-1024x683.jpg 1024w, https:\/\/media.husbilenfrida.se\/2018\/09\/1-DSC04400-1200x800.jpg 1200w, https:\/\/media.husbilenfrida.se\/2018\/09\/1-DSC04400.jpg 1500w\" sizes=\"auto, (max-width: 709px) 85vw, (max-width: 909px) 67vw, (max-width: 984px) 61vw, (max-width: 1362px) 45vw, 600px\" \/><\/a>Det m\u00e5ste ju synas att vi \u00e4r ett g\u00e4ng med Dethleffsbilar som \u00e5ker tillsammans&#8230;<\/p>\n","protected":false},"excerpt":{"rendered":"<p>Nu har vi\u00a0landat i Graach, strax utanf\u00f6r Bernkastel. Vi stannar \u00f6ver helgen och tar det lite lugnt s\u00e5 att vi kan &#8221;bara vara&#8221; och utforska n\u00e4romr\u00e5det lite mer noggrant.Det m\u00e5ste ju synas att vi \u00e4r ett g\u00e4ng med Dethleffsbilar som \u00e5ker tillsammans&#8230;<\/p>\n","protected":false},"author":1,"featured_media":0,"comment_status":"open","ping_status":"closed","sticky":false,"template":"","format":"standard","meta":{"footnotes":""},"categories":[1],"tags":[],"class_list":["post-1887","post","type-post","status-publish","format-standard","hentry","category-uncategorized"],"_links":{"self":[{"href":"https:\/\/husbilenfrida.se\/index.php?rest_route=\/wp\/v2\/posts\/1887","targetHints":{"allow":["GET"]}}],"collection":[{"href":"https:\/\/husbilenfrida.se\/index.php?rest_route=\/wp\/v2\/posts"}],"about":[{"href":"https:\/\/husbilenfrida.se\/index.php?rest_route=\/wp\/v2\/types\/post"}],"author":[{"embeddable":true,"href":"https:\/\/husbilenfrida.se\/index.php?rest_route=\/wp\/v2\/users\/1"}],"replies":[{"embeddable":true,"href":"https:\/\/husbilenfrida.se\/index.php?rest_route=%2Fwp%2Fv2%2Fcomments&post=1887"}],"version-history":[{"count":7,"href":"https:\/\/husbilenfrida.se\/index.php?rest_route=\/wp\/v2\/posts\/1887\/revisions"}],"predecessor-version":[{"id":2525,"href":"https:\/\/husbilenfrida.se\/index.php?rest_route=\/wp\/v2\/posts\/1887\/revisions\/2525"}],"wp:attachment":[{"href":"https:\/\/husbilenfrida.se\/index.php?rest_route=%2Fwp%2Fv2%2Fmedia&parent=1887"}],"wp:term":[{"taxonomy":"category","embeddable":true,"href":"https:\/\/husbilenfrida.se\/index.php?rest_route=%2Fwp%2Fv2%2Fcategories&post=1887"},{"taxonomy":"post_tag","embeddable":true,"href":"https:\/\/husbilenfrida.se\/index.php?rest_route=%2Fwp%2Fv2%2Ftags&post=1887"}],"curies":[{"name":"wp","href":"https:\/\/api.w.org\/{rel}","templated":true}]}}