{"id":1808,"date":"2018-09-15T20:37:37","date_gmt":"2018-09-15T20:37:37","guid":{"rendered":"http:\/\/husbilenfrida.se\/?p=1808"},"modified":"2018-10-08T17:44:40","modified_gmt":"2018-10-08T17:44:40","slug":"180912-scharnebeck-moseldalen","status":"publish","type":"post","link":"https:\/\/husbilenfrida.se\/?p=1808","title":{"rendered":"180913 Scharnebeck (Moseldalen)"},"content":{"rendered":"<p><a href=\"http:\/\/media.husbilenfrida.se\/2018\/09\/Scharnebeck.png\"><img loading=\"lazy\" decoding=\"async\" class=\"alignnone wp-image-1809\" src=\"http:\/\/media.husbilenfrida.se\/2018\/09\/Scharnebeck-300x241.png\" alt=\"\" width=\"600\" height=\"482\" srcset=\"https:\/\/media.husbilenfrida.se\/2018\/09\/Scharnebeck-300x241.png 300w, https:\/\/media.husbilenfrida.se\/2018\/09\/Scharnebeck-768x617.png 768w, https:\/\/media.husbilenfrida.se\/2018\/09\/Scharnebeck.png 1008w\" sizes=\"auto, (max-width: 709px) 85vw, (max-width: 909px) 67vw, (max-width: 984px) 61vw, (max-width: 1362px) 45vw, 600px\" \/><\/a><\/p>\n<p class=\"p1\">Ett \u00e5terbes\u00f6k vid Scharnebeck och den v\u00e4lk\u00e4nda fartygshissen. Vi var h\u00e4r ocks\u00e5 f\u00f6r 2 \u00e5r sedan n\u00e4r vi var med p\u00e5 Dethleffsclubens \u201dinstegsresa\u201d till Tyskland men det \u00e4r s\u00e5 h\u00e4ftigt s\u00e5 det upplever man g\u00e4rna igen. St\u00e4llplats fanns i anslutning till fartygshissen. det blev en solig, men lite sval, kv\u00e4ll.<\/p>\n<p><a href=\"http:\/\/media.husbilenfrida.se\/2018\/09\/1-DSC08954.jpg\"><img loading=\"lazy\" decoding=\"async\" class=\"alignnone wp-image-1811\" src=\"http:\/\/media.husbilenfrida.se\/2018\/09\/1-DSC08954-300x200.jpg\" alt=\"\" width=\"600\" height=\"400\" srcset=\"https:\/\/media.husbilenfrida.se\/2018\/09\/1-DSC08954-300x200.jpg 300w, https:\/\/media.husbilenfrida.se\/2018\/09\/1-DSC08954-768x513.jpg 768w, https:\/\/media.husbilenfrida.se\/2018\/09\/1-DSC08954-1024x683.jpg 1024w, https:\/\/media.husbilenfrida.se\/2018\/09\/1-DSC08954-1200x801.jpg 1200w, https:\/\/media.husbilenfrida.se\/2018\/09\/1-DSC08954.jpg 1500w\" sizes=\"auto, (max-width: 709px) 85vw, (max-width: 909px) 67vw, (max-width: 984px) 61vw, (max-width: 1362px) 45vw, 600px\" \/><\/a><\/p>\n<p><a href=\"http:\/\/media.husbilenfrida.se\/2018\/09\/1-DSC08955.jpg\"><img loading=\"lazy\" decoding=\"async\" class=\"alignnone wp-image-1812\" src=\"http:\/\/media.husbilenfrida.se\/2018\/09\/1-DSC08955-300x200.jpg\" alt=\"\" width=\"600\" height=\"400\" srcset=\"https:\/\/media.husbilenfrida.se\/2018\/09\/1-DSC08955-300x200.jpg 300w, https:\/\/media.husbilenfrida.se\/2018\/09\/1-DSC08955-768x513.jpg 768w, https:\/\/media.husbilenfrida.se\/2018\/09\/1-DSC08955-1024x683.jpg 1024w, https:\/\/media.husbilenfrida.se\/2018\/09\/1-DSC08955-1200x801.jpg 1200w, https:\/\/media.husbilenfrida.se\/2018\/09\/1-DSC08955.jpg 1500w\" sizes=\"auto, (max-width: 709px) 85vw, (max-width: 909px) 67vw, (max-width: 984px) 61vw, (max-width: 1362px) 45vw, 600px\" \/><\/a><\/p>\n<p><a href=\"http:\/\/media.husbilenfrida.se\/2018\/09\/2-DSC08919.jpg\"><img loading=\"lazy\" decoding=\"async\" class=\"alignnone wp-image-1814\" src=\"http:\/\/media.husbilenfrida.se\/2018\/09\/2-DSC08919-300x200.jpg\" alt=\"\" width=\"600\" height=\"400\" srcset=\"https:\/\/media.husbilenfrida.se\/2018\/09\/2-DSC08919-300x200.jpg 300w, https:\/\/media.husbilenfrida.se\/2018\/09\/2-DSC08919-768x513.jpg 768w, https:\/\/media.husbilenfrida.se\/2018\/09\/2-DSC08919-1024x683.jpg 1024w, https:\/\/media.husbilenfrida.se\/2018\/09\/2-DSC08919-1200x801.jpg 1200w, https:\/\/media.husbilenfrida.se\/2018\/09\/2-DSC08919.jpg 1500w\" sizes=\"auto, (max-width: 709px) 85vw, (max-width: 909px) 67vw, (max-width: 984px) 61vw, (max-width: 1362px) 45vw, 600px\" \/><\/a><br \/>\nScharnebeck b\u00f6rjade byggas 1974 och del-invigdes den 5 december 1975. Det var d\u00e5 v\u00e4rldens st\u00f6rsta b\u00e5tlyft.<a href=\"http:\/\/media.husbilenfrida.se\/2018\/09\/1-DSC08918.jpg\"><img loading=\"lazy\" decoding=\"async\" class=\"alignnone wp-image-1810\" src=\"http:\/\/media.husbilenfrida.se\/2018\/09\/1-DSC08918-300x200.jpg\" alt=\"\" width=\"600\" height=\"400\" srcset=\"https:\/\/media.husbilenfrida.se\/2018\/09\/1-DSC08918-300x200.jpg 300w, https:\/\/media.husbilenfrida.se\/2018\/09\/1-DSC08918-768x513.jpg 768w, https:\/\/media.husbilenfrida.se\/2018\/09\/1-DSC08918-1024x683.jpg 1024w, https:\/\/media.husbilenfrida.se\/2018\/09\/1-DSC08918-1200x801.jpg 1200w, https:\/\/media.husbilenfrida.se\/2018\/09\/1-DSC08918.jpg 1500w\" sizes=\"auto, (max-width: 709px) 85vw, (max-width: 909px) 67vw, (max-width: 984px) 61vw, (max-width: 1362px) 45vw, 600px\" \/><\/a><\/p>\n<p><a href=\"https:\/\/husbilenfrida.se\/?attachment_id=1815\"><img loading=\"lazy\" decoding=\"async\" class=\"alignnone wp-image-1815\" src=\"http:\/\/media.husbilenfrida.se\/2018\/09\/3-DSC08922-300x200.jpg\" alt=\"\" width=\"600\" height=\"400\" srcset=\"https:\/\/media.husbilenfrida.se\/2018\/09\/3-DSC08922-300x200.jpg 300w, https:\/\/media.husbilenfrida.se\/2018\/09\/3-DSC08922-768x513.jpg 768w, https:\/\/media.husbilenfrida.se\/2018\/09\/3-DSC08922-1024x683.jpg 1024w, https:\/\/media.husbilenfrida.se\/2018\/09\/3-DSC08922-1200x801.jpg 1200w, https:\/\/media.husbilenfrida.se\/2018\/09\/3-DSC08922.jpg 1500w\" sizes=\"auto, (max-width: 709px) 85vw, (max-width: 909px) 67vw, (max-width: 984px) 61vw, (max-width: 1362px) 45vw, 600px\" \/><\/a><br \/>\nLyftverket Scharnebeck best\u00e5r av tv\u00e5 tr\u00e5g med effektiva m\u00e5tten 100 meter x 11,8 meter och 3,38 meter djup. Lyfth\u00f6jden \u00e4r hela 38 meter. M\u00e4ktigt.<a href=\"http:\/\/media.husbilenfrida.se\/2018\/09\/4-DSC08929.jpg\"><img loading=\"lazy\" decoding=\"async\" class=\"alignnone wp-image-1816\" src=\"http:\/\/media.husbilenfrida.se\/2018\/09\/4-DSC08929-300x200.jpg\" alt=\"\" width=\"600\" height=\"400\" srcset=\"https:\/\/media.husbilenfrida.se\/2018\/09\/4-DSC08929-300x200.jpg 300w, https:\/\/media.husbilenfrida.se\/2018\/09\/4-DSC08929-768x513.jpg 768w, https:\/\/media.husbilenfrida.se\/2018\/09\/4-DSC08929-1024x683.jpg 1024w, https:\/\/media.husbilenfrida.se\/2018\/09\/4-DSC08929-1200x801.jpg 1200w, https:\/\/media.husbilenfrida.se\/2018\/09\/4-DSC08929.jpg 1500w\" sizes=\"auto, (max-width: 709px) 85vw, (max-width: 909px) 67vw, (max-width: 984px) 61vw, (max-width: 1362px) 45vw, 600px\" \/><\/a><\/p>\n<p><a href=\"http:\/\/media.husbilenfrida.se\/2018\/09\/5-DSC08938.jpg\"><img loading=\"lazy\" decoding=\"async\" class=\"alignnone wp-image-1817\" src=\"http:\/\/media.husbilenfrida.se\/2018\/09\/5-DSC08938-300x200.jpg\" alt=\"\" width=\"600\" height=\"400\" srcset=\"https:\/\/media.husbilenfrida.se\/2018\/09\/5-DSC08938-300x200.jpg 300w, https:\/\/media.husbilenfrida.se\/2018\/09\/5-DSC08938-768x513.jpg 768w, https:\/\/media.husbilenfrida.se\/2018\/09\/5-DSC08938-1024x683.jpg 1024w, https:\/\/media.husbilenfrida.se\/2018\/09\/5-DSC08938-1200x801.jpg 1200w, https:\/\/media.husbilenfrida.se\/2018\/09\/5-DSC08938.jpg 1500w\" sizes=\"auto, (max-width: 709px) 85vw, (max-width: 909px) 67vw, (max-width: 984px) 61vw, (max-width: 1362px) 45vw, 600px\" \/><\/a><\/p>\n<p><a href=\"http:\/\/media.husbilenfrida.se\/2018\/09\/6-DSC08950.jpg\"><img loading=\"lazy\" decoding=\"async\" class=\"alignnone wp-image-1818\" src=\"http:\/\/media.husbilenfrida.se\/2018\/09\/6-DSC08950-300x200.jpg\" alt=\"\" width=\"600\" height=\"400\" srcset=\"https:\/\/media.husbilenfrida.se\/2018\/09\/6-DSC08950-300x200.jpg 300w, https:\/\/media.husbilenfrida.se\/2018\/09\/6-DSC08950-768x513.jpg 768w, https:\/\/media.husbilenfrida.se\/2018\/09\/6-DSC08950-1024x683.jpg 1024w, https:\/\/media.husbilenfrida.se\/2018\/09\/6-DSC08950-1200x801.jpg 1200w, https:\/\/media.husbilenfrida.se\/2018\/09\/6-DSC08950.jpg 1500w\" sizes=\"auto, (max-width: 709px) 85vw, (max-width: 909px) 67vw, (max-width: 984px) 61vw, (max-width: 1362px) 45vw, 600px\" \/><\/a><\/p>\n<p><a href=\"http:\/\/media.husbilenfrida.se\/2018\/09\/7-DSC08952.jpg\"><img loading=\"lazy\" decoding=\"async\" class=\"alignnone wp-image-1819\" src=\"http:\/\/media.husbilenfrida.se\/2018\/09\/7-DSC08952-300x200.jpg\" alt=\"\" width=\"600\" height=\"400\" srcset=\"https:\/\/media.husbilenfrida.se\/2018\/09\/7-DSC08952-300x200.jpg 300w, https:\/\/media.husbilenfrida.se\/2018\/09\/7-DSC08952-768x513.jpg 768w, https:\/\/media.husbilenfrida.se\/2018\/09\/7-DSC08952-1024x683.jpg 1024w, https:\/\/media.husbilenfrida.se\/2018\/09\/7-DSC08952-1200x801.jpg 1200w, https:\/\/media.husbilenfrida.se\/2018\/09\/7-DSC08952.jpg 1500w\" sizes=\"auto, (max-width: 709px) 85vw, (max-width: 909px) 67vw, (max-width: 984px) 61vw, (max-width: 1362px) 45vw, 600px\" \/><\/a><\/p>\n<p>Dags f\u00f6r h\u00f6stk\u00e4nning, n\u00e4r man hittar l\u00f6v som ser ut s\u00e5 h\u00e4r.<a href=\"http:\/\/media.husbilenfrida.se\/2018\/09\/1-ho\u0308stlo\u0308v-DSC04298.jpg\"><br \/>\n<img loading=\"lazy\" decoding=\"async\" class=\"alignnone wp-image-1813\" src=\"http:\/\/media.husbilenfrida.se\/2018\/09\/1-ho\u0308stlo\u0308v-DSC04298-300x200.jpg\" alt=\"\" width=\"600\" height=\"400\" srcset=\"https:\/\/media.husbilenfrida.se\/2018\/09\/1-ho\u0308stlo\u0308v-DSC04298-300x200.jpg 300w, https:\/\/media.husbilenfrida.se\/2018\/09\/1-ho\u0308stlo\u0308v-DSC04298-768x512.jpg 768w, https:\/\/media.husbilenfrida.se\/2018\/09\/1-ho\u0308stlo\u0308v-DSC04298-1024x683.jpg 1024w, https:\/\/media.husbilenfrida.se\/2018\/09\/1-ho\u0308stlo\u0308v-DSC04298-1200x800.jpg 1200w, https:\/\/media.husbilenfrida.se\/2018\/09\/1-ho\u0308stlo\u0308v-DSC04298.jpg 1500w\" sizes=\"auto, (max-width: 709px) 85vw, (max-width: 909px) 67vw, (max-width: 984px) 61vw, (max-width: 1362px) 45vw, 600px\" \/><\/a><\/p>\n<p>En gemensam m\u00e5ltid blev det innan vi kr\u00f6p in i v\u00e4rmen i v\u00e5ra husbilar.<a href=\"http:\/\/media.husbilenfrida.se\/2018\/09\/0-DSC08957.jpg\"><img loading=\"lazy\" decoding=\"async\" class=\"alignnone wp-image-1820\" src=\"http:\/\/media.husbilenfrida.se\/2018\/09\/0-DSC08957-300x200.jpg\" alt=\"\" width=\"600\" height=\"400\" srcset=\"https:\/\/media.husbilenfrida.se\/2018\/09\/0-DSC08957-300x200.jpg 300w, https:\/\/media.husbilenfrida.se\/2018\/09\/0-DSC08957-768x513.jpg 768w, https:\/\/media.husbilenfrida.se\/2018\/09\/0-DSC08957-1024x683.jpg 1024w, https:\/\/media.husbilenfrida.se\/2018\/09\/0-DSC08957-1200x801.jpg 1200w, https:\/\/media.husbilenfrida.se\/2018\/09\/0-DSC08957.jpg 1500w\" sizes=\"auto, (max-width: 709px) 85vw, (max-width: 909px) 67vw, (max-width: 984px) 61vw, (max-width: 1362px) 45vw, 600px\" \/><\/a><\/p>\n<p>Kv\u00e4llen avslutades med att en luftballong sakta gled f\u00f6rbi i solnedg\u00e5ngen.<a href=\"http:\/\/media.husbilenfrida.se\/2018\/09\/0-DSC09616.jpg\"><img loading=\"lazy\" decoding=\"async\" class=\"alignnone wp-image-1821\" src=\"http:\/\/media.husbilenfrida.se\/2018\/09\/0-DSC09616-300x200.jpg\" alt=\"\" width=\"600\" height=\"400\" srcset=\"https:\/\/media.husbilenfrida.se\/2018\/09\/0-DSC09616-300x200.jpg 300w, https:\/\/media.husbilenfrida.se\/2018\/09\/0-DSC09616-768x512.jpg 768w, https:\/\/media.husbilenfrida.se\/2018\/09\/0-DSC09616-1024x683.jpg 1024w, https:\/\/media.husbilenfrida.se\/2018\/09\/0-DSC09616-1200x800.jpg 1200w, https:\/\/media.husbilenfrida.se\/2018\/09\/0-DSC09616.jpg 1500w\" sizes=\"auto, (max-width: 709px) 85vw, (max-width: 909px) 67vw, (max-width: 984px) 61vw, (max-width: 1362px) 45vw, 600px\" \/><\/a><\/p>\n<p><a href=\"http:\/\/media.husbilenfrida.se\/2018\/09\/0-DSC09629.jpg\"><img loading=\"lazy\" decoding=\"async\" class=\"alignnone wp-image-1822\" src=\"http:\/\/media.husbilenfrida.se\/2018\/09\/0-DSC09629-300x200.jpg\" alt=\"\" width=\"600\" height=\"400\" srcset=\"https:\/\/media.husbilenfrida.se\/2018\/09\/0-DSC09629-300x200.jpg 300w, https:\/\/media.husbilenfrida.se\/2018\/09\/0-DSC09629-768x512.jpg 768w, https:\/\/media.husbilenfrida.se\/2018\/09\/0-DSC09629-1024x683.jpg 1024w, https:\/\/media.husbilenfrida.se\/2018\/09\/0-DSC09629-1200x800.jpg 1200w, https:\/\/media.husbilenfrida.se\/2018\/09\/0-DSC09629.jpg 1500w\" sizes=\"auto, (max-width: 709px) 85vw, (max-width: 909px) 67vw, (max-width: 984px) 61vw, (max-width: 1362px) 45vw, 600px\" \/><\/a><\/p>\n","protected":false},"excerpt":{"rendered":"<p>Ett \u00e5terbes\u00f6k vid Scharnebeck och den v\u00e4lk\u00e4nda fartygshissen. Vi var h\u00e4r ocks\u00e5 f\u00f6r 2 \u00e5r sedan n\u00e4r vi var med p\u00e5 Dethleffsclubens \u201dinstegsresa\u201d till Tyskland men det \u00e4r s\u00e5 h\u00e4ftigt s\u00e5 det upplever man g\u00e4rna igen. St\u00e4llplats fanns i anslutning till fartygshissen. det blev en solig, men lite sval, kv\u00e4ll. Scharnebeck b\u00f6rjade byggas 1974 och &hellip; <a href=\"https:\/\/husbilenfrida.se\/?p=1808\" class=\"more-link\">Forts\u00e4tt l\u00e4sa<span class=\"screen-reader-text\"> \u201d180913 Scharnebeck (Moseldalen)\u201d<\/span><\/a><\/p>\n","protected":false},"author":1,"featured_media":0,"comment_status":"open","ping_status":"closed","sticky":false,"template":"","format":"standard","meta":{"footnotes":""},"categories":[1],"tags":[],"class_list":["post-1808","post","type-post","status-publish","format-standard","hentry","category-uncategorized"],"_links":{"self":[{"href":"https:\/\/husbilenfrida.se\/index.php?rest_route=\/wp\/v2\/posts\/1808","targetHints":{"allow":["GET"]}}],"collection":[{"href":"https:\/\/husbilenfrida.se\/index.php?rest_route=\/wp\/v2\/posts"}],"about":[{"href":"https:\/\/husbilenfrida.se\/index.php?rest_route=\/wp\/v2\/types\/post"}],"author":[{"embeddable":true,"href":"https:\/\/husbilenfrida.se\/index.php?rest_route=\/wp\/v2\/users\/1"}],"replies":[{"embeddable":true,"href":"https:\/\/husbilenfrida.se\/index.php?rest_route=%2Fwp%2Fv2%2Fcomments&post=1808"}],"version-history":[{"count":6,"href":"https:\/\/husbilenfrida.se\/index.php?rest_route=\/wp\/v2\/posts\/1808\/revisions"}],"predecessor-version":[{"id":2479,"href":"https:\/\/husbilenfrida.se\/index.php?rest_route=\/wp\/v2\/posts\/1808\/revisions\/2479"}],"wp:attachment":[{"href":"https:\/\/husbilenfrida.se\/index.php?rest_route=%2Fwp%2Fv2%2Fmedia&parent=1808"}],"wp:term":[{"taxonomy":"category","embeddable":true,"href":"https:\/\/husbilenfrida.se\/index.php?rest_route=%2Fwp%2Fv2%2Fcategories&post=1808"},{"taxonomy":"post_tag","embeddable":true,"href":"https:\/\/husbilenfrida.se\/index.php?rest_route=%2Fwp%2Fv2%2Ftags&post=1808"}],"curies":[{"name":"wp","href":"https:\/\/api.w.org\/{rel}","templated":true}]}}