{"id":1603,"date":"2018-08-20T20:33:22","date_gmt":"2018-08-20T20:33:22","guid":{"rendered":"http:\/\/husbilenfrida.se\/?p=1603"},"modified":"2018-08-22T07:12:25","modified_gmt":"2018-08-22T07:12:25","slug":"180816-180819-husbilstraff-med-dethleffsklubben-i-westerqwarn","status":"publish","type":"post","link":"https:\/\/husbilenfrida.se\/?p=1603","title":{"rendered":"180816 \u2013 180819 Husbilstr\u00e4ff med Dethleffsklubben i Westerqwarn"},"content":{"rendered":"<p><img loading=\"lazy\" decoding=\"async\" class=\"aligncenter wp-image-1611\" src=\"http:\/\/media.husbilenfrida.se\/2018\/08\/Ska\u0308rmavbild-2018-08-20-kl.-21.48.08-193x300.png\" alt=\"\" width=\"386\" height=\"600\" srcset=\"https:\/\/media.husbilenfrida.se\/2018\/08\/Ska\u0308rmavbild-2018-08-20-kl.-21.48.08-193x300.png 193w, https:\/\/media.husbilenfrida.se\/2018\/08\/Ska\u0308rmavbild-2018-08-20-kl.-21.48.08.png 407w\" sizes=\"auto, (max-width: 386px) 85vw, 386px\" \/><a href=\"http:\/\/media.husbilenfrida.se\/2018\/08\/Dag-2-Westerqwarn-DSC09245-1.jpg\"><img loading=\"lazy\" decoding=\"async\" class=\"alignnone wp-image-1675\" src=\"http:\/\/media.husbilenfrida.se\/2018\/08\/Dag-2-Westerqwarn-DSC09245-1-300x200.jpg\" alt=\"\" width=\"600\" height=\"400\" srcset=\"https:\/\/media.husbilenfrida.se\/2018\/08\/Dag-2-Westerqwarn-DSC09245-1-300x200.jpg 300w, https:\/\/media.husbilenfrida.se\/2018\/08\/Dag-2-Westerqwarn-DSC09245-1-768x512.jpg 768w, https:\/\/media.husbilenfrida.se\/2018\/08\/Dag-2-Westerqwarn-DSC09245-1.jpg 1024w\" sizes=\"auto, (max-width: 709px) 85vw, (max-width: 909px) 67vw, (max-width: 984px) 61vw, (max-width: 1362px) 45vw, 600px\" \/><\/a><br \/>\nP\u00e5 torsdagen b\u00f6rjade de f\u00f6rsta husbilsekipagen rulla in&#8230;<br \/>\n&#8230;Beachflaggor och banderoller v\u00e4lkomnade deltagarna&#8230;<a href=\"http:\/\/media.husbilenfrida.se\/2018\/08\/Dag-1-Westerqwarn-DSC03936.jpg\"><img loading=\"lazy\" decoding=\"async\" class=\"alignnone wp-image-1605\" src=\"http:\/\/media.husbilenfrida.se\/2018\/08\/Dag-1-Westerqwarn-DSC03936-300x200.jpg\" alt=\"\" width=\"600\" height=\"400\" srcset=\"https:\/\/media.husbilenfrida.se\/2018\/08\/Dag-1-Westerqwarn-DSC03936-300x200.jpg 300w, https:\/\/media.husbilenfrida.se\/2018\/08\/Dag-1-Westerqwarn-DSC03936-768x512.jpg 768w, https:\/\/media.husbilenfrida.se\/2018\/08\/Dag-1-Westerqwarn-DSC03936.jpg 1024w\" sizes=\"auto, (max-width: 709px) 85vw, (max-width: 909px) 67vw, (max-width: 984px) 61vw, (max-width: 1362px) 45vw, 600px\" \/><\/a><\/p>\n<p>N\u00e4r f\u00f6rberedelserna var klara fick vi lite go\u00b4fika i innan deltagarna b\u00f6rjade rulla in&#8230;<br \/>\n<a href=\"http:\/\/media.husbilenfrida.se\/2018\/08\/Dag-1-Westerqwarn-DSC03925.jpg\"><img loading=\"lazy\" decoding=\"async\" class=\"alignnone wp-image-1604\" src=\"http:\/\/media.husbilenfrida.se\/2018\/08\/Dag-1-Westerqwarn-DSC03925-300x200.jpg\" alt=\"\" width=\"600\" height=\"400\" srcset=\"https:\/\/media.husbilenfrida.se\/2018\/08\/Dag-1-Westerqwarn-DSC03925-300x200.jpg 300w, https:\/\/media.husbilenfrida.se\/2018\/08\/Dag-1-Westerqwarn-DSC03925-768x512.jpg 768w, https:\/\/media.husbilenfrida.se\/2018\/08\/Dag-1-Westerqwarn-DSC03925.jpg 1024w\" sizes=\"auto, (max-width: 709px) 85vw, (max-width: 909px) 67vw, (max-width: 984px) 61vw, (max-width: 1362px) 45vw, 600px\" \/><\/a><br \/>\n&#8230;Benny och Tomas tog som vanligt emot g\u00e4sterna och h\u00e4lsade dem v\u00e4lkomna&#8230;<br \/>\n<a href=\"http:\/\/media.husbilenfrida.se\/2018\/08\/Dag-1-Westerqwarn-DSC03939.jpg\"><img loading=\"lazy\" decoding=\"async\" class=\"alignnone wp-image-1606\" src=\"http:\/\/media.husbilenfrida.se\/2018\/08\/Dag-1-Westerqwarn-DSC03939-300x200.jpg\" alt=\"\" width=\"600\" height=\"400\" srcset=\"https:\/\/media.husbilenfrida.se\/2018\/08\/Dag-1-Westerqwarn-DSC03939-300x200.jpg 300w, https:\/\/media.husbilenfrida.se\/2018\/08\/Dag-1-Westerqwarn-DSC03939-768x512.jpg 768w, https:\/\/media.husbilenfrida.se\/2018\/08\/Dag-1-Westerqwarn-DSC03939.jpg 1024w\" sizes=\"auto, (max-width: 709px) 85vw, (max-width: 909px) 67vw, (max-width: 984px) 61vw, (max-width: 1362px) 45vw, 600px\" \/><\/a><br \/>\n&#8230;klockan 18 var det grilldags och det sedvanliga l\u00e5ngbordet v\u00e4xte fram&#8230;<br \/>\n<a href=\"http:\/\/media.husbilenfrida.se\/2018\/08\/Dag-1-Westerqwarn-DSC03946.jpg\"><img loading=\"lazy\" decoding=\"async\" class=\"alignnone wp-image-1607\" src=\"http:\/\/media.husbilenfrida.se\/2018\/08\/Dag-1-Westerqwarn-DSC03946-300x200.jpg\" alt=\"\" width=\"600\" height=\"400\" srcset=\"https:\/\/media.husbilenfrida.se\/2018\/08\/Dag-1-Westerqwarn-DSC03946-300x200.jpg 300w, https:\/\/media.husbilenfrida.se\/2018\/08\/Dag-1-Westerqwarn-DSC03946-768x512.jpg 768w, https:\/\/media.husbilenfrida.se\/2018\/08\/Dag-1-Westerqwarn-DSC03946.jpg 1024w\" sizes=\"auto, (max-width: 709px) 85vw, (max-width: 909px) 67vw, (max-width: 984px) 61vw, (max-width: 1362px) 45vw, 600px\" \/><\/a><\/p>\n<p><a href=\"http:\/\/media.husbilenfrida.se\/2018\/08\/Dag-1-Westerqwarn-DSC03951.jpg\"><img loading=\"lazy\" decoding=\"async\" class=\"alignnone wp-image-1608\" src=\"http:\/\/media.husbilenfrida.se\/2018\/08\/Dag-1-Westerqwarn-DSC03951-300x200.jpg\" alt=\"\" width=\"600\" height=\"400\" srcset=\"https:\/\/media.husbilenfrida.se\/2018\/08\/Dag-1-Westerqwarn-DSC03951-300x200.jpg 300w, https:\/\/media.husbilenfrida.se\/2018\/08\/Dag-1-Westerqwarn-DSC03951-768x512.jpg 768w, https:\/\/media.husbilenfrida.se\/2018\/08\/Dag-1-Westerqwarn-DSC03951.jpg 1024w\" sizes=\"auto, (max-width: 709px) 85vw, (max-width: 909px) 67vw, (max-width: 984px) 61vw, (max-width: 1362px) 45vw, 600px\" \/><\/a><br \/>\n<a href=\"http:\/\/media.husbilenfrida.se\/2018\/08\/Dag-1-Westerqwarn-DSC03957.jpg\"><img loading=\"lazy\" decoding=\"async\" class=\"alignnone wp-image-1610\" src=\"http:\/\/media.husbilenfrida.se\/2018\/08\/Dag-1-Westerqwarn-DSC03957-300x200.jpg\" alt=\"\" width=\"600\" height=\"400\" srcset=\"https:\/\/media.husbilenfrida.se\/2018\/08\/Dag-1-Westerqwarn-DSC03957-300x200.jpg 300w, https:\/\/media.husbilenfrida.se\/2018\/08\/Dag-1-Westerqwarn-DSC03957-768x512.jpg 768w, https:\/\/media.husbilenfrida.se\/2018\/08\/Dag-1-Westerqwarn-DSC03957.jpg 1024w\" sizes=\"auto, (max-width: 709px) 85vw, (max-width: 909px) 67vw, (max-width: 984px) 61vw, (max-width: 1362px) 45vw, 600px\" \/><\/a><\/p>\n<p><a href=\"http:\/\/media.husbilenfrida.se\/2018\/08\/Dag-1-Westerqwarn-DSC03955.jpg\"><img loading=\"lazy\" decoding=\"async\" class=\"alignnone wp-image-1609\" src=\"http:\/\/media.husbilenfrida.se\/2018\/08\/Dag-1-Westerqwarn-DSC03955-300x200.jpg\" alt=\"\" width=\"600\" height=\"400\" srcset=\"https:\/\/media.husbilenfrida.se\/2018\/08\/Dag-1-Westerqwarn-DSC03955-300x200.jpg 300w, https:\/\/media.husbilenfrida.se\/2018\/08\/Dag-1-Westerqwarn-DSC03955-768x512.jpg 768w, https:\/\/media.husbilenfrida.se\/2018\/08\/Dag-1-Westerqwarn-DSC03955.jpg 1024w\" sizes=\"auto, (max-width: 709px) 85vw, (max-width: 909px) 67vw, (max-width: 984px) 61vw, (max-width: 1362px) 45vw, 600px\" \/><\/a><\/p>\n<p>P\u00e5 fredagsf\u00f6rmiddagen var det dags f\u00f6r mig att ha ett pass som jag kallade &#8221;G\u00f6r b\u00e4ttre bilder med din kamera&#8221;. Jag gick igenom hur kameran fungerar med bl\u00e4ndare, fokus, vitbalans,\u00a0 ISO-tal och konsten att komponera en bild osv&#8230;<br \/>\n&#8230;deltagarna fick tr\u00e4na p\u00e5 att ta portr\u00e4tt med hj\u00e4lp av reflexsk\u00e4rm &#8230;<br \/>\n<a href=\"http:\/\/media.husbilenfrida.se\/2018\/08\/Dag-2-Westerqwarn-DSC03962.jpg\"><img loading=\"lazy\" decoding=\"async\" class=\"alignnone wp-image-1612\" src=\"http:\/\/media.husbilenfrida.se\/2018\/08\/Dag-2-Westerqwarn-DSC03962-300x200.jpg\" alt=\"\" width=\"600\" height=\"400\" srcset=\"https:\/\/media.husbilenfrida.se\/2018\/08\/Dag-2-Westerqwarn-DSC03962-300x200.jpg 300w, https:\/\/media.husbilenfrida.se\/2018\/08\/Dag-2-Westerqwarn-DSC03962-768x512.jpg 768w, https:\/\/media.husbilenfrida.se\/2018\/08\/Dag-2-Westerqwarn-DSC03962.jpg 1024w\" sizes=\"auto, (max-width: 709px) 85vw, (max-width: 909px) 67vw, (max-width: 984px) 61vw, (max-width: 1362px) 45vw, 600px\" \/><\/a><\/p>\n<p><a href=\"http:\/\/media.husbilenfrida.se\/2018\/08\/Dag-2-Westerqwarn-DSC03966.jpg\"><img loading=\"lazy\" decoding=\"async\" class=\"alignnone wp-image-1613\" src=\"http:\/\/media.husbilenfrida.se\/2018\/08\/Dag-2-Westerqwarn-DSC03966-300x200.jpg\" alt=\"\" width=\"600\" height=\"400\" srcset=\"https:\/\/media.husbilenfrida.se\/2018\/08\/Dag-2-Westerqwarn-DSC03966-300x200.jpg 300w, https:\/\/media.husbilenfrida.se\/2018\/08\/Dag-2-Westerqwarn-DSC03966-768x512.jpg 768w, https:\/\/media.husbilenfrida.se\/2018\/08\/Dag-2-Westerqwarn-DSC03966.jpg 1024w\" sizes=\"auto, (max-width: 709px) 85vw, (max-width: 909px) 67vw, (max-width: 984px) 61vw, (max-width: 1362px) 45vw, 600px\" \/><\/a><\/p>\n<p><a href=\"http:\/\/media.husbilenfrida.se\/2018\/08\/Dag-2-Westerqwarn-DSC03968.jpg\"><img loading=\"lazy\" decoding=\"async\" class=\"alignnone wp-image-1614\" src=\"http:\/\/media.husbilenfrida.se\/2018\/08\/Dag-2-Westerqwarn-DSC03968-300x200.jpg\" alt=\"\" width=\"600\" height=\"400\" srcset=\"https:\/\/media.husbilenfrida.se\/2018\/08\/Dag-2-Westerqwarn-DSC03968-300x200.jpg 300w, https:\/\/media.husbilenfrida.se\/2018\/08\/Dag-2-Westerqwarn-DSC03968-768x512.jpg 768w, https:\/\/media.husbilenfrida.se\/2018\/08\/Dag-2-Westerqwarn-DSC03968.jpg 1024w\" sizes=\"auto, (max-width: 709px) 85vw, (max-width: 909px) 67vw, (max-width: 984px) 61vw, (max-width: 1362px) 45vw, 600px\" \/><\/a><\/p>\n<p><a href=\"http:\/\/media.husbilenfrida.se\/2018\/08\/Dag-2-Westerqwarn-DSC03969.jpg\"><img loading=\"lazy\" decoding=\"async\" class=\"alignnone wp-image-1615\" src=\"http:\/\/media.husbilenfrida.se\/2018\/08\/Dag-2-Westerqwarn-DSC03969-300x200.jpg\" alt=\"\" width=\"600\" height=\"400\" srcset=\"https:\/\/media.husbilenfrida.se\/2018\/08\/Dag-2-Westerqwarn-DSC03969-300x200.jpg 300w, https:\/\/media.husbilenfrida.se\/2018\/08\/Dag-2-Westerqwarn-DSC03969-768x512.jpg 768w, https:\/\/media.husbilenfrida.se\/2018\/08\/Dag-2-Westerqwarn-DSC03969.jpg 1024w\" sizes=\"auto, (max-width: 709px) 85vw, (max-width: 909px) 67vw, (max-width: 984px) 61vw, (max-width: 1362px) 45vw, 600px\" \/><\/a><br \/>\n&#8230;sen p\u00e5 eftermiddagen fick vi lite fysisk aktivitet med en Boulet\u00e4vling&#8230;<a href=\"http:\/\/media.husbilenfrida.se\/2018\/08\/Dag-2-Westerqwarn-DSC03982.jpg\"><img loading=\"lazy\" decoding=\"async\" class=\"alignnone wp-image-1616\" src=\"http:\/\/media.husbilenfrida.se\/2018\/08\/Dag-2-Westerqwarn-DSC03982-300x200.jpg\" alt=\"\" width=\"600\" height=\"400\" srcset=\"https:\/\/media.husbilenfrida.se\/2018\/08\/Dag-2-Westerqwarn-DSC03982-300x200.jpg 300w, https:\/\/media.husbilenfrida.se\/2018\/08\/Dag-2-Westerqwarn-DSC03982-768x512.jpg 768w, https:\/\/media.husbilenfrida.se\/2018\/08\/Dag-2-Westerqwarn-DSC03982.jpg 1024w\" sizes=\"auto, (max-width: 709px) 85vw, (max-width: 909px) 67vw, (max-width: 984px) 61vw, (max-width: 1362px) 45vw, 600px\" \/><\/a><\/p>\n<p><a href=\"http:\/\/media.husbilenfrida.se\/2018\/08\/Dag-2-Westerqwarn-DSC03987.jpg\"><img loading=\"lazy\" decoding=\"async\" class=\"alignnone wp-image-1617\" src=\"http:\/\/media.husbilenfrida.se\/2018\/08\/Dag-2-Westerqwarn-DSC03987-300x200.jpg\" alt=\"\" width=\"600\" height=\"400\" srcset=\"https:\/\/media.husbilenfrida.se\/2018\/08\/Dag-2-Westerqwarn-DSC03987-300x200.jpg 300w, https:\/\/media.husbilenfrida.se\/2018\/08\/Dag-2-Westerqwarn-DSC03987-768x512.jpg 768w, https:\/\/media.husbilenfrida.se\/2018\/08\/Dag-2-Westerqwarn-DSC03987.jpg 1024w\" sizes=\"auto, (max-width: 709px) 85vw, (max-width: 909px) 67vw, (max-width: 984px) 61vw, (max-width: 1362px) 45vw, 600px\" \/><\/a><\/p>\n<p><a href=\"http:\/\/media.husbilenfrida.se\/2018\/08\/Dag-2-Westerqwarn-DSC03989.jpg\"><img loading=\"lazy\" decoding=\"async\" class=\"alignnone wp-image-1618\" src=\"http:\/\/media.husbilenfrida.se\/2018\/08\/Dag-2-Westerqwarn-DSC03989-300x200.jpg\" alt=\"\" width=\"600\" height=\"400\" srcset=\"https:\/\/media.husbilenfrida.se\/2018\/08\/Dag-2-Westerqwarn-DSC03989-300x200.jpg 300w, https:\/\/media.husbilenfrida.se\/2018\/08\/Dag-2-Westerqwarn-DSC03989-768x512.jpg 768w, https:\/\/media.husbilenfrida.se\/2018\/08\/Dag-2-Westerqwarn-DSC03989.jpg 1024w\" sizes=\"auto, (max-width: 709px) 85vw, (max-width: 909px) 67vw, (max-width: 984px) 61vw, (max-width: 1362px) 45vw, 600px\" \/><\/a><\/p>\n<p><a href=\"http:\/\/media.husbilenfrida.se\/2018\/08\/Dag-2-Westerqwarn-DSC03992.jpg\"><img loading=\"lazy\" decoding=\"async\" class=\"alignnone wp-image-1619\" src=\"http:\/\/media.husbilenfrida.se\/2018\/08\/Dag-2-Westerqwarn-DSC03992-300x200.jpg\" alt=\"\" width=\"600\" height=\"400\" srcset=\"https:\/\/media.husbilenfrida.se\/2018\/08\/Dag-2-Westerqwarn-DSC03992-300x200.jpg 300w, https:\/\/media.husbilenfrida.se\/2018\/08\/Dag-2-Westerqwarn-DSC03992-768x512.jpg 768w, https:\/\/media.husbilenfrida.se\/2018\/08\/Dag-2-Westerqwarn-DSC03992.jpg 1024w\" sizes=\"auto, (max-width: 709px) 85vw, (max-width: 909px) 67vw, (max-width: 984px) 61vw, (max-width: 1362px) 45vw, 600px\" \/><\/a><\/p>\n<p>&#8230;och sen var det dags f\u00f6r kv\u00e4llens l\u00e5ngbord&#8230;<a href=\"http:\/\/media.husbilenfrida.se\/2018\/08\/Dag-2-Westerqwarn-DSC03999.jpg\"><img loading=\"lazy\" decoding=\"async\" class=\"alignnone wp-image-1620\" src=\"http:\/\/media.husbilenfrida.se\/2018\/08\/Dag-2-Westerqwarn-DSC03999-300x200.jpg\" alt=\"\" width=\"600\" height=\"400\" srcset=\"https:\/\/media.husbilenfrida.se\/2018\/08\/Dag-2-Westerqwarn-DSC03999-300x200.jpg 300w, https:\/\/media.husbilenfrida.se\/2018\/08\/Dag-2-Westerqwarn-DSC03999-768x512.jpg 768w, https:\/\/media.husbilenfrida.se\/2018\/08\/Dag-2-Westerqwarn-DSC03999.jpg 1024w\" sizes=\"auto, (max-width: 709px) 85vw, (max-width: 909px) 67vw, (max-width: 984px) 61vw, (max-width: 1362px) 45vw, 600px\" \/><\/a><\/p>\n<p><a href=\"http:\/\/media.husbilenfrida.se\/2018\/08\/Dag-2-Westerqwarn-DSC04009.jpg\"><img loading=\"lazy\" decoding=\"async\" class=\"alignnone wp-image-1621\" src=\"http:\/\/media.husbilenfrida.se\/2018\/08\/Dag-2-Westerqwarn-DSC04009-300x200.jpg\" alt=\"\" width=\"600\" height=\"400\" srcset=\"https:\/\/media.husbilenfrida.se\/2018\/08\/Dag-2-Westerqwarn-DSC04009-300x200.jpg 300w, https:\/\/media.husbilenfrida.se\/2018\/08\/Dag-2-Westerqwarn-DSC04009-768x512.jpg 768w, https:\/\/media.husbilenfrida.se\/2018\/08\/Dag-2-Westerqwarn-DSC04009.jpg 1024w\" sizes=\"auto, (max-width: 709px) 85vw, (max-width: 909px) 67vw, (max-width: 984px) 61vw, (max-width: 1362px) 45vw, 600px\" \/><\/a><br \/>\n&#8230;det stod en husvagn p\u00e5 parkeringen bredvid oss med ett g\u00e4ng tjejer som hade m\u00f6hippa. De var spralliga och roliga, bl.a. s\u00e5lde de lotter och en av oss k\u00f6pte hela lottringen som vi andra fick k\u00f6pa in oss i. S\u00e5 n\u00e4r det var dags f\u00f6r lottdragning blev det riktigt liv i luckan&#8230;<a href=\"http:\/\/media.husbilenfrida.se\/2018\/08\/Dag-2-Westerqwarn-DSC04021.jpg\"><img loading=\"lazy\" decoding=\"async\" class=\"alignnone wp-image-1622\" src=\"http:\/\/media.husbilenfrida.se\/2018\/08\/Dag-2-Westerqwarn-DSC04021-300x200.jpg\" alt=\"\" width=\"600\" height=\"400\" srcset=\"https:\/\/media.husbilenfrida.se\/2018\/08\/Dag-2-Westerqwarn-DSC04021-300x200.jpg 300w, https:\/\/media.husbilenfrida.se\/2018\/08\/Dag-2-Westerqwarn-DSC04021-768x512.jpg 768w, https:\/\/media.husbilenfrida.se\/2018\/08\/Dag-2-Westerqwarn-DSC04021.jpg 1024w\" sizes=\"auto, (max-width: 709px) 85vw, (max-width: 909px) 67vw, (max-width: 984px) 61vw, (max-width: 1362px) 45vw, 600px\" \/><\/a><\/p>\n<p>Senare\u00a0 p\u00e5 kv\u00e4llen vid 23-tiden upptr\u00e4dde Arvingarna vid Westerqwarn. De var riktigt bra och bj\u00f6d p\u00e5 fullt \u00f6s under hela showen.<br \/>\n<a href=\"https:\/\/youtu.be\/rF5hTV3vn7E\">Klicka p\u00e5 l\u00e4nken f\u00f6r att h\u00f6r Arvingarnas Eloise som dom framf\u00f6rde p\u00e5 Westerqwarn.<\/a><br \/>\n<a href=\"http:\/\/media.husbilenfrida.se\/2018\/08\/Dag-2-Westerqwarn-DSC08634.jpg\"><img loading=\"lazy\" decoding=\"async\" class=\"alignnone wp-image-1624\" src=\"http:\/\/media.husbilenfrida.se\/2018\/08\/Dag-2-Westerqwarn-DSC08634-300x200.jpg\" alt=\"\" width=\"600\" height=\"401\" srcset=\"https:\/\/media.husbilenfrida.se\/2018\/08\/Dag-2-Westerqwarn-DSC08634-300x200.jpg 300w, https:\/\/media.husbilenfrida.se\/2018\/08\/Dag-2-Westerqwarn-DSC08634-768x513.jpg 768w, https:\/\/media.husbilenfrida.se\/2018\/08\/Dag-2-Westerqwarn-DSC08634.jpg 1024w\" sizes=\"auto, (max-width: 709px) 85vw, (max-width: 909px) 67vw, (max-width: 984px) 61vw, (max-width: 1362px) 45vw, 600px\" \/><\/a><\/p>\n<p><a href=\"http:\/\/media.husbilenfrida.se\/2018\/08\/Dag-2-Westerqwarn-DSC08644.jpg\"><img loading=\"lazy\" decoding=\"async\" class=\"alignnone wp-image-1625\" src=\"http:\/\/media.husbilenfrida.se\/2018\/08\/Dag-2-Westerqwarn-DSC08644-300x200.jpg\" alt=\"\" width=\"600\" height=\"401\" srcset=\"https:\/\/media.husbilenfrida.se\/2018\/08\/Dag-2-Westerqwarn-DSC08644-300x200.jpg 300w, https:\/\/media.husbilenfrida.se\/2018\/08\/Dag-2-Westerqwarn-DSC08644-768x513.jpg 768w, https:\/\/media.husbilenfrida.se\/2018\/08\/Dag-2-Westerqwarn-DSC08644.jpg 1024w\" sizes=\"auto, (max-width: 709px) 85vw, (max-width: 909px) 67vw, (max-width: 984px) 61vw, (max-width: 1362px) 45vw, 600px\" \/><\/a><\/p>\n<p><a href=\"http:\/\/media.husbilenfrida.se\/2018\/08\/Dag-2-Westerqwarn-DSC08646.jpg\"><img loading=\"lazy\" decoding=\"async\" class=\"alignnone wp-image-1626\" src=\"http:\/\/media.husbilenfrida.se\/2018\/08\/Dag-2-Westerqwarn-DSC08646-300x200.jpg\" alt=\"\" width=\"600\" height=\"401\" srcset=\"https:\/\/media.husbilenfrida.se\/2018\/08\/Dag-2-Westerqwarn-DSC08646-300x200.jpg 300w, https:\/\/media.husbilenfrida.se\/2018\/08\/Dag-2-Westerqwarn-DSC08646-768x513.jpg 768w, https:\/\/media.husbilenfrida.se\/2018\/08\/Dag-2-Westerqwarn-DSC08646.jpg 1024w\" sizes=\"auto, (max-width: 709px) 85vw, (max-width: 909px) 67vw, (max-width: 984px) 61vw, (max-width: 1362px) 45vw, 600px\" \/><\/a><\/p>\n<p>Vid eftermiddagen p\u00e5 fredagen hade alla 23 deltagande husbilar anl\u00e4nt.<a href=\"http:\/\/media.husbilenfrida.se\/2018\/08\/Dag-3-Westerqwarn-DSC09268.jpg\"><img loading=\"lazy\" decoding=\"async\" class=\"alignnone wp-image-1638\" src=\"http:\/\/media.husbilenfrida.se\/2018\/08\/Dag-3-Westerqwarn-DSC09268-300x200.jpg\" alt=\"\" width=\"600\" height=\"400\" srcset=\"https:\/\/media.husbilenfrida.se\/2018\/08\/Dag-3-Westerqwarn-DSC09268-300x200.jpg 300w, https:\/\/media.husbilenfrida.se\/2018\/08\/Dag-3-Westerqwarn-DSC09268-768x512.jpg 768w, https:\/\/media.husbilenfrida.se\/2018\/08\/Dag-3-Westerqwarn-DSC09268.jpg 1024w\" sizes=\"auto, (max-width: 709px) 85vw, (max-width: 909px) 67vw, (max-width: 984px) 61vw, (max-width: 1362px) 45vw, 600px\" \/><\/a><\/p>\n<p>Dag 3, l\u00f6rdag, startade med ett f\u00f6rmiddagspass d\u00e5 medlemmar fr\u00e5n klubben ber\u00e4ttade om sina erfarenheter kring att resa med husbil i Europa&#8230;<br \/>\nF\u00f6rst p\u00e5 plan var Wivianne och Benny som ber\u00e4ttade om sin l\u00e5ngresa till Spanien&#8230;de ber\u00e4ttade om och gav tips p\u00e5 vad man beh\u00f6ver t\u00e4nka p\u00e5 innan man sticker iv\u00e4g p\u00e5 sin l\u00e5ngresa. Vi fick ocks\u00e5 en bra info om hur mycket utgifter och kostnader som man kan r\u00e4kna med f\u00f6r br\u00e4nsle, st\u00e4llplats- och campingavgifter mm&#8230;<br \/>\n<a href=\"http:\/\/media.husbilenfrida.se\/2018\/08\/Dag-3-Westerqwarn-DSC04042.jpg\"><img loading=\"lazy\" decoding=\"async\" class=\"alignnone wp-image-1630\" src=\"http:\/\/media.husbilenfrida.se\/2018\/08\/Dag-3-Westerqwarn-DSC04042-300x200.jpg\" alt=\"\" width=\"600\" height=\"400\" srcset=\"https:\/\/media.husbilenfrida.se\/2018\/08\/Dag-3-Westerqwarn-DSC04042-300x200.jpg 300w, https:\/\/media.husbilenfrida.se\/2018\/08\/Dag-3-Westerqwarn-DSC04042-768x512.jpg 768w, https:\/\/media.husbilenfrida.se\/2018\/08\/Dag-3-Westerqwarn-DSC04042.jpg 1024w\" sizes=\"auto, (max-width: 709px) 85vw, (max-width: 909px) 67vw, (max-width: 984px) 61vw, (max-width: 1362px) 45vw, 600px\" \/><\/a><\/p>\n<p><a href=\"http:\/\/media.husbilenfrida.se\/2018\/08\/Dag-3-Westerqwarn-DSC04043.jpg\"><img loading=\"lazy\" decoding=\"async\" class=\"alignnone wp-image-1631\" src=\"http:\/\/media.husbilenfrida.se\/2018\/08\/Dag-3-Westerqwarn-DSC04043-300x200.jpg\" alt=\"\" width=\"600\" height=\"400\" srcset=\"https:\/\/media.husbilenfrida.se\/2018\/08\/Dag-3-Westerqwarn-DSC04043-300x200.jpg 300w, https:\/\/media.husbilenfrida.se\/2018\/08\/Dag-3-Westerqwarn-DSC04043-768x512.jpg 768w, https:\/\/media.husbilenfrida.se\/2018\/08\/Dag-3-Westerqwarn-DSC04043.jpg 1024w\" sizes=\"auto, (max-width: 709px) 85vw, (max-width: 909px) 67vw, (max-width: 984px) 61vw, (max-width: 1362px) 45vw, 600px\" \/><\/a><\/p>\n<p>Sen var det dags f\u00f6r Birgitta och Sune som ber\u00e4ttade om sina resor i Polen och Ungern&#8230;<a href=\"http:\/\/media.husbilenfrida.se\/2018\/08\/Dag-3-Westerqwarn-DSC04050.jpg\"><img loading=\"lazy\" decoding=\"async\" class=\"alignnone wp-image-1632\" src=\"http:\/\/media.husbilenfrida.se\/2018\/08\/Dag-3-Westerqwarn-DSC04050-300x200.jpg\" alt=\"\" width=\"600\" height=\"400\" srcset=\"https:\/\/media.husbilenfrida.se\/2018\/08\/Dag-3-Westerqwarn-DSC04050-300x200.jpg 300w, https:\/\/media.husbilenfrida.se\/2018\/08\/Dag-3-Westerqwarn-DSC04050-768x512.jpg 768w, https:\/\/media.husbilenfrida.se\/2018\/08\/Dag-3-Westerqwarn-DSC04050.jpg 1024w\" sizes=\"auto, (max-width: 709px) 85vw, (max-width: 909px) 67vw, (max-width: 984px) 61vw, (max-width: 1362px) 45vw, 600px\" \/><\/a><\/p>\n<p><a href=\"http:\/\/media.husbilenfrida.se\/2018\/08\/Dag-3-Westerqwarn-DSC04056.jpg\"><img loading=\"lazy\" decoding=\"async\" class=\"alignnone wp-image-1634\" src=\"http:\/\/media.husbilenfrida.se\/2018\/08\/Dag-3-Westerqwarn-DSC04056-300x200.jpg\" alt=\"\" width=\"600\" height=\"400\" srcset=\"https:\/\/media.husbilenfrida.se\/2018\/08\/Dag-3-Westerqwarn-DSC04056-300x200.jpg 300w, https:\/\/media.husbilenfrida.se\/2018\/08\/Dag-3-Westerqwarn-DSC04056-768x512.jpg 768w, https:\/\/media.husbilenfrida.se\/2018\/08\/Dag-3-Westerqwarn-DSC04056.jpg 1024w\" sizes=\"auto, (max-width: 709px) 85vw, (max-width: 909px) 67vw, (max-width: 984px) 61vw, (max-width: 1362px) 45vw, 600px\" \/><\/a><\/p>\n<p><a href=\"http:\/\/media.husbilenfrida.se\/2018\/08\/Dag-3-Westerqwarn-DSC04055.jpg\"><img loading=\"lazy\" decoding=\"async\" class=\"alignnone wp-image-1633\" src=\"http:\/\/media.husbilenfrida.se\/2018\/08\/Dag-3-Westerqwarn-DSC04055-300x200.jpg\" alt=\"\" width=\"600\" height=\"400\" srcset=\"https:\/\/media.husbilenfrida.se\/2018\/08\/Dag-3-Westerqwarn-DSC04055-300x200.jpg 300w, https:\/\/media.husbilenfrida.se\/2018\/08\/Dag-3-Westerqwarn-DSC04055-768x512.jpg 768w, https:\/\/media.husbilenfrida.se\/2018\/08\/Dag-3-Westerqwarn-DSC04055.jpg 1024w\" sizes=\"auto, (max-width: 709px) 85vw, (max-width: 909px) 67vw, (max-width: 984px) 61vw, (max-width: 1362px) 45vw, 600px\" \/><\/a><\/p>\n<p>Berndt och Urban ber\u00e4ttade bl.a. om resor till Kroatien och Nordkap som de hade gjort under 2017 tillsammans med andra Dethleffsmedlemmar. Vi fick ocks\u00e5 se bilder och h\u00f6ra om Berndt och Lenas resa till Jokkmokks marknad.<a href=\"http:\/\/media.husbilenfrida.se\/2018\/08\/Dag-3-Westerqwarn-DSC04065.jpg\"><img loading=\"lazy\" decoding=\"async\" class=\"alignnone wp-image-1635\" src=\"http:\/\/media.husbilenfrida.se\/2018\/08\/Dag-3-Westerqwarn-DSC04065-300x200.jpg\" alt=\"\" width=\"600\" height=\"400\" srcset=\"https:\/\/media.husbilenfrida.se\/2018\/08\/Dag-3-Westerqwarn-DSC04065-300x200.jpg 300w, https:\/\/media.husbilenfrida.se\/2018\/08\/Dag-3-Westerqwarn-DSC04065-768x512.jpg 768w, https:\/\/media.husbilenfrida.se\/2018\/08\/Dag-3-Westerqwarn-DSC04065.jpg 1024w\" sizes=\"auto, (max-width: 709px) 85vw, (max-width: 909px) 67vw, (max-width: 984px) 61vw, (max-width: 1362px) 45vw, 600px\" \/><\/a><\/p>\n<p><a href=\"http:\/\/media.husbilenfrida.se\/2018\/08\/Dag-3-Westerqwarn-DSC04067.jpg\"><img loading=\"lazy\" decoding=\"async\" class=\"alignnone wp-image-1636\" src=\"http:\/\/media.husbilenfrida.se\/2018\/08\/Dag-3-Westerqwarn-DSC04067-300x200.jpg\" alt=\"\" width=\"600\" height=\"400\" srcset=\"https:\/\/media.husbilenfrida.se\/2018\/08\/Dag-3-Westerqwarn-DSC04067-300x200.jpg 300w, https:\/\/media.husbilenfrida.se\/2018\/08\/Dag-3-Westerqwarn-DSC04067-768x512.jpg 768w, https:\/\/media.husbilenfrida.se\/2018\/08\/Dag-3-Westerqwarn-DSC04067.jpg 1024w\" sizes=\"auto, (max-width: 709px) 85vw, (max-width: 909px) 67vw, (max-width: 984px) 61vw, (max-width: 1362px) 45vw, 600px\" \/><\/a><\/p>\n<p>S\u00e5 var det dags f\u00f6r den sp\u00e4nnande forts\u00e4ttningen p\u00e5 Boulet\u00e4vlingen.<a href=\"http:\/\/media.husbilenfrida.se\/2018\/08\/Dag-3-Westerqwarn-DSC09272.jpg\"><img loading=\"lazy\" decoding=\"async\" class=\"alignnone wp-image-1639\" src=\"http:\/\/media.husbilenfrida.se\/2018\/08\/Dag-3-Westerqwarn-DSC09272-300x200.jpg\" alt=\"\" width=\"600\" height=\"400\" srcset=\"https:\/\/media.husbilenfrida.se\/2018\/08\/Dag-3-Westerqwarn-DSC09272-300x200.jpg 300w, https:\/\/media.husbilenfrida.se\/2018\/08\/Dag-3-Westerqwarn-DSC09272-768x512.jpg 768w, https:\/\/media.husbilenfrida.se\/2018\/08\/Dag-3-Westerqwarn-DSC09272.jpg 1024w\" sizes=\"auto, (max-width: 709px) 85vw, (max-width: 909px) 67vw, (max-width: 984px) 61vw, (max-width: 1362px) 45vw, 600px\" \/><\/a><\/p>\n<p><a href=\"http:\/\/media.husbilenfrida.se\/2018\/08\/Dag-3-Westerqwarn-DSC09275.jpg\"><img loading=\"lazy\" decoding=\"async\" class=\"alignnone wp-image-1640\" src=\"http:\/\/media.husbilenfrida.se\/2018\/08\/Dag-3-Westerqwarn-DSC09275-300x201.jpg\" alt=\"\" width=\"600\" height=\"402\" srcset=\"https:\/\/media.husbilenfrida.se\/2018\/08\/Dag-3-Westerqwarn-DSC09275-300x201.jpg 300w, https:\/\/media.husbilenfrida.se\/2018\/08\/Dag-3-Westerqwarn-DSC09275-768x515.jpg 768w, https:\/\/media.husbilenfrida.se\/2018\/08\/Dag-3-Westerqwarn-DSC09275.jpg 1024w\" sizes=\"auto, (max-width: 709px) 85vw, (max-width: 909px) 67vw, (max-width: 984px) 61vw, (max-width: 1362px) 45vw, 600px\" \/><\/a><\/p>\n<p>Kv\u00e4llen avslutades med en riktigt trevlig Kr\u00e4ftskiva&#8230;<a href=\"http:\/\/media.husbilenfrida.se\/2018\/08\/Dag-3-Westerqwarn-DSC04075.jpg\"><img loading=\"lazy\" decoding=\"async\" class=\"alignnone wp-image-1641\" src=\"http:\/\/media.husbilenfrida.se\/2018\/08\/Dag-3-Westerqwarn-DSC04075-300x200.jpg\" alt=\"\" width=\"600\" height=\"400\" srcset=\"https:\/\/media.husbilenfrida.se\/2018\/08\/Dag-3-Westerqwarn-DSC04075-300x200.jpg 300w, https:\/\/media.husbilenfrida.se\/2018\/08\/Dag-3-Westerqwarn-DSC04075-768x512.jpg 768w, https:\/\/media.husbilenfrida.se\/2018\/08\/Dag-3-Westerqwarn-DSC04075.jpg 1024w\" sizes=\"auto, (max-width: 709px) 85vw, (max-width: 909px) 67vw, (max-width: 984px) 61vw, (max-width: 1362px) 45vw, 600px\" \/><\/a><\/p>\n<p><a href=\"http:\/\/media.husbilenfrida.se\/2018\/08\/Dag-3-Westerqwarn-DSC04077.jpg\"><img loading=\"lazy\" decoding=\"async\" class=\"alignnone wp-image-1642\" src=\"http:\/\/media.husbilenfrida.se\/2018\/08\/Dag-3-Westerqwarn-DSC04077-300x200.jpg\" alt=\"\" width=\"600\" height=\"400\" srcset=\"https:\/\/media.husbilenfrida.se\/2018\/08\/Dag-3-Westerqwarn-DSC04077-300x200.jpg 300w, https:\/\/media.husbilenfrida.se\/2018\/08\/Dag-3-Westerqwarn-DSC04077-768x512.jpg 768w, https:\/\/media.husbilenfrida.se\/2018\/08\/Dag-3-Westerqwarn-DSC04077.jpg 1024w\" sizes=\"auto, (max-width: 709px) 85vw, (max-width: 909px) 67vw, (max-width: 984px) 61vw, (max-width: 1362px) 45vw, 600px\" \/><\/a><\/p>\n<p><a href=\"http:\/\/media.husbilenfrida.se\/2018\/08\/Dag-3-Westerqwarn-DSC04079.jpg\"><img loading=\"lazy\" decoding=\"async\" class=\"alignnone wp-image-1643\" src=\"http:\/\/media.husbilenfrida.se\/2018\/08\/Dag-3-Westerqwarn-DSC04079-300x200.jpg\" alt=\"\" width=\"600\" height=\"400\" srcset=\"https:\/\/media.husbilenfrida.se\/2018\/08\/Dag-3-Westerqwarn-DSC04079-300x200.jpg 300w, https:\/\/media.husbilenfrida.se\/2018\/08\/Dag-3-Westerqwarn-DSC04079-768x512.jpg 768w, https:\/\/media.husbilenfrida.se\/2018\/08\/Dag-3-Westerqwarn-DSC04079.jpg 1024w\" sizes=\"auto, (max-width: 709px) 85vw, (max-width: 909px) 67vw, (max-width: 984px) 61vw, (max-width: 1362px) 45vw, 600px\" \/><\/a><\/p>\n<p><img loading=\"lazy\" decoding=\"async\" class=\"alignnone wp-image-1661\" src=\"http:\/\/media.husbilenfrida.se\/2018\/08\/Dag-3-Westerqwarn-DSC09292-300x200.jpg\" alt=\"\" width=\"600\" height=\"400\" srcset=\"https:\/\/media.husbilenfrida.se\/2018\/08\/Dag-3-Westerqwarn-DSC09292-300x200.jpg 300w, https:\/\/media.husbilenfrida.se\/2018\/08\/Dag-3-Westerqwarn-DSC09292-768x512.jpg 768w, https:\/\/media.husbilenfrida.se\/2018\/08\/Dag-3-Westerqwarn-DSC09292.jpg 1024w\" sizes=\"auto, (max-width: 709px) 85vw, (max-width: 909px) 67vw, (max-width: 984px) 61vw, (max-width: 1362px) 45vw, 600px\" \/><\/p>\n<p>En liten avtackning och prisutdelning h\u00f6lls med priser fr\u00e5n Tumbo Husvagnar och Husbilar<a href=\"http:\/\/media.husbilenfrida.se\/2018\/08\/Dag-3-Westerqwarn-DSC04091.jpg\"><img loading=\"lazy\" decoding=\"async\" class=\"alignnone wp-image-1645\" src=\"http:\/\/media.husbilenfrida.se\/2018\/08\/Dag-3-Westerqwarn-DSC04091-300x200.jpg\" alt=\"\" width=\"600\" height=\"400\" srcset=\"https:\/\/media.husbilenfrida.se\/2018\/08\/Dag-3-Westerqwarn-DSC04091-300x200.jpg 300w, https:\/\/media.husbilenfrida.se\/2018\/08\/Dag-3-Westerqwarn-DSC04091-768x512.jpg 768w, https:\/\/media.husbilenfrida.se\/2018\/08\/Dag-3-Westerqwarn-DSC04091.jpg 1024w\" sizes=\"auto, (max-width: 709px) 85vw, (max-width: 909px) 67vw, (max-width: 984px) 61vw, (max-width: 1362px) 45vw, 600px\" \/><\/a><\/p>\n<p><a href=\"http:\/\/media.husbilenfrida.se\/2018\/08\/Dag-3-Westerqwarn-DSC04086.jpg\"><img loading=\"lazy\" decoding=\"async\" class=\"alignnone wp-image-1644\" src=\"http:\/\/media.husbilenfrida.se\/2018\/08\/Dag-3-Westerqwarn-DSC04086-300x200.jpg\" alt=\"\" width=\"600\" height=\"400\" srcset=\"https:\/\/media.husbilenfrida.se\/2018\/08\/Dag-3-Westerqwarn-DSC04086-300x200.jpg 300w, https:\/\/media.husbilenfrida.se\/2018\/08\/Dag-3-Westerqwarn-DSC04086-768x512.jpg 768w, https:\/\/media.husbilenfrida.se\/2018\/08\/Dag-3-Westerqwarn-DSC04086.jpg 1024w\" sizes=\"auto, (max-width: 709px) 85vw, (max-width: 909px) 67vw, (max-width: 984px) 61vw, (max-width: 1362px) 45vw, 600px\" \/><\/a><\/p>\n<p><a href=\"http:\/\/media.husbilenfrida.se\/2018\/08\/Dag-3-Westerqwarn-DSC04093.jpg\"><img loading=\"lazy\" decoding=\"async\" class=\"alignnone wp-image-1646\" src=\"http:\/\/media.husbilenfrida.se\/2018\/08\/Dag-3-Westerqwarn-DSC04093-300x200.jpg\" alt=\"\" width=\"600\" height=\"400\" srcset=\"https:\/\/media.husbilenfrida.se\/2018\/08\/Dag-3-Westerqwarn-DSC04093-300x200.jpg 300w, https:\/\/media.husbilenfrida.se\/2018\/08\/Dag-3-Westerqwarn-DSC04093-768x512.jpg 768w, https:\/\/media.husbilenfrida.se\/2018\/08\/Dag-3-Westerqwarn-DSC04093.jpg 1024w\" sizes=\"auto, (max-width: 709px) 85vw, (max-width: 909px) 67vw, (max-width: 984px) 61vw, (max-width: 1362px) 45vw, 600px\" \/><\/a><\/p>\n<p><a href=\"http:\/\/media.husbilenfrida.se\/2018\/08\/Dag-3-Westerqwarn-DSC04097.jpg\"><img loading=\"lazy\" decoding=\"async\" class=\"alignnone wp-image-1647\" src=\"http:\/\/media.husbilenfrida.se\/2018\/08\/Dag-3-Westerqwarn-DSC04097-300x200.jpg\" alt=\"\" width=\"600\" height=\"400\" srcset=\"https:\/\/media.husbilenfrida.se\/2018\/08\/Dag-3-Westerqwarn-DSC04097-300x200.jpg 300w, https:\/\/media.husbilenfrida.se\/2018\/08\/Dag-3-Westerqwarn-DSC04097-768x512.jpg 768w, https:\/\/media.husbilenfrida.se\/2018\/08\/Dag-3-Westerqwarn-DSC04097.jpg 1024w\" sizes=\"auto, (max-width: 709px) 85vw, (max-width: 909px) 67vw, (max-width: 984px) 61vw, (max-width: 1362px) 45vw, 600px\" \/><\/a>\u00a0\u00a0\u00a0\u00a0\u00a0\u00a0\u00a0\u00a0\u00a0\u00a0<a href=\"http:\/\/media.husbilenfrida.se\/2018\/08\/Dag-3-Westerqwarn-DSC09280.jpg\"><img loading=\"lazy\" decoding=\"async\" class=\"alignnone wp-image-1658\" src=\"http:\/\/media.husbilenfrida.se\/2018\/08\/Dag-3-Westerqwarn-DSC09280-300x200.jpg\" alt=\"\" width=\"600\" height=\"400\" srcset=\"https:\/\/media.husbilenfrida.se\/2018\/08\/Dag-3-Westerqwarn-DSC09280-300x200.jpg 300w, https:\/\/media.husbilenfrida.se\/2018\/08\/Dag-3-Westerqwarn-DSC09280-768x512.jpg 768w, https:\/\/media.husbilenfrida.se\/2018\/08\/Dag-3-Westerqwarn-DSC09280.jpg 1024w\" sizes=\"auto, (max-width: 709px) 85vw, (max-width: 909px) 67vw, (max-width: 984px) 61vw, (max-width: 1362px) 45vw, 600px\" \/><\/a><\/p>\n<p><a href=\"http:\/\/media.husbilenfrida.se\/2018\/08\/Dag-3-Westerqwarn-DSC09281.jpg\"><img loading=\"lazy\" decoding=\"async\" class=\"alignnone wp-image-1659\" src=\"http:\/\/media.husbilenfrida.se\/2018\/08\/Dag-3-Westerqwarn-DSC09281-300x200.jpg\" alt=\"\" width=\"600\" height=\"400\" srcset=\"https:\/\/media.husbilenfrida.se\/2018\/08\/Dag-3-Westerqwarn-DSC09281-300x200.jpg 300w, https:\/\/media.husbilenfrida.se\/2018\/08\/Dag-3-Westerqwarn-DSC09281-768x512.jpg 768w, https:\/\/media.husbilenfrida.se\/2018\/08\/Dag-3-Westerqwarn-DSC09281.jpg 1024w\" sizes=\"auto, (max-width: 709px) 85vw, (max-width: 909px) 67vw, (max-width: 984px) 61vw, (max-width: 1362px) 45vw, 600px\" \/><\/a><\/p>\n<p><a href=\"http:\/\/media.husbilenfrida.se\/2018\/08\/Dag-3-Westerqwarn-DSC09287.jpg\"><img loading=\"lazy\" decoding=\"async\" class=\"alignnone wp-image-1660\" src=\"http:\/\/media.husbilenfrida.se\/2018\/08\/Dag-3-Westerqwarn-DSC09287-300x200.jpg\" alt=\"\" width=\"600\" height=\"400\" srcset=\"https:\/\/media.husbilenfrida.se\/2018\/08\/Dag-3-Westerqwarn-DSC09287-300x200.jpg 300w, https:\/\/media.husbilenfrida.se\/2018\/08\/Dag-3-Westerqwarn-DSC09287-768x512.jpg 768w, https:\/\/media.husbilenfrida.se\/2018\/08\/Dag-3-Westerqwarn-DSC09287.jpg 1024w\" sizes=\"auto, (max-width: 709px) 85vw, (max-width: 909px) 67vw, (max-width: 984px) 61vw, (max-width: 1362px) 45vw, 600px\" \/><\/a><\/p>\n<p><a href=\"http:\/\/media.husbilenfrida.se\/2018\/08\/Dag-3-Westerqwarn-DSC09303.jpg\"><img loading=\"lazy\" decoding=\"async\" class=\"alignnone wp-image-1662\" src=\"http:\/\/media.husbilenfrida.se\/2018\/08\/Dag-3-Westerqwarn-DSC09303-300x200.jpg\" alt=\"\" width=\"600\" height=\"400\" srcset=\"https:\/\/media.husbilenfrida.se\/2018\/08\/Dag-3-Westerqwarn-DSC09303-300x200.jpg 300w, https:\/\/media.husbilenfrida.se\/2018\/08\/Dag-3-Westerqwarn-DSC09303-768x512.jpg 768w, https:\/\/media.husbilenfrida.se\/2018\/08\/Dag-3-Westerqwarn-DSC09303.jpg 1024w\" sizes=\"auto, (max-width: 709px) 85vw, (max-width: 909px) 67vw, (max-width: 984px) 61vw, (max-width: 1362px) 45vw, 600px\" \/><\/a><\/p>\n<p><a href=\"http:\/\/media.husbilenfrida.se\/2018\/08\/Dag-3-Westerqwarn-DSC09319.jpg\"><img loading=\"lazy\" decoding=\"async\" class=\"alignnone wp-image-1663\" src=\"http:\/\/media.husbilenfrida.se\/2018\/08\/Dag-3-Westerqwarn-DSC09319-300x200.jpg\" alt=\"\" width=\"600\" height=\"400\" srcset=\"https:\/\/media.husbilenfrida.se\/2018\/08\/Dag-3-Westerqwarn-DSC09319-300x200.jpg 300w, https:\/\/media.husbilenfrida.se\/2018\/08\/Dag-3-Westerqwarn-DSC09319-768x512.jpg 768w, https:\/\/media.husbilenfrida.se\/2018\/08\/Dag-3-Westerqwarn-DSC09319.jpg 1024w\" sizes=\"auto, (max-width: 709px) 85vw, (max-width: 909px) 67vw, (max-width: 984px) 61vw, (max-width: 1362px) 45vw, 600px\" \/><\/a><\/p>\n<p><a href=\"http:\/\/media.husbilenfrida.se\/2018\/08\/Dag-3-Westerqwarn-DSC09320.jpg\"><img loading=\"lazy\" decoding=\"async\" class=\"alignnone wp-image-1664\" src=\"http:\/\/media.husbilenfrida.se\/2018\/08\/Dag-3-Westerqwarn-DSC09320-300x200.jpg\" alt=\"\" width=\"600\" height=\"400\" srcset=\"https:\/\/media.husbilenfrida.se\/2018\/08\/Dag-3-Westerqwarn-DSC09320-300x200.jpg 300w, https:\/\/media.husbilenfrida.se\/2018\/08\/Dag-3-Westerqwarn-DSC09320-768x512.jpg 768w, https:\/\/media.husbilenfrida.se\/2018\/08\/Dag-3-Westerqwarn-DSC09320.jpg 1024w\" sizes=\"auto, (max-width: 709px) 85vw, (max-width: 909px) 67vw, (max-width: 984px) 61vw, (max-width: 1362px) 45vw, 600px\" \/><\/a><br \/>\nP\u00e5 s\u00f6ndagen blev det lite sovmorgon f\u00f6r de flesta innan det var dags f\u00f6r avf\u00e4rd. Lite vemodigt att skiljas efter en trevlig helg men vi ses n\u00e5gonstans n\u00e5gon g\u00e5ng igen, kanske redan p\u00e5 Elmia (som n\u00e5gon sa: &#8221;Husbilslivet \u00e4r indelat i f\u00f6re och efter husbilsm\u00e4ssan p\u00e5 Elmia&#8221;). Kanske s\u00e5 ses vi p\u00e5 n\u00e5gon gemensam resa i Sverige, Norden eller ute i Europa. Eller bara r\u00e5kar p\u00e5 varann p\u00e5 n\u00e5gon st\u00e4llplats i Sverige eller ute i Europa. Mer inspiration att resa med v\u00e5ra husbilar fick vi i alla fall av alla de fina upplevelser vi fick ber\u00e4ttade f\u00f6r oss. Varmt tack till er alla som deltog p\u00e5 v\u00e5r Dethleffstr\u00e4ff i Westerqwarn!<\/p>\n","protected":false},"excerpt":{"rendered":"<p>P\u00e5 torsdagen b\u00f6rjade de f\u00f6rsta husbilsekipagen rulla in&#8230; &#8230;Beachflaggor och banderoller v\u00e4lkomnade deltagarna&#8230; N\u00e4r f\u00f6rberedelserna var klara fick vi lite go\u00b4fika i innan deltagarna b\u00f6rjade rulla in&#8230; &#8230;Benny och Tomas tog som vanligt emot g\u00e4sterna och h\u00e4lsade dem v\u00e4lkomna&#8230; &#8230;klockan 18 var det grilldags och det sedvanliga l\u00e5ngbordet v\u00e4xte fram&#8230; P\u00e5 fredagsf\u00f6rmiddagen var det dags &hellip; <a href=\"https:\/\/husbilenfrida.se\/?p=1603\" class=\"more-link\">Forts\u00e4tt l\u00e4sa<span class=\"screen-reader-text\"> \u201d180816 \u2013 180819 Husbilstr\u00e4ff med Dethleffsklubben i Westerqwarn\u201d<\/span><\/a><\/p>\n","protected":false},"author":1,"featured_media":0,"comment_status":"open","ping_status":"closed","sticky":false,"template":"","format":"standard","meta":{"footnotes":""},"categories":[1],"tags":[],"class_list":["post-1603","post","type-post","status-publish","format-standard","hentry","category-uncategorized"],"_links":{"self":[{"href":"https:\/\/husbilenfrida.se\/index.php?rest_route=\/wp\/v2\/posts\/1603","targetHints":{"allow":["GET"]}}],"collection":[{"href":"https:\/\/husbilenfrida.se\/index.php?rest_route=\/wp\/v2\/posts"}],"about":[{"href":"https:\/\/husbilenfrida.se\/index.php?rest_route=\/wp\/v2\/types\/post"}],"author":[{"embeddable":true,"href":"https:\/\/husbilenfrida.se\/index.php?rest_route=\/wp\/v2\/users\/1"}],"replies":[{"embeddable":true,"href":"https:\/\/husbilenfrida.se\/index.php?rest_route=%2Fwp%2Fv2%2Fcomments&post=1603"}],"version-history":[{"count":18,"href":"https:\/\/husbilenfrida.se\/index.php?rest_route=\/wp\/v2\/posts\/1603\/revisions"}],"predecessor-version":[{"id":1680,"href":"https:\/\/husbilenfrida.se\/index.php?rest_route=\/wp\/v2\/posts\/1603\/revisions\/1680"}],"wp:attachment":[{"href":"https:\/\/husbilenfrida.se\/index.php?rest_route=%2Fwp%2Fv2%2Fmedia&parent=1603"}],"wp:term":[{"taxonomy":"category","embeddable":true,"href":"https:\/\/husbilenfrida.se\/index.php?rest_route=%2Fwp%2Fv2%2Fcategories&post=1603"},{"taxonomy":"post_tag","embeddable":true,"href":"https:\/\/husbilenfrida.se\/index.php?rest_route=%2Fwp%2Fv2%2Ftags&post=1603"}],"curies":[{"name":"wp","href":"https:\/\/api.w.org\/{rel}","templated":true}]}}