{"id":1486,"date":"2018-06-11T08:56:00","date_gmt":"2018-06-11T08:56:00","guid":{"rendered":"http:\/\/husbilenfrida.se\/?p=1486"},"modified":"2018-06-11T09:49:07","modified_gmt":"2018-06-11T09:49:07","slug":"180610-en-fin-dag-vid-kapellskar-refsnas","status":"publish","type":"post","link":"https:\/\/husbilenfrida.se\/?p=1486","title":{"rendered":"180610 en fin dag vid Kapellsk\u00e4r &#8211; R\u00e4fsn\u00e4s"},"content":{"rendered":"<p><a href=\"http:\/\/media.husbilenfrida.se\/2018\/06\/ra\u0308fsna\u0308s.png\"><img loading=\"lazy\" decoding=\"async\" class=\"aligncenter wp-image-1487\" src=\"http:\/\/media.husbilenfrida.se\/2018\/06\/ra\u0308fsna\u0308s-228x300.png\" alt=\"\" width=\"456\" height=\"600\" srcset=\"https:\/\/media.husbilenfrida.se\/2018\/06\/ra\u0308fsna\u0308s-228x300.png 228w, https:\/\/media.husbilenfrida.se\/2018\/06\/ra\u0308fsna\u0308s-768x1010.png 768w, https:\/\/media.husbilenfrida.se\/2018\/06\/ra\u0308fsna\u0308s-778x1024.png 778w, https:\/\/media.husbilenfrida.se\/2018\/06\/ra\u0308fsna\u0308s.png 1078w\" sizes=\"auto, (max-width: 456px) 85vw, 456px\" \/><\/a><\/p>\n<p>Husbilen tar oss ut i Sk\u00e4rg\u00e5rden &#8211; nja inte riktigt men vi \u00e5kte i alla fall husbil till R\u00e4fsn\u00e4s och d\u00e4rifr\u00e5n tog vi sk\u00e4rg\u00e5rdsb\u00e5ten Romina ut till Fejan.\u00a0<span class=\"text_exposed_show\"><br \/>\n<a href=\"http:\/\/media.husbilenfrida.se\/2018\/06\/1-DSC08080.jpg\"><img loading=\"lazy\" decoding=\"async\" class=\"alignnone wp-image-1488\" src=\"http:\/\/media.husbilenfrida.se\/2018\/06\/1-DSC08080-300x200.jpg\" alt=\"\" width=\"600\" height=\"401\" srcset=\"https:\/\/media.husbilenfrida.se\/2018\/06\/1-DSC08080-300x200.jpg 300w, https:\/\/media.husbilenfrida.se\/2018\/06\/1-DSC08080-768x513.jpg 768w, https:\/\/media.husbilenfrida.se\/2018\/06\/1-DSC08080-1024x684.jpg 1024w, https:\/\/media.husbilenfrida.se\/2018\/06\/1-DSC08080-1200x801.jpg 1200w, https:\/\/media.husbilenfrida.se\/2018\/06\/1-DSC08080.jpg 2000w\" sizes=\"auto, (max-width: 709px) 85vw, (max-width: 909px) 67vw, (max-width: 984px) 61vw, (max-width: 1362px) 45vw, 600px\" \/><\/a><\/span><\/p>\n<p><span class=\"text_exposed_show\"> <a href=\"http:\/\/media.husbilenfrida.se\/2018\/06\/1-DSC08082.jpg\"><img loading=\"lazy\" decoding=\"async\" class=\"alignnone wp-image-1489\" src=\"http:\/\/media.husbilenfrida.se\/2018\/06\/1-DSC08082-300x200.jpg\" alt=\"\" width=\"600\" height=\"401\" srcset=\"https:\/\/media.husbilenfrida.se\/2018\/06\/1-DSC08082-300x200.jpg 300w, https:\/\/media.husbilenfrida.se\/2018\/06\/1-DSC08082-768x513.jpg 768w, https:\/\/media.husbilenfrida.se\/2018\/06\/1-DSC08082-1024x684.jpg 1024w, https:\/\/media.husbilenfrida.se\/2018\/06\/1-DSC08082-1200x801.jpg 1200w, https:\/\/media.husbilenfrida.se\/2018\/06\/1-DSC08082.jpg 2000w\" sizes=\"auto, (max-width: 709px) 85vw, (max-width: 909px) 67vw, (max-width: 984px) 61vw, (max-width: 1362px) 45vw, 600px\" \/><\/a><\/span><\/p>\n<p><span class=\"text_exposed_show\"> <a href=\"http:\/\/media.husbilenfrida.se\/2018\/06\/1-DSC08087.jpg\"><img loading=\"lazy\" decoding=\"async\" class=\"alignnone wp-image-1490\" src=\"http:\/\/media.husbilenfrida.se\/2018\/06\/1-DSC08087-300x200.jpg\" alt=\"\" width=\"600\" height=\"401\" srcset=\"https:\/\/media.husbilenfrida.se\/2018\/06\/1-DSC08087-300x200.jpg 300w, https:\/\/media.husbilenfrida.se\/2018\/06\/1-DSC08087-768x513.jpg 768w, https:\/\/media.husbilenfrida.se\/2018\/06\/1-DSC08087-1024x684.jpg 1024w, https:\/\/media.husbilenfrida.se\/2018\/06\/1-DSC08087-1200x801.jpg 1200w, https:\/\/media.husbilenfrida.se\/2018\/06\/1-DSC08087.jpg 2000w\" sizes=\"auto, (max-width: 709px) 85vw, (max-width: 909px) 67vw, (max-width: 984px) 61vw, (max-width: 1362px) 45vw, 600px\" \/><\/a><\/span><\/p>\n<p><span class=\"text_exposed_show\"> <a href=\"http:\/\/media.husbilenfrida.se\/2018\/06\/1-DSC08093.jpg\"><img loading=\"lazy\" decoding=\"async\" class=\"alignnone wp-image-1491\" src=\"http:\/\/media.husbilenfrida.se\/2018\/06\/1-DSC08093-300x200.jpg\" alt=\"\" width=\"600\" height=\"401\" srcset=\"https:\/\/media.husbilenfrida.se\/2018\/06\/1-DSC08093-300x200.jpg 300w, https:\/\/media.husbilenfrida.se\/2018\/06\/1-DSC08093-768x513.jpg 768w, https:\/\/media.husbilenfrida.se\/2018\/06\/1-DSC08093-1024x684.jpg 1024w, https:\/\/media.husbilenfrida.se\/2018\/06\/1-DSC08093-1200x801.jpg 1200w, https:\/\/media.husbilenfrida.se\/2018\/06\/1-DSC08093.jpg 2000w\" sizes=\"auto, (max-width: 709px) 85vw, (max-width: 909px) 67vw, (max-width: 984px) 61vw, (max-width: 1362px) 45vw, 600px\" \/><\/a><\/span><\/p>\n<p><span class=\"text_exposed_show\"> <a href=\"http:\/\/media.husbilenfrida.se\/2018\/06\/1-DSC08094.jpg\"><img loading=\"lazy\" decoding=\"async\" class=\"alignnone wp-image-1492\" src=\"http:\/\/media.husbilenfrida.se\/2018\/06\/1-DSC08094-300x200.jpg\" alt=\"\" width=\"600\" height=\"401\" srcset=\"https:\/\/media.husbilenfrida.se\/2018\/06\/1-DSC08094-300x200.jpg 300w, https:\/\/media.husbilenfrida.se\/2018\/06\/1-DSC08094-768x513.jpg 768w, https:\/\/media.husbilenfrida.se\/2018\/06\/1-DSC08094-1024x684.jpg 1024w, https:\/\/media.husbilenfrida.se\/2018\/06\/1-DSC08094-1200x801.jpg 1200w, https:\/\/media.husbilenfrida.se\/2018\/06\/1-DSC08094.jpg 2000w\" sizes=\"auto, (max-width: 709px) 85vw, (max-width: 909px) 67vw, (max-width: 984px) 61vw, (max-width: 1362px) 45vw, 600px\" \/><\/a><\/span><\/p>\n<p><span class=\"text_exposed_show\"> <a href=\"http:\/\/media.husbilenfrida.se\/2018\/06\/1-DSC08101.jpg\"><img loading=\"lazy\" decoding=\"async\" class=\"alignnone wp-image-1493\" src=\"http:\/\/media.husbilenfrida.se\/2018\/06\/1-DSC08101-300x200.jpg\" alt=\"\" width=\"600\" height=\"401\" srcset=\"https:\/\/media.husbilenfrida.se\/2018\/06\/1-DSC08101-300x200.jpg 300w, https:\/\/media.husbilenfrida.se\/2018\/06\/1-DSC08101-768x513.jpg 768w, https:\/\/media.husbilenfrida.se\/2018\/06\/1-DSC08101-1024x684.jpg 1024w, https:\/\/media.husbilenfrida.se\/2018\/06\/1-DSC08101-1200x801.jpg 1200w, https:\/\/media.husbilenfrida.se\/2018\/06\/1-DSC08101.jpg 2000w\" sizes=\"auto, (max-width: 709px) 85vw, (max-width: 909px) 67vw, (max-width: 984px) 61vw, (max-width: 1362px) 45vw, 600px\" \/><\/a><\/span><\/p>\n<p><span class=\"text_exposed_show\"> <a href=\"http:\/\/media.husbilenfrida.se\/2018\/06\/1-DSC08105.jpg\"><img loading=\"lazy\" decoding=\"async\" class=\"alignnone wp-image-1494\" src=\"http:\/\/media.husbilenfrida.se\/2018\/06\/1-DSC08105-300x200.jpg\" alt=\"\" width=\"600\" height=\"401\" srcset=\"https:\/\/media.husbilenfrida.se\/2018\/06\/1-DSC08105-300x200.jpg 300w, https:\/\/media.husbilenfrida.se\/2018\/06\/1-DSC08105-768x513.jpg 768w, https:\/\/media.husbilenfrida.se\/2018\/06\/1-DSC08105-1024x684.jpg 1024w, https:\/\/media.husbilenfrida.se\/2018\/06\/1-DSC08105-1200x801.jpg 1200w, https:\/\/media.husbilenfrida.se\/2018\/06\/1-DSC08105.jpg 2000w\" sizes=\"auto, (max-width: 709px) 85vw, (max-width: 909px) 67vw, (max-width: 984px) 61vw, (max-width: 1362px) 45vw, 600px\" \/><\/a><\/span><\/p>\n<p><span class=\"text_exposed_show\">Fejan har bl.a. ett f\u00f6rflutet som karant\u00e4n f\u00f6r Baltflyktingar strax efter andra v\u00e4rldskriget och f\u00f6r kolerasmittade under 1890-talet. \u00a0Under n\u00e5gra \u00e5r nu under senare tid, anv\u00e4ndes den f\u00f6rra obduktionslokalen som restaurang men den brann tyv\u00e4rr ner 2015. Nu h\u00e5ller den p\u00e5 att byggas upp igen och \u00e4r nog snart klar f\u00f6r nyinvigning.<br \/>\n<\/span><\/p>\n<p><span class=\"text_exposed_show\"> <a href=\"http:\/\/media.husbilenfrida.se\/2018\/06\/1-DSC08125.jpg\"><img loading=\"lazy\" decoding=\"async\" class=\"alignnone wp-image-1496\" src=\"http:\/\/media.husbilenfrida.se\/2018\/06\/1-DSC08125-300x200.jpg\" alt=\"\" width=\"600\" height=\"401\" srcset=\"https:\/\/media.husbilenfrida.se\/2018\/06\/1-DSC08125-300x200.jpg 300w, https:\/\/media.husbilenfrida.se\/2018\/06\/1-DSC08125-768x513.jpg 768w, https:\/\/media.husbilenfrida.se\/2018\/06\/1-DSC08125-1024x684.jpg 1024w, https:\/\/media.husbilenfrida.se\/2018\/06\/1-DSC08125-1200x801.jpg 1200w, https:\/\/media.husbilenfrida.se\/2018\/06\/1-DSC08125.jpg 2000w\" sizes=\"auto, (max-width: 709px) 85vw, (max-width: 909px) 67vw, (max-width: 984px) 61vw, (max-width: 1362px) 45vw, 600px\" \/><\/a><br \/>\nVi har seglat till Fejan i egen b\u00e5t f\u00f6r n\u00e5gra \u00e5r sedan och det var trevligt att \u00e5terbes\u00f6ka \u00f6n som har en s\u00e5dan sp\u00e4nnande historia.<br \/>\n<\/span><\/p>\n<p><span class=\"text_exposed_show\"> <a href=\"http:\/\/media.husbilenfrida.se\/2018\/06\/1-DSC08131.jpg\"><img loading=\"lazy\" decoding=\"async\" class=\"alignnone wp-image-1497\" src=\"http:\/\/media.husbilenfrida.se\/2018\/06\/1-DSC08131-300x200.jpg\" alt=\"\" width=\"600\" height=\"401\" srcset=\"https:\/\/media.husbilenfrida.se\/2018\/06\/1-DSC08131-300x200.jpg 300w, https:\/\/media.husbilenfrida.se\/2018\/06\/1-DSC08131-768x513.jpg 768w, https:\/\/media.husbilenfrida.se\/2018\/06\/1-DSC08131-1024x684.jpg 1024w, https:\/\/media.husbilenfrida.se\/2018\/06\/1-DSC08131-1200x801.jpg 1200w, https:\/\/media.husbilenfrida.se\/2018\/06\/1-DSC08131.jpg 2000w\" sizes=\"auto, (max-width: 709px) 85vw, (max-width: 909px) 67vw, (max-width: 984px) 61vw, (max-width: 1362px) 45vw, 600px\" \/><\/a><\/span><\/p>\n<p><span class=\"text_exposed_show\"> <a href=\"http:\/\/media.husbilenfrida.se\/2018\/06\/1-DSC08142.jpg\"><img loading=\"lazy\" decoding=\"async\" class=\"alignnone wp-image-1498\" src=\"http:\/\/media.husbilenfrida.se\/2018\/06\/1-DSC08142-300x200.jpg\" alt=\"\" width=\"600\" height=\"401\" srcset=\"https:\/\/media.husbilenfrida.se\/2018\/06\/1-DSC08142-300x200.jpg 300w, https:\/\/media.husbilenfrida.se\/2018\/06\/1-DSC08142-768x513.jpg 768w, https:\/\/media.husbilenfrida.se\/2018\/06\/1-DSC08142-1024x684.jpg 1024w, https:\/\/media.husbilenfrida.se\/2018\/06\/1-DSC08142-1200x801.jpg 1200w, https:\/\/media.husbilenfrida.se\/2018\/06\/1-DSC08142.jpg 2000w\" sizes=\"auto, (max-width: 709px) 85vw, (max-width: 909px) 67vw, (max-width: 984px) 61vw, (max-width: 1362px) 45vw, 600px\" \/><\/a><br \/>\nHuset med snickargl\u00e4dje var bostad f\u00f6r l\u00e4karfamiljen under bek\u00e4mpningen av kolera. Huset kallas f\u00f6r Villa Kongo f\u00f6r det var ursprungligen t\u00e4nkt som ett svenskt missionshus som skulle byggas upp i Kongo. Men d\u00e5 det br\u00e5dskade med en l\u00e4karbostad till Fejan fick huset, som l\u00e5g f\u00e4rdigt f\u00f6r transport i form av en byggsats, i st\u00e4llet forslas till Fejan och byggas upp d\u00e4r.<br \/>\n<\/span><\/p>\n<p><span class=\"text_exposed_show\"> <a href=\"http:\/\/media.husbilenfrida.se\/2018\/06\/1-DSC08144.jpg\"><img loading=\"lazy\" decoding=\"async\" class=\"alignnone wp-image-1499\" src=\"http:\/\/media.husbilenfrida.se\/2018\/06\/1-DSC08144-300x200.jpg\" alt=\"\" width=\"600\" height=\"401\" srcset=\"https:\/\/media.husbilenfrida.se\/2018\/06\/1-DSC08144-300x200.jpg 300w, https:\/\/media.husbilenfrida.se\/2018\/06\/1-DSC08144-768x513.jpg 768w, https:\/\/media.husbilenfrida.se\/2018\/06\/1-DSC08144-1024x684.jpg 1024w, https:\/\/media.husbilenfrida.se\/2018\/06\/1-DSC08144-1200x801.jpg 1200w, https:\/\/media.husbilenfrida.se\/2018\/06\/1-DSC08144.jpg 2000w\" sizes=\"auto, (max-width: 709px) 85vw, (max-width: 909px) 67vw, (max-width: 984px) 61vw, (max-width: 1362px) 45vw, 600px\" \/><\/a><\/span><\/p>\n<p><span class=\"text_exposed_show\"> <a href=\"http:\/\/media.husbilenfrida.se\/2018\/06\/1-DSC08147.jpg\"><img loading=\"lazy\" decoding=\"async\" class=\"alignnone wp-image-1500\" src=\"http:\/\/media.husbilenfrida.se\/2018\/06\/1-DSC08147-300x193.jpg\" alt=\"\" width=\"600\" height=\"386\" srcset=\"https:\/\/media.husbilenfrida.se\/2018\/06\/1-DSC08147-300x193.jpg 300w, https:\/\/media.husbilenfrida.se\/2018\/06\/1-DSC08147-768x494.jpg 768w, https:\/\/media.husbilenfrida.se\/2018\/06\/1-DSC08147-1024x659.jpg 1024w, https:\/\/media.husbilenfrida.se\/2018\/06\/1-DSC08147-1200x772.jpg 1200w, https:\/\/media.husbilenfrida.se\/2018\/06\/1-DSC08147.jpg 2000w\" sizes=\"auto, (max-width: 709px) 85vw, (max-width: 909px) 67vw, (max-width: 984px) 61vw, (max-width: 1362px) 45vw, 600px\" \/><\/a><\/span><\/p>\n<p><span class=\"text_exposed_show\"> <a href=\"http:\/\/media.husbilenfrida.se\/2018\/06\/1-DSC08153.jpg\"><img loading=\"lazy\" decoding=\"async\" class=\"alignnone wp-image-1501\" src=\"http:\/\/media.husbilenfrida.se\/2018\/06\/1-DSC08153-300x200.jpg\" alt=\"\" width=\"600\" height=\"401\" srcset=\"https:\/\/media.husbilenfrida.se\/2018\/06\/1-DSC08153-300x200.jpg 300w, https:\/\/media.husbilenfrida.se\/2018\/06\/1-DSC08153-768x513.jpg 768w, https:\/\/media.husbilenfrida.se\/2018\/06\/1-DSC08153-1024x684.jpg 1024w, https:\/\/media.husbilenfrida.se\/2018\/06\/1-DSC08153-1200x801.jpg 1200w, https:\/\/media.husbilenfrida.se\/2018\/06\/1-DSC08153.jpg 2000w\" sizes=\"auto, (max-width: 709px) 85vw, (max-width: 909px) 67vw, (max-width: 984px) 61vw, (max-width: 1362px) 45vw, 600px\" \/><\/a><\/span><span class=\"text_exposed_show\">Numera kan man hyra kajak p\u00e5 Fejan, vilket vi s\u00e5g att m\u00e5nga gjorde. \u00d6vernattning i tipiliknande t\u00e4lt som st\u00e5r p\u00e5 en liten altan \u00e4r ocks\u00e5 popul\u00e4rt.<br \/>\n<a href=\"http:\/\/media.husbilenfrida.se\/2018\/06\/1-DSC08123.jpg\"><img loading=\"lazy\" decoding=\"async\" class=\"alignnone wp-image-1495\" src=\"http:\/\/media.husbilenfrida.se\/2018\/06\/1-DSC08123-300x200.jpg\" alt=\"\" width=\"600\" height=\"401\" srcset=\"https:\/\/media.husbilenfrida.se\/2018\/06\/1-DSC08123-300x200.jpg 300w, https:\/\/media.husbilenfrida.se\/2018\/06\/1-DSC08123-768x513.jpg 768w, https:\/\/media.husbilenfrida.se\/2018\/06\/1-DSC08123-1024x684.jpg 1024w, https:\/\/media.husbilenfrida.se\/2018\/06\/1-DSC08123-1200x801.jpg 1200w, https:\/\/media.husbilenfrida.se\/2018\/06\/1-DSC08123.jpg 2000w\" sizes=\"auto, (max-width: 709px) 85vw, (max-width: 909px) 67vw, (max-width: 984px) 61vw, (max-width: 1362px) 45vw, 600px\" \/><\/a><\/span><\/p>\n<p><span class=\"text_exposed_show\"><a href=\"http:\/\/media.husbilenfrida.se\/2018\/06\/2-DSC08116.jpg\"><img loading=\"lazy\" decoding=\"async\" class=\"alignnone wp-image-1502\" src=\"http:\/\/media.husbilenfrida.se\/2018\/06\/2-DSC08116-300x27.jpg\" alt=\"\" width=\"600\" height=\"54\" srcset=\"https:\/\/media.husbilenfrida.se\/2018\/06\/2-DSC08116-300x27.jpg 300w, https:\/\/media.husbilenfrida.se\/2018\/06\/2-DSC08116-768x69.jpg 768w, https:\/\/media.husbilenfrida.se\/2018\/06\/2-DSC08116-1024x92.jpg 1024w, https:\/\/media.husbilenfrida.se\/2018\/06\/2-DSC08116-1200x108.jpg 1200w, https:\/\/media.husbilenfrida.se\/2018\/06\/2-DSC08116.jpg 1920w\" sizes=\"auto, (max-width: 709px) 85vw, (max-width: 909px) 67vw, (max-width: 984px) 61vw, (max-width: 1362px) 45vw, 600px\" \/><\/a><\/span><\/p>\n<p><span class=\"text_exposed_show\"> <a href=\"http:\/\/media.husbilenfrida.se\/2018\/06\/2-DSC08143.jpg\"><img loading=\"lazy\" decoding=\"async\" class=\"alignnone wp-image-1503\" src=\"http:\/\/media.husbilenfrida.se\/2018\/06\/2-DSC08143-300x200.jpg\" alt=\"\" width=\"600\" height=\"401\" srcset=\"https:\/\/media.husbilenfrida.se\/2018\/06\/2-DSC08143-300x200.jpg 300w, https:\/\/media.husbilenfrida.se\/2018\/06\/2-DSC08143-768x513.jpg 768w, https:\/\/media.husbilenfrida.se\/2018\/06\/2-DSC08143-1024x684.jpg 1024w, https:\/\/media.husbilenfrida.se\/2018\/06\/2-DSC08143-1200x801.jpg 1200w, https:\/\/media.husbilenfrida.se\/2018\/06\/2-DSC08143.jpg 2000w\" sizes=\"auto, (max-width: 709px) 85vw, (max-width: 909px) 67vw, (max-width: 984px) 61vw, (max-width: 1362px) 45vw, 600px\" \/><\/a><\/span><\/p>\n<p>&nbsp;<\/p>\n","protected":false},"excerpt":{"rendered":"<p>Husbilen tar oss ut i Sk\u00e4rg\u00e5rden &#8211; nja inte riktigt men vi \u00e5kte i alla fall husbil till R\u00e4fsn\u00e4s och d\u00e4rifr\u00e5n tog vi sk\u00e4rg\u00e5rdsb\u00e5ten Romina ut till Fejan.\u00a0 Fejan har bl.a. ett f\u00f6rflutet som karant\u00e4n f\u00f6r Baltflyktingar strax efter andra v\u00e4rldskriget och f\u00f6r kolerasmittade under 1890-talet. \u00a0Under n\u00e5gra \u00e5r nu under senare tid, anv\u00e4ndes den &hellip; <a href=\"https:\/\/husbilenfrida.se\/?p=1486\" class=\"more-link\">Forts\u00e4tt l\u00e4sa<span class=\"screen-reader-text\"> \u201d180610 en fin dag vid Kapellsk\u00e4r &#8211; R\u00e4fsn\u00e4s\u201d<\/span><\/a><\/p>\n","protected":false},"author":1,"featured_media":0,"comment_status":"open","ping_status":"closed","sticky":false,"template":"","format":"standard","meta":{"footnotes":""},"categories":[1],"tags":[],"class_list":["post-1486","post","type-post","status-publish","format-standard","hentry","category-uncategorized"],"_links":{"self":[{"href":"https:\/\/husbilenfrida.se\/index.php?rest_route=\/wp\/v2\/posts\/1486","targetHints":{"allow":["GET"]}}],"collection":[{"href":"https:\/\/husbilenfrida.se\/index.php?rest_route=\/wp\/v2\/posts"}],"about":[{"href":"https:\/\/husbilenfrida.se\/index.php?rest_route=\/wp\/v2\/types\/post"}],"author":[{"embeddable":true,"href":"https:\/\/husbilenfrida.se\/index.php?rest_route=\/wp\/v2\/users\/1"}],"replies":[{"embeddable":true,"href":"https:\/\/husbilenfrida.se\/index.php?rest_route=%2Fwp%2Fv2%2Fcomments&post=1486"}],"version-history":[{"count":10,"href":"https:\/\/husbilenfrida.se\/index.php?rest_route=\/wp\/v2\/posts\/1486\/revisions"}],"predecessor-version":[{"id":1521,"href":"https:\/\/husbilenfrida.se\/index.php?rest_route=\/wp\/v2\/posts\/1486\/revisions\/1521"}],"wp:attachment":[{"href":"https:\/\/husbilenfrida.se\/index.php?rest_route=%2Fwp%2Fv2%2Fmedia&parent=1486"}],"wp:term":[{"taxonomy":"category","embeddable":true,"href":"https:\/\/husbilenfrida.se\/index.php?rest_route=%2Fwp%2Fv2%2Fcategories&post=1486"},{"taxonomy":"post_tag","embeddable":true,"href":"https:\/\/husbilenfrida.se\/index.php?rest_route=%2Fwp%2Fv2%2Ftags&post=1486"}],"curies":[{"name":"wp","href":"https:\/\/api.w.org\/{rel}","templated":true}]}}