{"id":1460,"date":"2018-06-11T08:35:07","date_gmt":"2018-06-11T08:35:07","guid":{"rendered":"http:\/\/husbilenfrida.se\/?p=1460"},"modified":"2018-06-11T09:42:58","modified_gmt":"2018-06-11T09:42:58","slug":"180607-08-mellansundet-grisslehamn","status":"publish","type":"post","link":"https:\/\/husbilenfrida.se\/?p=1460","title":{"rendered":"180607-08 Mellansundet \u2013 Grisslehamn"},"content":{"rendered":"<p><a href=\"http:\/\/media.husbilenfrida.se\/2018\/06\/Grisslehamn.png\"><img loading=\"lazy\" decoding=\"async\" class=\"alignnone wp-image-1461\" src=\"http:\/\/media.husbilenfrida.se\/2018\/06\/Grisslehamn-300x120.png\" alt=\"\" width=\"600\" height=\"239\" srcset=\"https:\/\/media.husbilenfrida.se\/2018\/06\/Grisslehamn-300x120.png 300w, https:\/\/media.husbilenfrida.se\/2018\/06\/Grisslehamn-768x306.png 768w, https:\/\/media.husbilenfrida.se\/2018\/06\/Grisslehamn-1024x408.png 1024w, https:\/\/media.husbilenfrida.se\/2018\/06\/Grisslehamn-1200x478.png 1200w, https:\/\/media.husbilenfrida.se\/2018\/06\/Grisslehamn.png 1460w\" sizes=\"auto, (max-width: 709px) 85vw, (max-width: 909px) 67vw, (max-width: 984px) 61vw, (max-width: 1362px) 45vw, 600px\" \/><\/a><\/p>\n<p>En svala g\u00f6r ingen sommar, men tv\u00e5 d\u00e5\u2026<a href=\"http:\/\/media.husbilenfrida.se\/2018\/06\/0-DSC08065.jpg\"><img loading=\"lazy\" decoding=\"async\" class=\"alignnone wp-image-1462\" src=\"http:\/\/media.husbilenfrida.se\/2018\/06\/0-DSC08065-300x200.jpg\" alt=\"\" width=\"600\" height=\"400\" srcset=\"https:\/\/media.husbilenfrida.se\/2018\/06\/0-DSC08065-300x200.jpg 300w, https:\/\/media.husbilenfrida.se\/2018\/06\/0-DSC08065-768x512.jpg 768w, https:\/\/media.husbilenfrida.se\/2018\/06\/0-DSC08065-1024x682.jpg 1024w, https:\/\/media.husbilenfrida.se\/2018\/06\/0-DSC08065-1200x800.jpg 1200w, https:\/\/media.husbilenfrida.se\/2018\/06\/0-DSC08065.jpg 1891w\" sizes=\"auto, (max-width: 709px) 85vw, (max-width: 909px) 67vw, (max-width: 984px) 61vw, (max-width: 1362px) 45vw, 600px\" \/><\/a><br \/>\n\u2026alla Grisslehamns 6 st\u00e4llplatser var upptagna som vanligt.<a href=\"http:\/\/media.husbilenfrida.se\/2018\/06\/1-DSC08068.jpg\"><img loading=\"lazy\" decoding=\"async\" class=\"alignnone wp-image-1463\" src=\"http:\/\/media.husbilenfrida.se\/2018\/06\/1-DSC08068-300x200.jpg\" alt=\"\" width=\"600\" height=\"401\" srcset=\"https:\/\/media.husbilenfrida.se\/2018\/06\/1-DSC08068-300x200.jpg 300w, https:\/\/media.husbilenfrida.se\/2018\/06\/1-DSC08068-768x513.jpg 768w, https:\/\/media.husbilenfrida.se\/2018\/06\/1-DSC08068-1024x684.jpg 1024w, https:\/\/media.husbilenfrida.se\/2018\/06\/1-DSC08068-1200x801.jpg 1200w, https:\/\/media.husbilenfrida.se\/2018\/06\/1-DSC08068.jpg 2000w\" sizes=\"auto, (max-width: 709px) 85vw, (max-width: 909px) 67vw, (max-width: 984px) 61vw, (max-width: 1362px) 45vw, 600px\" \/><\/a><\/p>\n<p><a href=\"http:\/\/media.husbilenfrida.se\/2018\/06\/1-DSC08061.jpg\"><img loading=\"lazy\" decoding=\"async\" class=\"alignnone wp-image-1466\" src=\"http:\/\/media.husbilenfrida.se\/2018\/06\/1-DSC08061-300x200.jpg\" alt=\"\" width=\"600\" height=\"401\" srcset=\"https:\/\/media.husbilenfrida.se\/2018\/06\/1-DSC08061-300x200.jpg 300w, https:\/\/media.husbilenfrida.se\/2018\/06\/1-DSC08061-768x513.jpg 768w, https:\/\/media.husbilenfrida.se\/2018\/06\/1-DSC08061-1024x684.jpg 1024w, https:\/\/media.husbilenfrida.se\/2018\/06\/1-DSC08061-1200x801.jpg 1200w, https:\/\/media.husbilenfrida.se\/2018\/06\/1-DSC08061.jpg 2000w\" sizes=\"auto, (max-width: 709px) 85vw, (max-width: 909px) 67vw, (max-width: 984px) 61vw, (max-width: 1362px) 45vw, 600px\" \/><\/a><\/p>\n<p><a href=\"http:\/\/media.husbilenfrida.se\/2018\/06\/1-DSC08049.jpg\"><img loading=\"lazy\" decoding=\"async\" class=\"alignnone wp-image-1465\" src=\"http:\/\/media.husbilenfrida.se\/2018\/06\/1-DSC08049-300x200.jpg\" alt=\"\" width=\"600\" height=\"401\" srcset=\"https:\/\/media.husbilenfrida.se\/2018\/06\/1-DSC08049-300x200.jpg 300w, https:\/\/media.husbilenfrida.se\/2018\/06\/1-DSC08049-768x513.jpg 768w, https:\/\/media.husbilenfrida.se\/2018\/06\/1-DSC08049-1024x684.jpg 1024w, https:\/\/media.husbilenfrida.se\/2018\/06\/1-DSC08049-1200x801.jpg 1200w, https:\/\/media.husbilenfrida.se\/2018\/06\/1-DSC08049.jpg 2000w\" sizes=\"auto, (max-width: 709px) 85vw, (max-width: 909px) 67vw, (max-width: 984px) 61vw, (max-width: 1362px) 45vw, 600px\" \/><\/a><\/p>\n<p><a href=\"http:\/\/media.husbilenfrida.se\/2018\/06\/0-DSC08067.jpg\"><img loading=\"lazy\" decoding=\"async\" class=\"alignnone wp-image-1464\" src=\"http:\/\/media.husbilenfrida.se\/2018\/06\/0-DSC08067-300x200.jpg\" alt=\"\" width=\"600\" height=\"401\" srcset=\"https:\/\/media.husbilenfrida.se\/2018\/06\/0-DSC08067-300x200.jpg 300w, https:\/\/media.husbilenfrida.se\/2018\/06\/0-DSC08067-768x513.jpg 768w, https:\/\/media.husbilenfrida.se\/2018\/06\/0-DSC08067-1024x684.jpg 1024w, https:\/\/media.husbilenfrida.se\/2018\/06\/0-DSC08067-1200x801.jpg 1200w, https:\/\/media.husbilenfrida.se\/2018\/06\/0-DSC08067.jpg 2000w\" sizes=\"auto, (max-width: 709px) 85vw, (max-width: 909px) 67vw, (max-width: 984px) 61vw, (max-width: 1362px) 45vw, 600px\" \/><\/a><\/p>\n<p><a href=\"http:\/\/media.husbilenfrida.se\/2018\/06\/1-DSC03570.jpg\"><img loading=\"lazy\" decoding=\"async\" class=\"alignnone wp-image-1467\" src=\"http:\/\/media.husbilenfrida.se\/2018\/06\/1-DSC03570-300x200.jpg\" alt=\"\" width=\"600\" height=\"400\" srcset=\"https:\/\/media.husbilenfrida.se\/2018\/06\/1-DSC03570-300x200.jpg 300w, https:\/\/media.husbilenfrida.se\/2018\/06\/1-DSC03570-768x512.jpg 768w, https:\/\/media.husbilenfrida.se\/2018\/06\/1-DSC03570-1024x682.jpg 1024w, https:\/\/media.husbilenfrida.se\/2018\/06\/1-DSC03570-1200x800.jpg 1200w, https:\/\/media.husbilenfrida.se\/2018\/06\/1-DSC03570.jpg 2000w\" sizes=\"auto, (max-width: 709px) 85vw, (max-width: 909px) 67vw, (max-width: 984px) 61vw, (max-width: 1362px) 45vw, 600px\" \/><\/a><\/p>\n<p>Men vi st\u00e4llde oss med Frida p\u00e5 Ecker\u00f6s parkering och turade med b\u00e5ten p\u00e5 fredagen den 8\/6&#8230;<\/p>\n<p><a href=\"http:\/\/media.husbilenfrida.se\/2018\/06\/1-DSC03578.jpg\"><img loading=\"lazy\" decoding=\"async\" class=\"alignnone wp-image-1468\" src=\"http:\/\/media.husbilenfrida.se\/2018\/06\/1-DSC03578-300x200.jpg\" alt=\"\" width=\"600\" height=\"400\" srcset=\"https:\/\/media.husbilenfrida.se\/2018\/06\/1-DSC03578-300x200.jpg 300w, https:\/\/media.husbilenfrida.se\/2018\/06\/1-DSC03578-768x512.jpg 768w, https:\/\/media.husbilenfrida.se\/2018\/06\/1-DSC03578-1024x682.jpg 1024w, https:\/\/media.husbilenfrida.se\/2018\/06\/1-DSC03578-1200x799.jpg 1200w, https:\/\/media.husbilenfrida.se\/2018\/06\/1-DSC03578.jpg 1689w\" sizes=\"auto, (max-width: 709px) 85vw, (max-width: 909px) 67vw, (max-width: 984px) 61vw, (max-width: 1362px) 45vw, 600px\" \/><\/a><\/p>\n<p>Albert Engstr\u00f6ms skrivarstuga \u00e4r ett v\u00e4lk\u00e4nt sj\u00f6m\u00e4rke\u00a0 vid in- och utpasseringen med b\u00e5t vid Grisslehamn.<br \/>\n<a href=\"http:\/\/media.husbilenfrida.se\/2018\/06\/1-DSC03579.jpg\"><img loading=\"lazy\" decoding=\"async\" class=\"alignnone wp-image-1469\" src=\"http:\/\/media.husbilenfrida.se\/2018\/06\/1-DSC03579-300x200.jpg\" alt=\"\" width=\"600\" height=\"400\" srcset=\"https:\/\/media.husbilenfrida.se\/2018\/06\/1-DSC03579-300x200.jpg 300w, https:\/\/media.husbilenfrida.se\/2018\/06\/1-DSC03579-768x512.jpg 768w, https:\/\/media.husbilenfrida.se\/2018\/06\/1-DSC03579-1024x683.jpg 1024w, https:\/\/media.husbilenfrida.se\/2018\/06\/1-DSC03579-1200x800.jpg 1200w, https:\/\/media.husbilenfrida.se\/2018\/06\/1-DSC03579.jpg 2000w\" sizes=\"auto, (max-width: 709px) 85vw, (max-width: 909px) 67vw, (max-width: 984px) 61vw, (max-width: 1362px) 45vw, 600px\" \/><\/a><\/p>\n<p><a href=\"http:\/\/media.husbilenfrida.se\/2018\/06\/1-DSC03589.jpg\"><img loading=\"lazy\" decoding=\"async\" class=\"alignnone wp-image-1470\" src=\"http:\/\/media.husbilenfrida.se\/2018\/06\/1-DSC03589-300x200.jpg\" alt=\"\" width=\"600\" height=\"400\" srcset=\"https:\/\/media.husbilenfrida.se\/2018\/06\/1-DSC03589-300x200.jpg 300w, https:\/\/media.husbilenfrida.se\/2018\/06\/1-DSC03589-768x512.jpg 768w, https:\/\/media.husbilenfrida.se\/2018\/06\/1-DSC03589-1024x683.jpg 1024w, https:\/\/media.husbilenfrida.se\/2018\/06\/1-DSC03589-1200x800.jpg 1200w, https:\/\/media.husbilenfrida.se\/2018\/06\/1-DSC03589.jpg 2000w\" sizes=\"auto, (max-width: 709px) 85vw, (max-width: 909px) 67vw, (max-width: 984px) 61vw, (max-width: 1362px) 45vw, 600px\" \/><\/a><\/p>\n<p>Natten till den 9\/6 fricampade vi hos, v\u00e5r b\u00e5tkompis fr\u00e5n Hallstahammar Kolb\u00e4cks B\u00e5tklubb, Gun Naucl\u00e9r, som har en K-m\u00e4rkt sl\u00e4ktg\u00e5rd i Grisslehamn. Gun bj\u00f6d p\u00e5 goda r\u00e4kmackor och vi hade en mysig kv\u00e4ll med mycket trevligt b\u00e5tsnack. Varmt tack Gun f\u00f6r en trevlig kv\u00e4ll!<a href=\"http:\/\/media.husbilenfrida.se\/2018\/06\/3-DSC03600.jpg\"><img loading=\"lazy\" decoding=\"async\" class=\"alignnone wp-image-1472\" src=\"http:\/\/media.husbilenfrida.se\/2018\/06\/3-DSC03600-300x200.jpg\" alt=\"\" width=\"600\" height=\"400\" srcset=\"https:\/\/media.husbilenfrida.se\/2018\/06\/3-DSC03600-300x200.jpg 300w, https:\/\/media.husbilenfrida.se\/2018\/06\/3-DSC03600-768x512.jpg 768w, https:\/\/media.husbilenfrida.se\/2018\/06\/3-DSC03600-1024x683.jpg 1024w, https:\/\/media.husbilenfrida.se\/2018\/06\/3-DSC03600-1200x800.jpg 1200w, https:\/\/media.husbilenfrida.se\/2018\/06\/3-DSC03600.jpg 2000w\" sizes=\"auto, (max-width: 709px) 85vw, (max-width: 909px) 67vw, (max-width: 984px) 61vw, (max-width: 1362px) 45vw, 600px\" \/><\/a><\/p>\n","protected":false},"excerpt":{"rendered":"<p>En svala g\u00f6r ingen sommar, men tv\u00e5 d\u00e5\u2026 \u2026alla Grisslehamns 6 st\u00e4llplatser var upptagna som vanligt. Men vi st\u00e4llde oss med Frida p\u00e5 Ecker\u00f6s parkering och turade med b\u00e5ten p\u00e5 fredagen den 8\/6&#8230; Albert Engstr\u00f6ms skrivarstuga \u00e4r ett v\u00e4lk\u00e4nt sj\u00f6m\u00e4rke\u00a0 vid in- och utpasseringen med b\u00e5t vid Grisslehamn. Natten till den 9\/6 fricampade vi hos, &hellip; <a href=\"https:\/\/husbilenfrida.se\/?p=1460\" class=\"more-link\">Forts\u00e4tt l\u00e4sa<span class=\"screen-reader-text\"> \u201d180607-08 Mellansundet \u2013 Grisslehamn\u201d<\/span><\/a><\/p>\n","protected":false},"author":1,"featured_media":0,"comment_status":"open","ping_status":"closed","sticky":false,"template":"","format":"standard","meta":{"footnotes":""},"categories":[1],"tags":[],"class_list":["post-1460","post","type-post","status-publish","format-standard","hentry","category-uncategorized"],"_links":{"self":[{"href":"https:\/\/husbilenfrida.se\/index.php?rest_route=\/wp\/v2\/posts\/1460","targetHints":{"allow":["GET"]}}],"collection":[{"href":"https:\/\/husbilenfrida.se\/index.php?rest_route=\/wp\/v2\/posts"}],"about":[{"href":"https:\/\/husbilenfrida.se\/index.php?rest_route=\/wp\/v2\/types\/post"}],"author":[{"embeddable":true,"href":"https:\/\/husbilenfrida.se\/index.php?rest_route=\/wp\/v2\/users\/1"}],"replies":[{"embeddable":true,"href":"https:\/\/husbilenfrida.se\/index.php?rest_route=%2Fwp%2Fv2%2Fcomments&post=1460"}],"version-history":[{"count":7,"href":"https:\/\/husbilenfrida.se\/index.php?rest_route=\/wp\/v2\/posts\/1460\/revisions"}],"predecessor-version":[{"id":1519,"href":"https:\/\/husbilenfrida.se\/index.php?rest_route=\/wp\/v2\/posts\/1460\/revisions\/1519"}],"wp:attachment":[{"href":"https:\/\/husbilenfrida.se\/index.php?rest_route=%2Fwp%2Fv2%2Fmedia&parent=1460"}],"wp:term":[{"taxonomy":"category","embeddable":true,"href":"https:\/\/husbilenfrida.se\/index.php?rest_route=%2Fwp%2Fv2%2Fcategories&post=1460"},{"taxonomy":"post_tag","embeddable":true,"href":"https:\/\/husbilenfrida.se\/index.php?rest_route=%2Fwp%2Fv2%2Ftags&post=1460"}],"curies":[{"name":"wp","href":"https:\/\/api.w.org\/{rel}","templated":true}]}}