{"id":1225,"date":"2018-05-24T19:28:26","date_gmt":"2018-05-24T19:28:26","guid":{"rendered":"http:\/\/husbilenfrida.se\/?p=1225"},"modified":"2018-05-24T19:30:40","modified_gmt":"2018-05-24T19:30:40","slug":"180510-fagerasen-bjorko-dethleffsklubbens-arsmote","status":"publish","type":"post","link":"https:\/\/husbilenfrida.se\/?p=1225","title":{"rendered":"180510 Fager\u00e5sen &#8211; Bj\u00f6rk\u00f6 Dethleffsklubbens \u00e5rsm\u00f6te dag 1."},"content":{"rendered":"<p><a href=\"http:\/\/media.husbilenfrida.se\/2018\/05\/Bjo\u0308rko\u0308.png\"><img loading=\"lazy\" decoding=\"async\" class=\"alignnone wp-image-1226\" src=\"http:\/\/media.husbilenfrida.se\/2018\/05\/Bjo\u0308rko\u0308-300x140.png\" alt=\"\" width=\"600\" height=\"280\" srcset=\"https:\/\/media.husbilenfrida.se\/2018\/05\/Bjo\u0308rko\u0308-300x140.png 300w, https:\/\/media.husbilenfrida.se\/2018\/05\/Bjo\u0308rko\u0308-768x358.png 768w, https:\/\/media.husbilenfrida.se\/2018\/05\/Bjo\u0308rko\u0308-1024x477.png 1024w, https:\/\/media.husbilenfrida.se\/2018\/05\/Bjo\u0308rko\u0308-1200x559.png 1200w, https:\/\/media.husbilenfrida.se\/2018\/05\/Bjo\u0308rko\u0308.png 1416w\" sizes=\"auto, (max-width: 709px) 85vw, (max-width: 909px) 67vw, (max-width: 984px) 61vw, (max-width: 1362px) 45vw, 600px\" \/><\/a><\/p>\n<p>Vi anl\u00e4nde lagom f\u00f6r att delta i Dethleffs-klubbens l\u00e5ngbord, nytt rekord 45 meter l\u00e5ngt \ud83d\ude42<\/p>\n<p><a href=\"http:\/\/media.husbilenfrida.se\/2018\/05\/1-La\u030angbord-DSC03362.jpg\"><img loading=\"lazy\" decoding=\"async\" class=\"alignnone wp-image-1227\" src=\"http:\/\/media.husbilenfrida.se\/2018\/05\/1-La\u030angbord-DSC03362-300x200.jpg\" alt=\"\" width=\"600\" height=\"400\" srcset=\"https:\/\/media.husbilenfrida.se\/2018\/05\/1-La\u030angbord-DSC03362-300x200.jpg 300w, https:\/\/media.husbilenfrida.se\/2018\/05\/1-La\u030angbord-DSC03362-768x512.jpg 768w, https:\/\/media.husbilenfrida.se\/2018\/05\/1-La\u030angbord-DSC03362-1024x682.jpg 1024w, https:\/\/media.husbilenfrida.se\/2018\/05\/1-La\u030angbord-DSC03362-1200x800.jpg 1200w, https:\/\/media.husbilenfrida.se\/2018\/05\/1-La\u030angbord-DSC03362.jpg 2000w\" sizes=\"auto, (max-width: 709px) 85vw, (max-width: 909px) 67vw, (max-width: 984px) 61vw, (max-width: 1362px) 45vw, 600px\" \/><\/a><\/p>\n","protected":false},"excerpt":{"rendered":"<p>Vi anl\u00e4nde lagom f\u00f6r att delta i Dethleffs-klubbens l\u00e5ngbord, nytt rekord 45 meter l\u00e5ngt \ud83d\ude42<\/p>\n","protected":false},"author":1,"featured_media":0,"comment_status":"open","ping_status":"closed","sticky":false,"template":"","format":"standard","meta":{"footnotes":""},"categories":[1],"tags":[],"class_list":["post-1225","post","type-post","status-publish","format-standard","hentry","category-uncategorized"],"_links":{"self":[{"href":"https:\/\/husbilenfrida.se\/index.php?rest_route=\/wp\/v2\/posts\/1225","targetHints":{"allow":["GET"]}}],"collection":[{"href":"https:\/\/husbilenfrida.se\/index.php?rest_route=\/wp\/v2\/posts"}],"about":[{"href":"https:\/\/husbilenfrida.se\/index.php?rest_route=\/wp\/v2\/types\/post"}],"author":[{"embeddable":true,"href":"https:\/\/husbilenfrida.se\/index.php?rest_route=\/wp\/v2\/users\/1"}],"replies":[{"embeddable":true,"href":"https:\/\/husbilenfrida.se\/index.php?rest_route=%2Fwp%2Fv2%2Fcomments&post=1225"}],"version-history":[{"count":2,"href":"https:\/\/husbilenfrida.se\/index.php?rest_route=\/wp\/v2\/posts\/1225\/revisions"}],"predecessor-version":[{"id":1229,"href":"https:\/\/husbilenfrida.se\/index.php?rest_route=\/wp\/v2\/posts\/1225\/revisions\/1229"}],"wp:attachment":[{"href":"https:\/\/husbilenfrida.se\/index.php?rest_route=%2Fwp%2Fv2%2Fmedia&parent=1225"}],"wp:term":[{"taxonomy":"category","embeddable":true,"href":"https:\/\/husbilenfrida.se\/index.php?rest_route=%2Fwp%2Fv2%2Fcategories&post=1225"},{"taxonomy":"post_tag","embeddable":true,"href":"https:\/\/husbilenfrida.se\/index.php?rest_route=%2Fwp%2Fv2%2Ftags&post=1225"}],"curies":[{"name":"wp","href":"https:\/\/api.w.org\/{rel}","templated":true}]}}