{"id":12229,"date":"2023-03-18T08:28:17","date_gmt":"2023-03-18T08:28:17","guid":{"rendered":"http:\/\/husbilenfrida.se\/?p=12229"},"modified":"2023-03-18T09:44:00","modified_gmt":"2023-03-18T09:44:00","slug":"230317-18-med-husbilen-frida-i-vadstena","status":"publish","type":"post","link":"https:\/\/husbilenfrida.se\/?p=12229","title":{"rendered":"230317 &#8211; 18 Med husbilen &#8221;Frida&#8221; i Vadstena&#8230;"},"content":{"rendered":"\n<p>&#8230;Vadstena \u00e4r inte bara slottet!<\/p>\n\n\n\n<figure class=\"wp-block-image size-full is-resized\"><a href=\"http:\/\/media.husbilenfrida.se\/2023\/03\/1-Slott-IMG_5407.jpg\"><img decoding=\"async\" src=\"http:\/\/media.husbilenfrida.se\/2023\/03\/1-Slott-IMG_5407.jpg\" alt=\"\" class=\"wp-image-12231\" width=\"600\" srcset=\"https:\/\/media.husbilenfrida.se\/2023\/03\/1-Slott-IMG_5407.jpg 1024w, https:\/\/media.husbilenfrida.se\/2023\/03\/1-Slott-IMG_5407-300x217.jpg 300w, https:\/\/media.husbilenfrida.se\/2023\/03\/1-Slott-IMG_5407-768x555.jpg 768w\" sizes=\"(max-width: 709px) 85vw, (max-width: 909px) 67vw, (max-width: 1362px) 62vw, 840px\" \/><\/a><\/figure>\n\n\n<div class=\"wp-block-image\">\n<figure class=\"aligncenter size-large is-resized\"><a href=\"http:\/\/media.husbilenfrida.se\/2023\/03\/2-Slottet-IMG_5405.jpg\"><img decoding=\"async\" src=\"http:\/\/media.husbilenfrida.se\/2023\/03\/2-Slottet-IMG_5405-958x1024.jpg\" alt=\"\" class=\"wp-image-12233\" width=\"500\" srcset=\"https:\/\/media.husbilenfrida.se\/2023\/03\/2-Slottet-IMG_5405-958x1024.jpg 958w, https:\/\/media.husbilenfrida.se\/2023\/03\/2-Slottet-IMG_5405-281x300.jpg 281w, https:\/\/media.husbilenfrida.se\/2023\/03\/2-Slottet-IMG_5405-768x821.jpg 768w, https:\/\/media.husbilenfrida.se\/2023\/03\/2-Slottet-IMG_5405.jpg 1024w\" sizes=\"(max-width: 709px) 85vw, (max-width: 909px) 67vw, (max-width: 1362px) 62vw, 840px\" \/><\/a><\/figure>\n<\/div>\n\n<div class=\"wp-block-image\">\n<figure class=\"aligncenter size-large is-resized\"><a href=\"http:\/\/media.husbilenfrida.se\/2023\/03\/IMG_5404.jpg\"><img decoding=\"async\" src=\"http:\/\/media.husbilenfrida.se\/2023\/03\/IMG_5404-768x1024.jpg\" alt=\"\" class=\"wp-image-12235\" width=\"500\" srcset=\"https:\/\/media.husbilenfrida.se\/2023\/03\/IMG_5404-768x1024.jpg 768w, https:\/\/media.husbilenfrida.se\/2023\/03\/IMG_5404-225x300.jpg 225w, https:\/\/media.husbilenfrida.se\/2023\/03\/IMG_5404.jpg 1024w\" sizes=\"(max-width: 709px) 85vw, (max-width: 909px) 67vw, (max-width: 984px) 61vw, (max-width: 1362px) 45vw, 600px\" \/><\/a><\/figure>\n<\/div>\n\n\n<p>&#8230;p\u00e5 morgonen den 17:e visade sig en Havs\u00f6rn sig&#8230;<\/p>\n\n\n\n<figure class=\"wp-block-image size-full is-resized\"><a href=\"http:\/\/media.husbilenfrida.se\/2023\/03\/2-O\u0308rn-DSC01428.jpg\"><img decoding=\"async\" src=\"http:\/\/media.husbilenfrida.se\/2023\/03\/2-O\u0308rn-DSC01428.jpg\" alt=\"\" class=\"wp-image-12237\" width=\"600\" srcset=\"https:\/\/media.husbilenfrida.se\/2023\/03\/2-O\u0308rn-DSC01428.jpg 1024w, https:\/\/media.husbilenfrida.se\/2023\/03\/2-O\u0308rn-DSC01428-300x200.jpg 300w, https:\/\/media.husbilenfrida.se\/2023\/03\/2-O\u0308rn-DSC01428-768x512.jpg 768w\" sizes=\"(max-width: 709px) 85vw, (max-width: 909px) 67vw, (max-width: 1362px) 62vw, 840px\" \/><\/a><\/figure>\n\n\n\n<p>\u00d6rnen fick s\u00e4llskap av en kr\u00e5ka&#8230;<\/p>\n\n\n<div class=\"wp-block-image\">\n<figure class=\"aligncenter size-large is-resized\"><a href=\"http:\/\/media.husbilenfrida.se\/2023\/03\/3-O\u0308rn-kra\u030aka-DSC01320.jpg\"><img decoding=\"async\" src=\"http:\/\/media.husbilenfrida.se\/2023\/03\/3-O\u0308rn-kra\u030aka-DSC01320-785x1024.jpg\" alt=\"\" class=\"wp-image-12239\" width=\"500\" srcset=\"https:\/\/media.husbilenfrida.se\/2023\/03\/3-O\u0308rn-kra\u030aka-DSC01320-785x1024.jpg 785w, https:\/\/media.husbilenfrida.se\/2023\/03\/3-O\u0308rn-kra\u030aka-DSC01320-230x300.jpg 230w, https:\/\/media.husbilenfrida.se\/2023\/03\/3-O\u0308rn-kra\u030aka-DSC01320-768x1001.jpg 768w, https:\/\/media.husbilenfrida.se\/2023\/03\/3-O\u0308rn-kra\u030aka-DSC01320.jpg 1024w\" sizes=\"(max-width: 709px) 85vw, (max-width: 909px) 67vw, (max-width: 984px) 61vw, (max-width: 1362px) 45vw, 600px\" \/><\/a><\/figure>\n<\/div>\n\n\n<figure class=\"wp-block-image size-full is-resized\"><a href=\"http:\/\/media.husbilenfrida.se\/2023\/03\/1-O\u0308rn-DSC01432.jpg\"><img decoding=\"async\" src=\"http:\/\/media.husbilenfrida.se\/2023\/03\/1-O\u0308rn-DSC01432.jpg\" alt=\"\" class=\"wp-image-12240\" width=\"600\" srcset=\"https:\/\/media.husbilenfrida.se\/2023\/03\/1-O\u0308rn-DSC01432.jpg 1024w, https:\/\/media.husbilenfrida.se\/2023\/03\/1-O\u0308rn-DSC01432-300x200.jpg 300w, https:\/\/media.husbilenfrida.se\/2023\/03\/1-O\u0308rn-DSC01432-768x512.jpg 768w\" sizes=\"(max-width: 709px) 85vw, (max-width: 909px) 67vw, (max-width: 1362px) 62vw, 840px\" \/><\/a><\/figure>\n\n\n\n<p>Det var v\u00e4ldigt gott om Soth\u00f6ns!<\/p>\n\n\n\n<figure class=\"wp-block-image size-full is-resized\"><a href=\"http:\/\/media.husbilenfrida.se\/2023\/03\/1-Sotho\u0308ns-DSC01409.jpg\"><img decoding=\"async\" src=\"http:\/\/media.husbilenfrida.se\/2023\/03\/1-Sotho\u0308ns-DSC01409.jpg\" alt=\"\" class=\"wp-image-12242\" width=\"600\" srcset=\"https:\/\/media.husbilenfrida.se\/2023\/03\/1-Sotho\u0308ns-DSC01409.jpg 1024w, https:\/\/media.husbilenfrida.se\/2023\/03\/1-Sotho\u0308ns-DSC01409-300x181.jpg 300w, https:\/\/media.husbilenfrida.se\/2023\/03\/1-Sotho\u0308ns-DSC01409-768x464.jpg 768w\" sizes=\"(max-width: 709px) 85vw, (max-width: 909px) 67vw, (max-width: 1362px) 62vw, 840px\" \/><\/a><\/figure>\n\n\n\n<p>Fin Duva stod p\u00e5 bryggan!<\/p>\n\n\n\n<figure class=\"wp-block-image size-full is-resized\"><a href=\"http:\/\/media.husbilenfrida.se\/2023\/03\/1-Duva-DSC01453.jpg\"><img loading=\"lazy\" decoding=\"async\" src=\"http:\/\/media.husbilenfrida.se\/2023\/03\/1-Duva-DSC01453.jpg\" alt=\"\" class=\"wp-image-12244\" width=\"600\" height=\"411\"\/><\/a><\/figure>\n\n\n\n<p>Promenad vid i fina Vadstena&#8230;<\/p>\n\n\n\n<figure class=\"wp-block-image size-full is-resized\"><a href=\"http:\/\/media.husbilenfrida.se\/2023\/03\/Vadstena-vy-DSC01454.jpg\"><img decoding=\"async\" src=\"http:\/\/media.husbilenfrida.se\/2023\/03\/Vadstena-vy-DSC01454.jpg\" alt=\"\" class=\"wp-image-12247\" width=\"600\" srcset=\"https:\/\/media.husbilenfrida.se\/2023\/03\/Vadstena-vy-DSC01454.jpg 1024w, https:\/\/media.husbilenfrida.se\/2023\/03\/Vadstena-vy-DSC01454-300x219.jpg 300w, https:\/\/media.husbilenfrida.se\/2023\/03\/Vadstena-vy-DSC01454-768x560.jpg 768w\" sizes=\"(max-width: 709px) 85vw, (max-width: 909px) 67vw, (max-width: 1362px) 62vw, 840px\" \/><\/a><\/figure>\n\n\n<div class=\"wp-block-image\">\n<figure class=\"aligncenter size-full is-resized\"><a href=\"http:\/\/media.husbilenfrida.se\/2023\/03\/Staty-Vadstena-DSC01463.jpg\"><img decoding=\"async\" src=\"http:\/\/media.husbilenfrida.se\/2023\/03\/Staty-Vadstena-DSC01463.jpg\" alt=\"\" class=\"wp-image-12249\" width=\"500\" srcset=\"https:\/\/media.husbilenfrida.se\/2023\/03\/Staty-Vadstena-DSC01463.jpg 1024w, https:\/\/media.husbilenfrida.se\/2023\/03\/Staty-Vadstena-DSC01463-300x286.jpg 300w, https:\/\/media.husbilenfrida.se\/2023\/03\/Staty-Vadstena-DSC01463-768x733.jpg 768w\" sizes=\"(max-width: 709px) 85vw, (max-width: 909px) 67vw, (max-width: 1362px) 62vw, 840px\" \/><\/a><\/figure>\n<\/div>\n\n\n<figure class=\"wp-block-image size-full is-resized\"><a href=\"http:\/\/media.husbilenfrida.se\/2023\/03\/Staty-Vadstena-DSC01459.jpg\"><img decoding=\"async\" src=\"http:\/\/media.husbilenfrida.se\/2023\/03\/Staty-Vadstena-DSC01459.jpg\" alt=\"\" class=\"wp-image-12251\" width=\"600\" srcset=\"https:\/\/media.husbilenfrida.se\/2023\/03\/Staty-Vadstena-DSC01459.jpg 1024w, https:\/\/media.husbilenfrida.se\/2023\/03\/Staty-Vadstena-DSC01459-300x248.jpg 300w, https:\/\/media.husbilenfrida.se\/2023\/03\/Staty-Vadstena-DSC01459-768x635.jpg 768w\" sizes=\"(max-width: 709px) 85vw, (max-width: 909px) 67vw, (max-width: 1362px) 62vw, 840px\" \/><\/a><\/figure>\n\n\n\n<p>Den h\u00e4r statyn heter Familjelycka, Mor &amp; barn&#8230;av Ester Ap\u00e9ra-Lemon<\/p>\n\n\n\n<figure class=\"wp-block-image size-full is-resized\"><a href=\"http:\/\/media.husbilenfrida.se\/2023\/03\/Staty-Vadstena-DSC01464.jpg\"><img decoding=\"async\" src=\"http:\/\/media.husbilenfrida.se\/2023\/03\/Staty-Vadstena-DSC01464.jpg\" alt=\"\" class=\"wp-image-12253\" width=\"600\" srcset=\"https:\/\/media.husbilenfrida.se\/2023\/03\/Staty-Vadstena-DSC01464.jpg 1024w, https:\/\/media.husbilenfrida.se\/2023\/03\/Staty-Vadstena-DSC01464-300x270.jpg 300w, https:\/\/media.husbilenfrida.se\/2023\/03\/Staty-Vadstena-DSC01464-768x691.jpg 768w\" sizes=\"(max-width: 709px) 85vw, (max-width: 909px) 67vw, (max-width: 1362px) 62vw, 840px\" \/><\/a><\/figure>\n\n\n\n<figure class=\"wp-block-image size-full is-resized\"><a href=\"http:\/\/media.husbilenfrida.se\/2023\/03\/Kloster-vy-DSC01467.jpg\"><img decoding=\"async\" src=\"http:\/\/media.husbilenfrida.se\/2023\/03\/Kloster-vy-DSC01467.jpg\" alt=\"\" class=\"wp-image-12255\" width=\"600\" srcset=\"https:\/\/media.husbilenfrida.se\/2023\/03\/Kloster-vy-DSC01467.jpg 1024w, https:\/\/media.husbilenfrida.se\/2023\/03\/Kloster-vy-DSC01467-300x200.jpg 300w, https:\/\/media.husbilenfrida.se\/2023\/03\/Kloster-vy-DSC01467-768x512.jpg 768w\" sizes=\"(max-width: 709px) 85vw, (max-width: 909px) 67vw, (max-width: 1362px) 62vw, 840px\" \/><\/a><\/figure>\n","protected":false},"excerpt":{"rendered":"<p>&#8230;Vadstena \u00e4r inte bara slottet! &#8230;p\u00e5 morgonen den 17:e visade sig en Havs\u00f6rn sig&#8230; \u00d6rnen fick s\u00e4llskap av en kr\u00e5ka&#8230; Det var v\u00e4ldigt gott om Soth\u00f6ns! Fin Duva stod p\u00e5 bryggan! Promenad vid i fina Vadstena&#8230; Den h\u00e4r statyn heter Familjelycka, Mor &amp; barn&#8230;av Ester Ap\u00e9ra-Lemon<\/p>\n","protected":false},"author":1,"featured_media":0,"comment_status":"open","ping_status":"closed","sticky":false,"template":"","format":"standard","meta":{"footnotes":""},"categories":[1],"tags":[],"class_list":["post-12229","post","type-post","status-publish","format-standard","hentry","category-uncategorized"],"_links":{"self":[{"href":"https:\/\/husbilenfrida.se\/index.php?rest_route=\/wp\/v2\/posts\/12229","targetHints":{"allow":["GET"]}}],"collection":[{"href":"https:\/\/husbilenfrida.se\/index.php?rest_route=\/wp\/v2\/posts"}],"about":[{"href":"https:\/\/husbilenfrida.se\/index.php?rest_route=\/wp\/v2\/types\/post"}],"author":[{"embeddable":true,"href":"https:\/\/husbilenfrida.se\/index.php?rest_route=\/wp\/v2\/users\/1"}],"replies":[{"embeddable":true,"href":"https:\/\/husbilenfrida.se\/index.php?rest_route=%2Fwp%2Fv2%2Fcomments&post=12229"}],"version-history":[{"count":15,"href":"https:\/\/husbilenfrida.se\/index.php?rest_route=\/wp\/v2\/posts\/12229\/revisions"}],"predecessor-version":[{"id":12258,"href":"https:\/\/husbilenfrida.se\/index.php?rest_route=\/wp\/v2\/posts\/12229\/revisions\/12258"}],"wp:attachment":[{"href":"https:\/\/husbilenfrida.se\/index.php?rest_route=%2Fwp%2Fv2%2Fmedia&parent=12229"}],"wp:term":[{"taxonomy":"category","embeddable":true,"href":"https:\/\/husbilenfrida.se\/index.php?rest_route=%2Fwp%2Fv2%2Fcategories&post=12229"},{"taxonomy":"post_tag","embeddable":true,"href":"https:\/\/husbilenfrida.se\/index.php?rest_route=%2Fwp%2Fv2%2Ftags&post=12229"}],"curies":[{"name":"wp","href":"https:\/\/api.w.org\/{rel}","templated":true}]}}