{"id":11764,"date":"2022-11-05T15:42:16","date_gmt":"2022-11-05T15:42:16","guid":{"rendered":"http:\/\/husbilenfrida.se\/?p=11764"},"modified":"2022-11-06T21:05:10","modified_gmt":"2022-11-06T21:05:10","slug":"221022-gellerasens-arena","status":"publish","type":"post","link":"https:\/\/husbilenfrida.se\/?p=11764","title":{"rendered":"221022 Geller\u00e5sens arena&#8230;"},"content":{"rendered":"\n<p>Under l\u00f6rdagen (den 22 oktober) var vi vid Geller\u00e5sen Arena och tittade p\u00e5 Tedh Bj\u00f6rks \u00e5rliga \u201dR\u00f6varrace\u201d. En fartfylld tillst\u00e4llning med 46 startande ekipage. Under 4 sp\u00e4nnande timmar turades ett team p\u00e5 3 &#8211; 5 f\u00f6rare om att k\u00f6ra i respektive bil. Det var 14 obligatoriska dep\u00e5stopp f\u00f6r tankning, f\u00f6rarbyte och ev. service under racet. De tre b\u00e4st placerade ekipagen ser man p\u00e5 bild 3 &#8211; 5.<\/p>\n\n\n\n<figure class=\"wp-block-image size-full is-resized\"><a href=\"http:\/\/media.husbilenfrida.se\/2022\/11\/0-Frida-DSC00333.jpg\"><img decoding=\"async\" src=\"http:\/\/media.husbilenfrida.se\/2022\/11\/0-Frida-DSC00333.jpg\" alt=\"\" class=\"wp-image-11766\" width=\"600\" srcset=\"https:\/\/media.husbilenfrida.se\/2022\/11\/0-Frida-DSC00333.jpg 1024w, https:\/\/media.husbilenfrida.se\/2022\/11\/0-Frida-DSC00333-300x200.jpg 300w, https:\/\/media.husbilenfrida.se\/2022\/11\/0-Frida-DSC00333-768x512.jpg 768w\" sizes=\"(max-width: 709px) 85vw, (max-width: 909px) 67vw, (max-width: 1362px) 62vw, 840px\" \/><\/a><\/figure>\n\n\n\n<figure class=\"wp-block-image size-full is-resized\"><a href=\"http:\/\/media.husbilenfrida.se\/2022\/11\/1-Race-DSC06419.jpg\"><img decoding=\"async\" src=\"http:\/\/media.husbilenfrida.se\/2022\/11\/1-Race-DSC06419.jpg\" alt=\"\" class=\"wp-image-11768\" width=\"600\" srcset=\"https:\/\/media.husbilenfrida.se\/2022\/11\/1-Race-DSC06419.jpg 1024w, https:\/\/media.husbilenfrida.se\/2022\/11\/1-Race-DSC06419-300x185.jpg 300w, https:\/\/media.husbilenfrida.se\/2022\/11\/1-Race-DSC06419-768x473.jpg 768w\" sizes=\"(max-width: 709px) 85vw, (max-width: 909px) 67vw, (max-width: 1362px) 62vw, 840px\" \/><\/a><\/figure>\n\n\n\n<figure class=\"wp-block-image size-full is-resized\"><a href=\"http:\/\/media.husbilenfrida.se\/2022\/11\/1a-11_an-DSC06432.jpg\"><img decoding=\"async\" src=\"http:\/\/media.husbilenfrida.se\/2022\/11\/1a-11_an-DSC06432.jpg\" alt=\"\" class=\"wp-image-11770\" width=\"600\" srcset=\"https:\/\/media.husbilenfrida.se\/2022\/11\/1a-11_an-DSC06432.jpg 1024w, https:\/\/media.husbilenfrida.se\/2022\/11\/1a-11_an-DSC06432-300x178.jpg 300w, https:\/\/media.husbilenfrida.se\/2022\/11\/1a-11_an-DSC06432-768x457.jpg 768w\" sizes=\"(max-width: 709px) 85vw, (max-width: 909px) 67vw, (max-width: 1362px) 62vw, 840px\" \/><\/a><\/figure>\n\n\n\n<figure class=\"wp-block-image size-full is-resized\"><a href=\"http:\/\/media.husbilenfrida.se\/2022\/11\/1b-25_an-DSC06456.jpg\"><img decoding=\"async\" src=\"http:\/\/media.husbilenfrida.se\/2022\/11\/1b-25_an-DSC06456.jpg\" alt=\"\" class=\"wp-image-11772\" width=\"600\" srcset=\"https:\/\/media.husbilenfrida.se\/2022\/11\/1b-25_an-DSC06456.jpg 1024w, https:\/\/media.husbilenfrida.se\/2022\/11\/1b-25_an-DSC06456-300x200.jpg 300w, https:\/\/media.husbilenfrida.se\/2022\/11\/1b-25_an-DSC06456-768x512.jpg 768w\" sizes=\"(max-width: 709px) 85vw, (max-width: 909px) 67vw, (max-width: 1362px) 62vw, 840px\" \/><\/a><\/figure>\n\n\n\n<figure class=\"wp-block-image size-full is-resized\"><a href=\"http:\/\/media.husbilenfrida.se\/2022\/11\/1c-DSC06431-1.jpg\"><img decoding=\"async\" src=\"http:\/\/media.husbilenfrida.se\/2022\/11\/1c-DSC06431-1.jpg\" alt=\"\" class=\"wp-image-11795\" width=\"600\" srcset=\"https:\/\/media.husbilenfrida.se\/2022\/11\/1c-DSC06431-1.jpg 1024w, https:\/\/media.husbilenfrida.se\/2022\/11\/1c-DSC06431-1-300x200.jpg 300w, https:\/\/media.husbilenfrida.se\/2022\/11\/1c-DSC06431-1-768x512.jpg 768w\" sizes=\"(max-width: 709px) 85vw, (max-width: 909px) 67vw, (max-width: 1362px) 62vw, 840px\" \/><\/a><\/figure>\n\n\n\n<figure class=\"wp-block-image size-full is-resized\"><a href=\"http:\/\/media.husbilenfrida.se\/2022\/11\/2a-Depa\u030an-DSC00338.jpg\"><img decoding=\"async\" src=\"http:\/\/media.husbilenfrida.se\/2022\/11\/2a-Depa\u030an-DSC00338.jpg\" alt=\"\" class=\"wp-image-11775\" width=\"600\" srcset=\"https:\/\/media.husbilenfrida.se\/2022\/11\/2a-Depa\u030an-DSC00338.jpg 1024w, https:\/\/media.husbilenfrida.se\/2022\/11\/2a-Depa\u030an-DSC00338-300x202.jpg 300w, https:\/\/media.husbilenfrida.se\/2022\/11\/2a-Depa\u030an-DSC00338-768x518.jpg 768w\" sizes=\"(max-width: 709px) 85vw, (max-width: 909px) 67vw, (max-width: 1362px) 62vw, 840px\" \/><\/a><\/figure>\n\n\n<div class=\"wp-block-image\">\n<figure class=\"aligncenter size-large is-resized\"><a href=\"http:\/\/media.husbilenfrida.se\/2022\/11\/3a-Tedh-Bjo\u0308rk-DSC06404.jpg\"><img decoding=\"async\" src=\"http:\/\/media.husbilenfrida.se\/2022\/11\/3a-Tedh-Bjo\u0308rk-DSC06404-1015x1024.jpg\" alt=\"\" class=\"wp-image-11777\" width=\"500\" srcset=\"https:\/\/media.husbilenfrida.se\/2022\/11\/3a-Tedh-Bjo\u0308rk-DSC06404-1015x1024.jpg 1015w, https:\/\/media.husbilenfrida.se\/2022\/11\/3a-Tedh-Bjo\u0308rk-DSC06404-297x300.jpg 297w, https:\/\/media.husbilenfrida.se\/2022\/11\/3a-Tedh-Bjo\u0308rk-DSC06404-150x150.jpg 150w, https:\/\/media.husbilenfrida.se\/2022\/11\/3a-Tedh-Bjo\u0308rk-DSC06404-768x775.jpg 768w, https:\/\/media.husbilenfrida.se\/2022\/11\/3a-Tedh-Bjo\u0308rk-DSC06404.jpg 1024w\" sizes=\"(max-width: 709px) 85vw, (max-width: 909px) 67vw, (max-width: 1362px) 62vw, 840px\" \/><\/a><figcaption>Tedh Bj\u00f6rk, som kommer fr\u00e5n N\u00e4rke har sin hemmabas p\u00e5 Geller\u00e5sen d\u00e4r han startade sin karr\u00e4r. Han t\u00e4vlar numera f\u00f6r Lynk &amp; Co Cyan Racing i <a href=\"https:\/\/sv.wikipedia.org\/wiki\/TCR_International_Series\">WTCR<\/a>.<br>Tedh blev v\u00e4rldsm\u00e4stare i <a href=\"https:\/\/sv.wikipedia.org\/wiki\/World_Touring_Car_Championship\">World Touring Car Championship<\/a> <a href=\"https:\/\/sv.wikipedia.org\/w\/index.php?title=World_Touring_Car_Championship_2017&amp;action=edit&amp;redlink=1\">2017<\/a> med <a href=\"https:\/\/sv.wikipedia.org\/wiki\/Polestar_Racing\">Polestar Racing<\/a>.<\/figcaption><\/figure>\n<\/div>\n\n\n<figure class=\"wp-block-image size-full is-resized\"><a href=\"http:\/\/media.husbilenfrida.se\/2022\/11\/3-Tedh-ma\u030alflagga-DSC06479.jpg\"><img decoding=\"async\" src=\"http:\/\/media.husbilenfrida.se\/2022\/11\/3-Tedh-ma\u030alflagga-DSC06479.jpg\" alt=\"\" class=\"wp-image-11798\" width=\"600\" srcset=\"https:\/\/media.husbilenfrida.se\/2022\/11\/3-Tedh-ma\u030alflagga-DSC06479.jpg 1024w, https:\/\/media.husbilenfrida.se\/2022\/11\/3-Tedh-ma\u030alflagga-DSC06479-300x178.jpg 300w, https:\/\/media.husbilenfrida.se\/2022\/11\/3-Tedh-ma\u030alflagga-DSC06479-768x457.jpg 768w\" sizes=\"(max-width: 709px) 85vw, (max-width: 909px) 67vw, (max-width: 1362px) 62vw, 840px\" \/><\/a><\/figure>\n\n\n\n<p>Tedh vinkar av ekipagen vid m\u00e5lg\u00e5ngen.<\/p>\n\n\n\n<figure class=\"wp-block-image size-full is-resized\"><a href=\"http:\/\/media.husbilenfrida.se\/2022\/11\/2a-Depa\u030an-DSC00314.jpg\"><img decoding=\"async\" src=\"http:\/\/media.husbilenfrida.se\/2022\/11\/2a-Depa\u030an-DSC00314.jpg\" alt=\"\" class=\"wp-image-11781\" width=\"600\" srcset=\"https:\/\/media.husbilenfrida.se\/2022\/11\/2a-Depa\u030an-DSC00314.jpg 1024w, https:\/\/media.husbilenfrida.se\/2022\/11\/2a-Depa\u030an-DSC00314-300x200.jpg 300w, https:\/\/media.husbilenfrida.se\/2022\/11\/2a-Depa\u030an-DSC00314-768x512.jpg 768w\" sizes=\"(max-width: 709px) 85vw, (max-width: 909px) 67vw, (max-width: 1362px) 62vw, 840px\" \/><\/a><\/figure>\n\n\n\n<figure class=\"wp-block-image size-full is-resized\"><a href=\"http:\/\/media.husbilenfrida.se\/2022\/11\/5-Ba\u0308rgar-Mats-DSC06440.jpg\"><img decoding=\"async\" src=\"http:\/\/media.husbilenfrida.se\/2022\/11\/5-Ba\u0308rgar-Mats-DSC06440.jpg\" alt=\"\" class=\"wp-image-11782\" width=\"600\" srcset=\"https:\/\/media.husbilenfrida.se\/2022\/11\/5-Ba\u0308rgar-Mats-DSC06440.jpg 1024w, https:\/\/media.husbilenfrida.se\/2022\/11\/5-Ba\u0308rgar-Mats-DSC06440-300x204.jpg 300w, https:\/\/media.husbilenfrida.se\/2022\/11\/5-Ba\u0308rgar-Mats-DSC06440-768x523.jpg 768w\" sizes=\"(max-width: 709px) 85vw, (max-width: 909px) 67vw, (max-width: 1362px) 62vw, 840px\" \/><\/a><\/figure>\n\n\n\n<p>V\u00e5r kompis Mats, \u00e4ven kallad &#8221;B\u00e4rgarMats&#8221; k\u00f6rde lastmaskin och fick hj\u00e4lpa n\u00e5gra som hade en mindre lyckad dag p\u00e5 banan.<\/p>\n\n\n\n<figure class=\"wp-block-image size-full is-resized\"><a href=\"http:\/\/media.husbilenfrida.se\/2022\/11\/5-Mats-ba\u0308rgning-DSC00330.jpg\"><img decoding=\"async\" src=\"http:\/\/media.husbilenfrida.se\/2022\/11\/5-Mats-ba\u0308rgning-DSC00330.jpg\" alt=\"\" class=\"wp-image-11784\" width=\"600\" srcset=\"https:\/\/media.husbilenfrida.se\/2022\/11\/5-Mats-ba\u0308rgning-DSC00330.jpg 1024w, https:\/\/media.husbilenfrida.se\/2022\/11\/5-Mats-ba\u0308rgning-DSC00330-300x205.jpg 300w, https:\/\/media.husbilenfrida.se\/2022\/11\/5-Mats-ba\u0308rgning-DSC00330-768x524.jpg 768w\" sizes=\"(max-width: 709px) 85vw, (max-width: 909px) 67vw, (max-width: 1362px) 62vw, 840px\" \/><\/a><\/figure>\n\n\n\n<figure class=\"wp-block-image size-full is-resized\"><a href=\"http:\/\/media.husbilenfrida.se\/2022\/11\/2-1024-IMG_4507photo.jpg\"><img decoding=\"async\" src=\"http:\/\/media.husbilenfrida.se\/2022\/11\/2-1024-IMG_4507photo.jpg\" alt=\"\" class=\"wp-image-11786\" width=\"600\" srcset=\"https:\/\/media.husbilenfrida.se\/2022\/11\/2-1024-IMG_4507photo.jpg 1024w, https:\/\/media.husbilenfrida.se\/2022\/11\/2-1024-IMG_4507photo-300x211.jpg 300w, https:\/\/media.husbilenfrida.se\/2022\/11\/2-1024-IMG_4507photo-768x540.jpg 768w\" sizes=\"(max-width: 709px) 85vw, (max-width: 909px) 67vw, (max-width: 1362px) 62vw, 840px\" \/><\/a><\/figure>\n\n\n\n<figure class=\"wp-block-image size-full is-resized\"><a href=\"http:\/\/media.husbilenfrida.se\/2022\/11\/2-1024-IMG_4508photo.jpg\"><img decoding=\"async\" src=\"http:\/\/media.husbilenfrida.se\/2022\/11\/2-1024-IMG_4508photo.jpg\" alt=\"\" class=\"wp-image-11788\" width=\"600\" srcset=\"https:\/\/media.husbilenfrida.se\/2022\/11\/2-1024-IMG_4508photo.jpg 1024w, https:\/\/media.husbilenfrida.se\/2022\/11\/2-1024-IMG_4508photo-300x198.jpg 300w, https:\/\/media.husbilenfrida.se\/2022\/11\/2-1024-IMG_4508photo-768x506.jpg 768w\" sizes=\"(max-width: 709px) 85vw, (max-width: 909px) 67vw, (max-width: 1362px) 62vw, 840px\" \/><\/a><\/figure>\n\n\n\n<figure class=\"wp-block-image size-full is-resized\"><a href=\"http:\/\/media.husbilenfrida.se\/2022\/11\/2-1024-IMG_4509photo.jpg\"><img decoding=\"async\" src=\"http:\/\/media.husbilenfrida.se\/2022\/11\/2-1024-IMG_4509photo.jpg\" alt=\"\" class=\"wp-image-11790\" width=\"600\" srcset=\"https:\/\/media.husbilenfrida.se\/2022\/11\/2-1024-IMG_4509photo.jpg 1024w, https:\/\/media.husbilenfrida.se\/2022\/11\/2-1024-IMG_4509photo-300x262.jpg 300w, https:\/\/media.husbilenfrida.se\/2022\/11\/2-1024-IMG_4509photo-768x671.jpg 768w\" sizes=\"(max-width: 709px) 85vw, (max-width: 909px) 67vw, (max-width: 1362px) 62vw, 840px\" \/><\/a><\/figure>\n\n\n\n<p>Natten mot s\u00f6ndag tillbringade vi p\u00e5 Boforsuddens st\u00e4llplats och vaknade till en dimmig men fin morgon&#8230;<\/p>\n\n\n\n<figure class=\"wp-block-image size-full is-resized\"><a href=\"http:\/\/media.husbilenfrida.se\/2022\/11\/3-1024-IMG_4513photo.jpg\"><img decoding=\"async\" src=\"http:\/\/media.husbilenfrida.se\/2022\/11\/3-1024-IMG_4513photo.jpg\" alt=\"\" class=\"wp-image-11791\" width=\"600\" srcset=\"https:\/\/media.husbilenfrida.se\/2022\/11\/3-1024-IMG_4513photo.jpg 1024w, https:\/\/media.husbilenfrida.se\/2022\/11\/3-1024-IMG_4513photo-300x225.jpg 300w, https:\/\/media.husbilenfrida.se\/2022\/11\/3-1024-IMG_4513photo-768x576.jpg 768w\" sizes=\"(max-width: 709px) 85vw, (max-width: 909px) 67vw, (max-width: 1362px) 62vw, 840px\" \/><\/a><\/figure>\n\n\n\n<figure class=\"wp-block-image size-full is-resized\"><a href=\"http:\/\/media.husbilenfrida.se\/2022\/11\/3-1024-IMG_4515photo.png\"><img decoding=\"async\" src=\"http:\/\/media.husbilenfrida.se\/2022\/11\/3-1024-IMG_4515photo.png\" alt=\"\" class=\"wp-image-11793\" width=\"600\" srcset=\"https:\/\/media.husbilenfrida.se\/2022\/11\/3-1024-IMG_4515photo.png 1024w, https:\/\/media.husbilenfrida.se\/2022\/11\/3-1024-IMG_4515photo-300x204.png 300w, https:\/\/media.husbilenfrida.se\/2022\/11\/3-1024-IMG_4515photo-768x521.png 768w\" sizes=\"(max-width: 709px) 85vw, (max-width: 909px) 67vw, (max-width: 1362px) 62vw, 840px\" \/><\/a><\/figure>\n","protected":false},"excerpt":{"rendered":"<p>Under l\u00f6rdagen (den 22 oktober) var vi vid Geller\u00e5sen Arena och tittade p\u00e5 Tedh Bj\u00f6rks \u00e5rliga \u201dR\u00f6varrace\u201d. En fartfylld tillst\u00e4llning med 46 startande ekipage. Under 4 sp\u00e4nnande timmar turades ett team p\u00e5 3 &#8211; 5 f\u00f6rare om att k\u00f6ra i respektive bil. Det var 14 obligatoriska dep\u00e5stopp f\u00f6r tankning, f\u00f6rarbyte och ev. service under racet. &hellip; <a href=\"https:\/\/husbilenfrida.se\/?p=11764\" class=\"more-link\">Forts\u00e4tt l\u00e4sa<span class=\"screen-reader-text\"> \u201d221022 Geller\u00e5sens arena&#8230;\u201d<\/span><\/a><\/p>\n","protected":false},"author":1,"featured_media":0,"comment_status":"open","ping_status":"closed","sticky":false,"template":"","format":"standard","meta":{"footnotes":""},"categories":[1],"tags":[],"class_list":["post-11764","post","type-post","status-publish","format-standard","hentry","category-uncategorized"],"_links":{"self":[{"href":"https:\/\/husbilenfrida.se\/index.php?rest_route=\/wp\/v2\/posts\/11764","targetHints":{"allow":["GET"]}}],"collection":[{"href":"https:\/\/husbilenfrida.se\/index.php?rest_route=\/wp\/v2\/posts"}],"about":[{"href":"https:\/\/husbilenfrida.se\/index.php?rest_route=\/wp\/v2\/types\/post"}],"author":[{"embeddable":true,"href":"https:\/\/husbilenfrida.se\/index.php?rest_route=\/wp\/v2\/users\/1"}],"replies":[{"embeddable":true,"href":"https:\/\/husbilenfrida.se\/index.php?rest_route=%2Fwp%2Fv2%2Fcomments&post=11764"}],"version-history":[{"count":19,"href":"https:\/\/husbilenfrida.se\/index.php?rest_route=\/wp\/v2\/posts\/11764\/revisions"}],"predecessor-version":[{"id":11990,"href":"https:\/\/husbilenfrida.se\/index.php?rest_route=\/wp\/v2\/posts\/11764\/revisions\/11990"}],"wp:attachment":[{"href":"https:\/\/husbilenfrida.se\/index.php?rest_route=%2Fwp%2Fv2%2Fmedia&parent=11764"}],"wp:term":[{"taxonomy":"category","embeddable":true,"href":"https:\/\/husbilenfrida.se\/index.php?rest_route=%2Fwp%2Fv2%2Fcategories&post=11764"},{"taxonomy":"post_tag","embeddable":true,"href":"https:\/\/husbilenfrida.se\/index.php?rest_route=%2Fwp%2Fv2%2Ftags&post=11764"}],"curies":[{"name":"wp","href":"https:\/\/api.w.org\/{rel}","templated":true}]}}