{"id":10386,"date":"2022-03-22T19:38:25","date_gmt":"2022-03-22T19:38:25","guid":{"rendered":"https:\/\/husbilenfrida.se\/?p=10386"},"modified":"2022-03-22T19:41:14","modified_gmt":"2022-03-22T19:41:14","slug":"220315-mellansundet","status":"publish","type":"post","link":"https:\/\/husbilenfrida.se\/?p=10386","title":{"rendered":"220315  Mellansundet&#8230;"},"content":{"rendered":"\n<p>&#8230;en dag med tv\u00e4ttning och dammsugning av Frida&#8230;<br \/>&#8230;ren och fin i v\u00e4ntan p\u00e5 nya \u00e4ventyr&#8230;<\/p>\n\n\n\n<figure class=\"wp-block-image size-full is-resized\"><a href=\"https:\/\/media.husbilenfrida.se\/2022\/03\/1-Frida-IMG_0929.jpg\"><img decoding=\"async\" src=\"https:\/\/media.husbilenfrida.se\/2022\/03\/1-Frida-IMG_0929.jpg\" alt=\"\" class=\"wp-image-10389\" width=\"600\" srcset=\"https:\/\/media.husbilenfrida.se\/2022\/03\/1-Frida-IMG_0929.jpg 1024w, https:\/\/media.husbilenfrida.se\/2022\/03\/1-Frida-IMG_0929-300x225.jpg 300w, https:\/\/media.husbilenfrida.se\/2022\/03\/1-Frida-IMG_0929-768x576.jpg 768w\" sizes=\"(max-width: 709px) 85vw, (max-width: 909px) 67vw, (max-width: 1362px) 62vw, 840px\" \/><\/a><\/figure>\n\n\n\n<figure class=\"wp-block-image size-full is-resized\"><a href=\"https:\/\/media.husbilenfrida.se\/2022\/03\/1-Frida-IMG_0934.jpg\"><img decoding=\"async\" src=\"https:\/\/media.husbilenfrida.se\/2022\/03\/1-Frida-IMG_0934.jpg\" alt=\"\" class=\"wp-image-10391\" width=\"600\" srcset=\"https:\/\/media.husbilenfrida.se\/2022\/03\/1-Frida-IMG_0934.jpg 1024w, https:\/\/media.husbilenfrida.se\/2022\/03\/1-Frida-IMG_0934-300x208.jpg 300w, https:\/\/media.husbilenfrida.se\/2022\/03\/1-Frida-IMG_0934-768x533.jpg 768w\" sizes=\"(max-width: 709px) 85vw, (max-width: 909px) 67vw, (max-width: 1362px) 62vw, 840px\" \/><\/a><\/figure>\n\n\n\n<figure class=\"wp-block-image size-full is-resized\"><a href=\"https:\/\/media.husbilenfrida.se\/2022\/03\/1-Frida-IMG_0937.jpg\"><img decoding=\"async\" src=\"https:\/\/media.husbilenfrida.se\/2022\/03\/1-Frida-IMG_0937.jpg\" alt=\"\" class=\"wp-image-10393\" width=\"600\" srcset=\"https:\/\/media.husbilenfrida.se\/2022\/03\/1-Frida-IMG_0937.jpg 1024w, https:\/\/media.husbilenfrida.se\/2022\/03\/1-Frida-IMG_0937-300x225.jpg 300w, https:\/\/media.husbilenfrida.se\/2022\/03\/1-Frida-IMG_0937-768x576.jpg 768w\" sizes=\"(max-width: 709px) 85vw, (max-width: 909px) 67vw, (max-width: 1362px) 62vw, 840px\" \/><\/a><\/figure>\n","protected":false},"excerpt":{"rendered":"<p>&#8230;en dag med tv\u00e4ttning och dammsugning av Frida&#8230;&#8230;ren och fin i v\u00e4ntan p\u00e5 nya \u00e4ventyr&#8230;<\/p>\n","protected":false},"author":1,"featured_media":0,"comment_status":"open","ping_status":"closed","sticky":false,"template":"","format":"standard","meta":{"footnotes":""},"categories":[1],"tags":[],"class_list":["post-10386","post","type-post","status-publish","format-standard","hentry","category-uncategorized"],"_links":{"self":[{"href":"https:\/\/husbilenfrida.se\/index.php?rest_route=\/wp\/v2\/posts\/10386","targetHints":{"allow":["GET"]}}],"collection":[{"href":"https:\/\/husbilenfrida.se\/index.php?rest_route=\/wp\/v2\/posts"}],"about":[{"href":"https:\/\/husbilenfrida.se\/index.php?rest_route=\/wp\/v2\/types\/post"}],"author":[{"embeddable":true,"href":"https:\/\/husbilenfrida.se\/index.php?rest_route=\/wp\/v2\/users\/1"}],"replies":[{"embeddable":true,"href":"https:\/\/husbilenfrida.se\/index.php?rest_route=%2Fwp%2Fv2%2Fcomments&post=10386"}],"version-history":[{"count":5,"href":"https:\/\/husbilenfrida.se\/index.php?rest_route=\/wp\/v2\/posts\/10386\/revisions"}],"predecessor-version":[{"id":10394,"href":"https:\/\/husbilenfrida.se\/index.php?rest_route=\/wp\/v2\/posts\/10386\/revisions\/10394"}],"wp:attachment":[{"href":"https:\/\/husbilenfrida.se\/index.php?rest_route=%2Fwp%2Fv2%2Fmedia&parent=10386"}],"wp:term":[{"taxonomy":"category","embeddable":true,"href":"https:\/\/husbilenfrida.se\/index.php?rest_route=%2Fwp%2Fv2%2Fcategories&post=10386"},{"taxonomy":"post_tag","embeddable":true,"href":"https:\/\/husbilenfrida.se\/index.php?rest_route=%2Fwp%2Fv2%2Ftags&post=10386"}],"curies":[{"name":"wp","href":"https:\/\/api.w.org\/{rel}","templated":true}]}}